{"id":1102874,"date":"2025-04-02T11:54:07","date_gmt":"2025-04-02T09:54:07","guid":{"rendered":"https:\/\/europeannewsroom.com\/?p=1102874"},"modified":"2025-04-03T17:48:26","modified_gmt":"2025-04-03T15:48:26","slug":"deutscher-wirtschaftsminister-europa-muss-ellenbogen-ausfahren","status":"publish","type":"post","link":"https:\/\/europeannewsroom.com\/de\/deutscher-wirtschaftsminister-europa-muss-ellenbogen-ausfahren\/","title":{"rendered":"Deutscher Wirtschaftsminister: Europa muss Ellenbogen ausfahren"},"content":{"rendered":"\n<p class=\"wp-block-paragraph\">Hannover\u00a0(dpa)\u00a0&#8211;\u00a0Der gesch\u00e4ftsf\u00fchrende deutsche Bundeswirtschaftsminister <strong>Robert Habeck<\/strong>  forderte die EU im Konflikt um US-Z\u00f6lle auf, sich selbstbewusst zur Wehr zu setzen. Vorbild k\u00f6nne hier Kanada sein, das diesj\u00e4hrige Partnerland der Hannover Messe, die der Minister besuchte. An deren Messestand habe er geh\u00f6rt: \u00abWir machen jetzt Eishockey in der Politik, Ellenbogen hoch.\u00bb Das solle man sich als Motto merken, so Habeck. \u00abEllenbogen raus. Nicht rumschubsen lassen.\u00bb\u00a0<\/p>\n\n\n\n<p class=\"wp-block-paragraph\">Kanada sieht sich nach dem Amtsantritt von US-Pr\u00e4sident<strong> Donald Trump <\/strong>mit Z\u00f6llen seines bisher wichtigsten Handelspartners konfrontiert und sucht auf der Messe nun nach neuen Partnern. \u00abKanada und die Europ\u00e4ische Union passen gut zusammen &#8211; und in Zukunft vielleicht noch besser\u00bb, sagte Habeck. Beide st\u00fcnden jetzt vor denselben Herausforderungen und w\u00fcrden auch in gleicher Weise antworten. \u00abWas bedeutet, dass die Verr\u00fccktheit von Donald Trump mit eigener St\u00e4rke beantwortet wird.\u00bb\u00a0(1. April)<\/p>\n\n\n\n<h2 class=\"wp-block-heading\"><\/h2>\n","protected":false},"excerpt":{"rendered":"<p>Die USA setzen auf Z\u00f6lle, um die heimische Wirtschaft zu st\u00e4rken. Wirtschaftsminister Habeck h\u00e4lt dagegen. <\/p>\n","protected":false},"author":71,"featured_media":121644,"comment_status":"closed","ping_status":"closed","sticky":false,"template":"","format":"standard","meta":{"_acf_changed":false,"_et_pb_use_builder":"","_et_pb_old_content":"","_et_gb_content_width":"","footnotes":""},"categories":[45],"tags":[147,1897],"class_list":["post-1102874","post","type-post","status-publish","format-standard","has-post-thumbnail","hentry","category-europe-in-brief","tag-eu","tag-wirtschaft"],"acf":[],"_links":{"self":[{"href":"https:\/\/europeannewsroom.com\/de\/wp-json\/wp\/v2\/posts\/1102874","targetHints":{"allow":["GET"]}}],"collection":[{"href":"https:\/\/europeannewsroom.com\/de\/wp-json\/wp\/v2\/posts"}],"about":[{"href":"https:\/\/europeannewsroom.com\/de\/wp-json\/wp\/v2\/types\/post"}],"author":[{"embeddable":true,"href":"https:\/\/europeannewsroom.com\/de\/wp-json\/wp\/v2\/users\/71"}],"replies":[{"embeddable":true,"href":"https:\/\/europeannewsroom.com\/de\/wp-json\/wp\/v2\/comments?post=1102874"}],"version-history":[{"count":0,"href":"https:\/\/europeannewsroom.com\/de\/wp-json\/wp\/v2\/posts\/1102874\/revisions"}],"wp:featuredmedia":[{"embeddable":true,"href":"https:\/\/europeannewsroom.com\/de\/wp-json\/wp\/v2\/media\/121644"}],"wp:attachment":[{"href":"https:\/\/europeannewsroom.com\/de\/wp-json\/wp\/v2\/media?parent=1102874"}],"wp:term":[{"taxonomy":"category","embeddable":true,"href":"https:\/\/europeannewsroom.com\/de\/wp-json\/wp\/v2\/categories?post=1102874"},{"taxonomy":"post_tag","embeddable":true,"href":"https:\/\/europeannewsroom.com\/de\/wp-json\/wp\/v2\/tags?post=1102874"}],"curies":[{"name":"wp","href":"https:\/\/api.w.org\/{rel}","templated":true}]}}