{"id":1119768,"date":"2025-04-08T13:17:32","date_gmt":"2025-04-08T11:17:32","guid":{"rendered":"https:\/\/europeannewsroom.com\/?p=1119768"},"modified":"2025-04-08T13:17:41","modified_gmt":"2025-04-08T11:17:41","slug":"eu-verschenkt-ueber-35-000-zugtickets-an-18-jaehrige","status":"publish","type":"post","link":"https:\/\/europeannewsroom.com\/de\/eu-verschenkt-ueber-35-000-zugtickets-an-18-jaehrige\/","title":{"rendered":"EU verschenkt \u00fcber 35.000 Zugtickets an 18-J\u00e4hrige"},"content":{"rendered":"\n<h2 class=\"wp-block-heading\"><\/h2>\n\n\n\n<p class=\"wp-block-paragraph\">Br\u00fcssel &#8211; Mehr als 35.000 junge Europ\u00e4erinnen und Europ\u00e4er k\u00f6nnen wieder mit kostenlosen Zugtickets quer durch Europa reisen. Die Europ\u00e4ische Kommission hat am Mittwoch in Br\u00fcssel den Startschuss f\u00fcr die Fr\u00fchlings-Runde ihres DiscoverEU-Programms gegeben. Bis 16. April kann man sich wieder um einen Travel-Pass und eine DiscoverEU-Jugendkarte bewerben. Auch junge \u00d6sterreicherinnen und \u00d6sterreicher k\u00f6nnen damit bis zu 30 Tage lang die Kulturen aller L\u00e4nder Europas erkunden.<\/p>\n\n\n\n<p class=\"wp-block-paragraph\">Junge B\u00fcrgerinnen und B\u00fcrger der EU-Staaten sowie aus Island, Liechtenstein, Nordmazedonien, Norwegen, Serbien und der T\u00fcrkei k\u00f6nnen teilnehmen. Sie m\u00fcssen zwischen 1. Juli 2006 und 30. Juni 2007 geboren sein und Fragen aus einem Quiz beantworten. Auch Gruppenbewerbungen zusammen mit bis zu drei Befreundeten sind m\u00f6glich. Reisezeitraum ist zwischen 1. Juli 2025 und 30. September 2026. Teilnehmerinnen und Teilnehmer mit einer Behinderung oder gesundheitlichen Problemen k\u00f6nnen sich begleiten lassen.<\/p>\n\n\n\n<p class=\"wp-block-paragraph\">Jugendkarte mit zahlreichen Verg\u00fcnstigungen<\/p>\n\n\n\n<p class=\"wp-block-paragraph\">Die Teilnehmenden erhalten neben dem Travel-Pass auch die DiscoverEU-Jugendkarte mit Erm\u00e4\u00dfigungen f\u00fcr \u00f6ffentliche Verkehrsmittel, Hotels, Essen, sowie kulturelle, sportliche und andere Aktivit\u00e4ten in 36 europ\u00e4ischen L\u00e4ndern. Dar\u00fcber hinaus organisieren die nationalen Erasmus+ Agenturen Treffen vor, w\u00e4hrend und nach der Reise. In \u00d6sterreich ist die OeAD &#8211; Agentur f\u00fcr Bildung und Internationalisierung zust\u00e4ndig. Bei uns finden im Sommer 2025 zwei Meet-ups statt: Von 20. bis 22. Juni gibt es ein Treffen in Wien und von 22. bis 25. Juli eines in der Region Salzkammergut.<\/p>\n\n\n\n<p class=\"wp-block-paragraph\">Das Programm wurde 2018 von der EU-Kommission gestartet. Jedes Jahr finden zwei Ausschreibungen statt, eine im Fr\u00fchling und eine im Herbst. Im Herbst hatten sich mehr als 135.000 junge Menschen beworben, darunter 3.700 aus \u00d6sterreich. 35.762 P\u00e4sse wurden vergeben, 718 kamen hierzulande an. Die Bewerbung erfolgt online \u00fcber das Europ\u00e4ische Jugendportal https:\/\/youth.europa.eu\/discovereu_de, wo Interessierte alle Informationen zur Teilnahme sowie den genauen Ablauf finden.<\/p>\n\n\n\n<p class=\"wp-block-paragraph\">Europaministerin Plakolm begr\u00fc\u00dft Aktion<\/p>\n\n\n\n<p class=\"wp-block-paragraph\">&#8222;Heuer feiern wir 30 Jahre \u00d6sterreich in der EU und f\u00fcr Jugendliche gibt es auch im Jubil\u00e4umsjahr die Chance, 30 Tage kostenlos durch Europa zu reisen. Es gibt keine bessere M\u00f6glichkeit, um Europa zu erleben als mit dem Interrail-Ticket. Mit Projekten wie diesen ist Europa nicht nur ein Fleck auf der Landkarte, sondern wird Teil unserer Identit\u00e4t. Es ist eine tolle M\u00f6glichkeit, um andere Leute und Kulturen kennenzulernen und gleichzeitig Botschafter unserer \u00f6sterreichischen Kultur zu sein&#8220;, so \u00d6sterreichs Europaministerin Claudia Plakolm (\u00d6VP) in einer Aussendung.<\/p>\n\n\n\n<p class=\"wp-block-paragraph\">&#8222;Junge Menschen profitieren enorm von dieser Initiative, denn sie erweitern nicht nur ihren Horizont, sondern entwickeln sich auch pers\u00f6nlich weiter: Laut einer aktuellen Umfrage der Europ\u00e4ischen Kommission 2024 unter Reiser\u00fcckkehrenden aus allen L\u00e4ndern gaben zwei Drittel an, zum ersten Mal mit dem Zug ins Ausland gereist zu sein. F\u00fcr viele war es auch das erste Mal, dass sie ohne Eltern oder Begleitpersonen unterwegs waren und berichteten, dass sie sich dadurch unabh\u00e4ngiger f\u00fchlten&#8220;, erg\u00e4nzte OeAD-Gesch\u00e4ftsf\u00fchrer Jakob Calice.<\/p>\n\n\n\n<p class=\"wp-block-paragraph\">&#8222;So k\u00f6nnen 18-J\u00e4hrige den Kontinent erkunden, die Menschen, Kulturen und Traditionen in Europa kennenlernen, unvergessliche Erlebnisse sammeln, Freundschaften kn\u00fcpfen und nicht zuletzt ihre Sprachkenntnisse verbessern. Durch den begeisterten Austausch junger Menschen w\u00e4chst Europa zusammen. Sie gestalten unsere Zukunft und je besser sie andere europ\u00e4ische L\u00e4nder kennen, desto selbstverst\u00e4ndlicher findet diese Zukunft f\u00fcr sie in einem gemeinsamen Europa statt&#8220;, sagte Sophia Kircher, Verkehrs- und Jugendsprecherin der \u00d6VP im Europaparlament und stv. Vorsitzende des Verkehrsausschusses.<\/p>\n\n\n\n<p class=\"wp-block-paragraph\">Auch Andreas Schieder, SP\u00d6-EU-Delegationsleiter und Mitglied im Verkehrsausschuss, und SP\u00d6-Parlamentarier Hannes Heide, Mitglied im Kulturausschuss, rufen Jugendliche in \u00d6sterreich auf, die M\u00f6glichkeit von DiscoverEU zu nutzen: &#8222;DiscoverEU ist eine gro\u00dfartige Chance f\u00fcr junge Menschen in der EU, miteinander ins Gespr\u00e4ch zu kommen und voneinander zu lernen. Projekte wie diese machen die Europ\u00e4ische Union sp\u00fcrbar und st\u00e4rken den europ\u00e4ischen Zusammenhalt, sowie den kulturellen Austausch. Gleichzeitig ist es eine tolle M\u00f6glichkeit, Zugreisen als klimafreundliches Fortbewegungsmittel f\u00fcr junge Menschen in der EU attraktiv zu machen. Die Zukunft der europ\u00e4ischen Mobilit\u00e4t liegt auf der Schiene.&#8220; (02.04.2025)<\/p>\n","protected":false},"excerpt":{"rendered":"<p>Bis 16. April kann man sich wieder um einen Travel-Pass und eine DiscoverEU-Jugendkarte bewerben. <\/p>\n","protected":false},"author":91,"featured_media":478631,"comment_status":"closed","ping_status":"closed","sticky":false,"template":"","format":"standard","meta":{"_acf_changed":false,"_et_pb_use_builder":"","_et_pb_old_content":"","_et_gb_content_width":"","footnotes":""},"categories":[45],"tags":[147,19480,19478,19479],"class_list":["post-1119768","post","type-post","status-publish","format-standard","has-post-thumbnail","hentry","category-europe-in-brief","tag-eu","tag-train","tag-travel-2","tag-young"],"acf":[],"_links":{"self":[{"href":"https:\/\/europeannewsroom.com\/de\/wp-json\/wp\/v2\/posts\/1119768","targetHints":{"allow":["GET"]}}],"collection":[{"href":"https:\/\/europeannewsroom.com\/de\/wp-json\/wp\/v2\/posts"}],"about":[{"href":"https:\/\/europeannewsroom.com\/de\/wp-json\/wp\/v2\/types\/post"}],"author":[{"embeddable":true,"href":"https:\/\/europeannewsroom.com\/de\/wp-json\/wp\/v2\/users\/91"}],"replies":[{"embeddable":true,"href":"https:\/\/europeannewsroom.com\/de\/wp-json\/wp\/v2\/comments?post=1119768"}],"version-history":[{"count":0,"href":"https:\/\/europeannewsroom.com\/de\/wp-json\/wp\/v2\/posts\/1119768\/revisions"}],"wp:featuredmedia":[{"embeddable":true,"href":"https:\/\/europeannewsroom.com\/de\/wp-json\/wp\/v2\/media\/478631"}],"wp:attachment":[{"href":"https:\/\/europeannewsroom.com\/de\/wp-json\/wp\/v2\/media?parent=1119768"}],"wp:term":[{"taxonomy":"category","embeddable":true,"href":"https:\/\/europeannewsroom.com\/de\/wp-json\/wp\/v2\/categories?post=1119768"},{"taxonomy":"post_tag","embeddable":true,"href":"https:\/\/europeannewsroom.com\/de\/wp-json\/wp\/v2\/tags?post=1119768"}],"curies":[{"name":"wp","href":"https:\/\/api.w.org\/{rel}","templated":true}]}}