{"id":1294727,"date":"2025-05-30T11:01:29","date_gmt":"2025-05-30T09:01:29","guid":{"rendered":"https:\/\/europeannewsroom.com\/?p=1294727"},"modified":"2025-05-30T11:01:33","modified_gmt":"2025-05-30T09:01:33","slug":"von-der-leyen-unser-auftrag-ist-europaeische-unabhaengigkeit","status":"publish","type":"post","link":"https:\/\/europeannewsroom.com\/de\/von-der-leyen-unser-auftrag-ist-europaeische-unabhaengigkeit\/","title":{"rendered":"Von der Leyen: Unser Auftrag ist europ\u00e4ische Unabh\u00e4ngigkeit"},"content":{"rendered":"\n<p class=\"wp-block-paragraph\">Aachen &#8211; Bei ihrer Auszeichnung mit dem <strong>Internationalen Karlspreis<\/strong> hat EU-Kommissionspr\u00e4sidentin <strong>Ursula von der Leyen<\/strong> f\u00fcr Selbstbewusstsein und Unabh\u00e4ngigkeit Europas geworben. \u00abEin unabh\u00e4ngiges Europa &#8211; ich wei\u00df, dass diese Botschaft f\u00fcr viele unheimlich klingt. Aber hier geht es im Kern um unsere Freiheit\u00bb, sagte die deutsche Politikerin im Aachener Rathaus, nachdem ihr dort der Karlspreis verliehen wurde.<\/p>\n\n\n\n<p class=\"wp-block-paragraph\">Man d\u00fcrfe sich nicht dem Irrglauben hingeben, dass alles wieder so werde wie fr\u00fcher, warnte von der Leyen. \u00abSo wird es nicht kommen.\u00bb Die Welt sei erneut gepr\u00e4gt von imperialen M\u00e4chten und imperialen Kriegen. \u00abVon Gro\u00dfm\u00e4chten, die bereit sind, alle lauteren und unlauteren Mittel einzusetzen, um sich einen Vorteil zu verschaffen\u00bb, erl\u00e4uterte sie.<\/p>\n\n\n\n<h2 class=\"wp-block-heading\">\u00abNeue internationale Ordnung noch in dieser Dekade\u00bb<\/h2>\n\n\n\n<p class=\"wp-block-paragraph\">Europa sehe sich entschlossenen Demokratie-Feinden gegen\u00fcber: \u00abDaf\u00fcr gibt es kein eindr\u00fccklicheres Beispiel als Putins brutalen, skrupellosen Krieg gegen die Ukraine.\u00bb Deshalb werde die Notwendigkeit, in die europ\u00e4ische Sicherheit zu investieren, immer dringender. \u00abNoch in dieser Dekade wird sich eine neue internationale Ordnung heraussch\u00e4len\u00bb, sagte von der Leyen. Diese neue Ordnung m\u00fcsse von Europa gestaltet werden. \u00abUnser Auftrag hei\u00dft &#8211; europ\u00e4ische Unabh\u00e4ngigkeit.\u00bb Auf wirtschaftlichem Gebiet wolle die EU ihre Handelspartnerschaft mit den USA wieder auf eine festere Grundlage stellen.&nbsp;<\/p>\n\n\n\n<h2 class=\"wp-block-heading\">K\u00f6nig Felipe: Internationale Lage erfordert mehr Europa<\/h2>\n\n\n\n<p class=\"wp-block-paragraph\">Der spanische <strong>K\u00f6nig Felipe VI<\/strong>. erteilte Forderungen nach einer R\u00fcckabwicklung der Europ\u00e4ischen Union eine Absage. \u00abWir m\u00fcssen ihnen Paroli bieten: gef\u00e4hrlichen und fehlgeleiteten Stimmen, die argumentieren, dass die Europ\u00e4er freier, unabh\u00e4ngiger und souver\u00e4ner sind, wenn sie in getrennten nationalen politischen Gemeinschaften leben und globale Herausforderungen allein angehen.\u00bb Nichts aber k\u00f6nne weiter von der Wahrheit entfernt sein, sagte der Monarch in seiner Festrede. Eine R\u00fcckabwicklung der Europ\u00e4ischen Union w\u00fcrde dazu f\u00fchren, dass die Europ\u00e4er machtlos den Launen anderer ausgesetzt seien.&nbsp;<\/p>\n\n\n\n<h2 class=\"wp-block-heading\">Das Preisgeld soll ukrainischen Kindern helfen<\/h2>\n\n\n\n<p class=\"wp-block-paragraph\">Das in diesem Jahr erstmals mit dem Karlspreis vergebene Preisgeld von einer Million Euro soll nach dem Willen von der Leyens f\u00fcr Projekte zugunsten ukrainische Kinder verwendet werden. \u00dcber die Vergabe des Preisgeldes entscheiden die Preistr\u00e4ger und das Karlspreis-Direktorium gemeinsam. Das Geld hat ein Aachener Unternehmer-Ehepaar gestiftet.&nbsp;<\/p>\n\n\n\n<h2 class=\"wp-block-heading\">Jacques Delors war der letzte Kommissionschef, der den Preis bekam<\/h2>\n\n\n\n<p class=\"wp-block-paragraph\">Der Internationale Karlspreis zu Aachen gilt als wichtigste Auszeichnung f\u00fcr Verdienste um die europ\u00e4ische Einigung. Von der Leyen wird als \u00abstarke Stimme Europas in der Welt\u00bb vom Karlspreis-Direktorium geehrt. Der letzte Kommissionschef, der den Preis erhielt, war 1992 <strong>Jacques Delors<\/strong>, der als Vollender des europ\u00e4ischen Binnenmarkts und Wegbereiter des Euro gilt. (29. Mai)<\/p>\n","protected":false},"excerpt":{"rendered":"<p>Der Internationale Karlspreis ist die wichtigste Auszeichnung f\u00fcr Verdienste um die europ\u00e4ische Einigung. Die diesj\u00e4hrige Preistr\u00e4gerin, EU-Kommissionspr\u00e4sidentin Ursula von der Leyen, nutzte die B\u00fchne f\u00fcr einen Appell.<\/p>\n","protected":false},"author":161,"featured_media":1294819,"comment_status":"closed","ping_status":"closed","sticky":false,"template":"","format":"standard","meta":{"_acf_changed":false,"_et_pb_use_builder":"","_et_pb_old_content":"","_et_gb_content_width":"","footnotes":""},"categories":[45],"tags":[117,147,20186,1801],"class_list":["post-1294727","post","type-post","status-publish","format-standard","has-post-thumbnail","hentry","category-europe-in-brief","tag-deutschland","tag-eu","tag-internationaler-karlspreis","tag-ursula-von-der-leyen"],"acf":[],"_links":{"self":[{"href":"https:\/\/europeannewsroom.com\/de\/wp-json\/wp\/v2\/posts\/1294727","targetHints":{"allow":["GET"]}}],"collection":[{"href":"https:\/\/europeannewsroom.com\/de\/wp-json\/wp\/v2\/posts"}],"about":[{"href":"https:\/\/europeannewsroom.com\/de\/wp-json\/wp\/v2\/types\/post"}],"author":[{"embeddable":true,"href":"https:\/\/europeannewsroom.com\/de\/wp-json\/wp\/v2\/users\/161"}],"replies":[{"embeddable":true,"href":"https:\/\/europeannewsroom.com\/de\/wp-json\/wp\/v2\/comments?post=1294727"}],"version-history":[{"count":0,"href":"https:\/\/europeannewsroom.com\/de\/wp-json\/wp\/v2\/posts\/1294727\/revisions"}],"wp:featuredmedia":[{"embeddable":true,"href":"https:\/\/europeannewsroom.com\/de\/wp-json\/wp\/v2\/media\/1294819"}],"wp:attachment":[{"href":"https:\/\/europeannewsroom.com\/de\/wp-json\/wp\/v2\/media?parent=1294727"}],"wp:term":[{"taxonomy":"category","embeddable":true,"href":"https:\/\/europeannewsroom.com\/de\/wp-json\/wp\/v2\/categories?post=1294727"},{"taxonomy":"post_tag","embeddable":true,"href":"https:\/\/europeannewsroom.com\/de\/wp-json\/wp\/v2\/tags?post=1294727"}],"curies":[{"name":"wp","href":"https:\/\/api.w.org\/{rel}","templated":true}]}}