{"id":1294992,"date":"2025-05-30T11:39:53","date_gmt":"2025-05-30T09:39:53","guid":{"rendered":"https:\/\/europeannewsroom.com\/?p=1294992"},"modified":"2025-05-30T11:40:42","modified_gmt":"2025-05-30T09:40:42","slug":"eu-forschungsminister-wollen-globale-studierende-nach-europa-bringen","status":"publish","type":"post","link":"https:\/\/europeannewsroom.com\/de\/eu-forschungsminister-wollen-globale-studierende-nach-europa-bringen\/","title":{"rendered":"EU-Forschungsminister wollen globale Studierende nach Europa bringen"},"content":{"rendered":"\n<p class=\"wp-block-paragraph\">Br\u00fcssel &#8211; Auf von US-Pr\u00e4sident Donald Trump initiierte K\u00fcrzungen von Forschungsbudgets oder Ausweisungen von ausl\u00e4ndischen Studierenden aus den USA haben zahlreiche f\u00fcr Forschung zust\u00e4ndige Ministerinnen und Minister der EU vor ihrem Treffen k\u00fcrzlich in Br\u00fcssel mit gro\u00dfer Besorgnis reagiert, darunter auch \u00d6sterreichs zust\u00e4ndige Ministerin Eva-Maria Holzleitner (SP\u00d6). Sie fordert ausreichende Gelder f\u00fcr das Forschungsrahmenprogramm im n\u00e4chsten EU-Mehrjahresbudget.<\/p>\n\n\n\n<p class=\"wp-block-paragraph\">&#8222;Das sind Entwicklungen, die uns sehr besorgt machen&#8220;, sagte Holzleitner dazu, dass die US-Regierung der Eliteuniversit\u00e4t Harvard ab sofort verbieten will, ausl\u00e4ndische Studenten aufzunehmen. Die SP\u00d6-Politikerin sieht hier ein &#8222;sehr dramatisches negatives Signal f\u00fcr die freie Wissenschaft und den wissenschaftlichen Nachwuchs&#8220;. Trump und seine Regierung werfen der Uni pro-pal\u00e4stinensische Proteste auf ihrem Campus vor, und hatten bereits Gelder in Milliardenh\u00f6he gestrichen. Laut &#8222;New York Times&#8220; studieren 6.800 Nicht-US-Amerikanerinnen und -Amerikaner in Harvard. Ob das Verbot rechtlich durchgeht, ist noch nicht klar.<\/p>\n\n\n\n<p class=\"wp-block-paragraph\">Holzleitner: Internationalit\u00e4t bedeutet mehrsprachiges Angebot<\/p>\n\n\n\n<p class=\"wp-block-paragraph\">\u00d6sterreich reagiere mit einem Perspektivenpaket f\u00fcr Professorinnen, Professoren, Forschende, aber auch f\u00fcr Studierende, &#8222;die at risk sind, in ihrem Heimatland ihr Studium nicht mehr abschlie\u00dfen zu k\u00f6nnen&#8220;, so Holzleiter, &#8222;wir schn\u00fcren hier ein Stipendienprogramm f\u00fcr 50 Studierende&#8220;. Englisch sei die Wissenschafts- und Forschungssprache, erinnerte sie daran, dass &#8222;vor zwei, drei Monaten auch in \u00d6sterreich eine Partei nur noch Deutsch im wissenschaftlichen Bereich vorgesehen h\u00e4tte, n\u00e4mlich die FP\u00d6&#8220;. F\u00fcr die jetzige Bundesregierung bedeute &#8222;Internationalit\u00e4t immer auch die Mehrsprachigkeit, und in dem Fall ein mehrsprachiges Angebot&#8220;.<\/p>\n\n\n\n<p class=\"wp-block-paragraph\">&#8222;Mich besorgt sehr, was in den Vereinigten Staaten vor sich geht&#8220;, sagte auch die deutsche Forschungsministerin Dorothee B\u00e4r. Die Entscheidung der US-Regierung sei kein positives Signal und sie &#8222;hoffe sehr, dass die US-Regierung diese Entscheidung r\u00fcckg\u00e4ngig machen wird&#8220;, weil sie &#8222;fatal ist&#8220;. Sie &#8222;h\u00e4tte nicht gedacht, dass der Hotspot der Wissenschaftsfreiheit so schnell in Frage gestellt wird&#8220;. Bereits jetzt sei schon ein Umlenken nicht nur amerikanischer, aber auch anderer Studenten aus China oder Indien zu merken, &#8222;die zu uns kommen&#8220;, so die CSU-Politikerin.<\/p>\n\n\n\n<p class=\"wp-block-paragraph\">Europa sei &#8222;sehr offen, Talente aus der ganzen Welt anzuziehen&#8220;, bekr\u00e4ftigte auch ihr polnischer Amtskollege und derzeitiger Vertreter des Ratsvorsitzes Marcin Kulasek, dies sei &#8222;sehr wichtig&#8220;. Von einem &#8222;durcheinandergebrachten, globalen Umfeld&#8220; sprach der franz\u00f6sische zust\u00e4ndige Minister Philippe Baptiste. Unter der Regierung von Trump w\u00fcrden die &#8222;Pfeiler der Wissenschaft zusammenbrechen&#8220;, mit &#8222;globalen Auswirkungen&#8220;.<\/p>\n\n\n\n<p class=\"wp-block-paragraph\">Forschung bringe Wettbewerbsvorteil<\/p>\n\n\n\n<p class=\"wp-block-paragraph\">Dass von der EU-Kommission k\u00fcrzlich gestartete Programm &#8222;Choose Europe for Science&#8220;, das internationale Forschende nach Europa bringen soll, ist f\u00fcr Holzleitner ein &#8222;wichtiger Aufschlag, um zu zeigen; wir sind ein sicherer Hafen und m\u00f6chten auch aktiv die Hand reichen&#8220;. Sie betonte die Bedeutung eines eigenst\u00e4ndigen, starken EU-Forschungsrahmenprogramms mit einem &#8222;klaren Fokus auf freie Wissenschaft und Forschung&#8220;, gerade auch f\u00fcr \u00d6sterreich.<\/p>\n\n\n\n<p class=\"wp-block-paragraph\">Mit Blick auf die im Herbst startenden Verhandlungen f\u00fcr das n\u00e4chste mehrj\u00e4hrige EU-Budget 2028-2034 werde ein starkes Forschungsprogramm f\u00fcr \u00d6sterreich ein Schwerpunkt sein, &#8222;da werden wir halt bleiben in den Verhandlungen&#8220;. Die EU-Kommission d\u00fcrfte ihren Vorschlag Mitte Juli pr\u00e4sentieren. Sie plant deutlich mehr Gelder f\u00fcr Verteidigung und Aufr\u00fcstung. F\u00fcr Holzleitner profitiere \u00d6sterreich von einem starken Forschungsrahmenprogramm nicht nur, &#8222;weil wir exzellente Forschung haben, sondern weil es ein Wettbewerbsvorteil sein wird in Zukunft&#8220;, und die Innovation st\u00e4rke. &#8222;Forschung ist die Keimzelle der Unternehmen von morgen, wenn man in die Forschung investiert, investiert man in Wettbewerbsf\u00e4higkeit und Arbeitspl\u00e4tze&#8220;, so auch ihr franz\u00f6sischer Amtskollege Baptiste. (23.05.2025)<\/p>\n","protected":false},"excerpt":{"rendered":"<p>Auf von US-Pr\u00e4sident Trump angek\u00fcndigte Ausweisungen ausl\u00e4ndischer Studierender aus Harvard reagierten EU-Minister in Br\u00fcssel mit Besorgnis.<\/p>\n","protected":false},"author":91,"featured_media":1282282,"comment_status":"closed","ping_status":"closed","sticky":false,"template":"","format":"standard","meta":{"_acf_changed":false,"_et_pb_use_builder":"","_et_pb_old_content":"","_et_gb_content_width":"","footnotes":""},"categories":[45],"tags":[147,20190,16807,20191],"class_list":["post-1294992","post","type-post","status-publish","format-standard","has-post-thumbnail","hentry","category-europe-in-brief","tag-eu","tag-students","tag-trump-5","tag-uni"],"acf":[],"_links":{"self":[{"href":"https:\/\/europeannewsroom.com\/de\/wp-json\/wp\/v2\/posts\/1294992","targetHints":{"allow":["GET"]}}],"collection":[{"href":"https:\/\/europeannewsroom.com\/de\/wp-json\/wp\/v2\/posts"}],"about":[{"href":"https:\/\/europeannewsroom.com\/de\/wp-json\/wp\/v2\/types\/post"}],"author":[{"embeddable":true,"href":"https:\/\/europeannewsroom.com\/de\/wp-json\/wp\/v2\/users\/91"}],"replies":[{"embeddable":true,"href":"https:\/\/europeannewsroom.com\/de\/wp-json\/wp\/v2\/comments?post=1294992"}],"version-history":[{"count":0,"href":"https:\/\/europeannewsroom.com\/de\/wp-json\/wp\/v2\/posts\/1294992\/revisions"}],"wp:featuredmedia":[{"embeddable":true,"href":"https:\/\/europeannewsroom.com\/de\/wp-json\/wp\/v2\/media\/1282282"}],"wp:attachment":[{"href":"https:\/\/europeannewsroom.com\/de\/wp-json\/wp\/v2\/media?parent=1294992"}],"wp:term":[{"taxonomy":"category","embeddable":true,"href":"https:\/\/europeannewsroom.com\/de\/wp-json\/wp\/v2\/categories?post=1294992"},{"taxonomy":"post_tag","embeddable":true,"href":"https:\/\/europeannewsroom.com\/de\/wp-json\/wp\/v2\/tags?post=1294992"}],"curies":[{"name":"wp","href":"https:\/\/api.w.org\/{rel}","templated":true}]}}