{"id":1395113,"date":"2025-07-04T12:27:48","date_gmt":"2025-07-04T10:27:48","guid":{"rendered":"https:\/\/europeannewsroom.com\/?p=1395113"},"modified":"2025-07-04T12:27:51","modified_gmt":"2025-07-04T10:27:51","slug":"linkspopulistisches-bsw-will-gemeinsam-mit-rechten-gegen-von-der-leyen-stimmen","status":"publish","type":"post","link":"https:\/\/europeannewsroom.com\/de\/linkspopulistisches-bsw-will-gemeinsam-mit-rechten-gegen-von-der-leyen-stimmen\/","title":{"rendered":"Linkspopulistisches BSW will gemeinsam mit Rechten gegen von der Leyen stimmen"},"content":{"rendered":"\n<p class=\"wp-block-paragraph\">Stra\u00dfburg &#8211; Das deutsche linkspopulistische <strong>B\u00fcndnis Sahra Wagenknecht<\/strong> (BSW) im <strong>Europarlament<\/strong> will beim anstehenden Misstrauensvotum gegen EU-Kommissionspr\u00e4sidentin <strong>Ursula von der Leyen<\/strong> und ihr Team stimmen. <\/p>\n\n\n\n<p class=\"wp-block-paragraph\">In dem von einem rechten rum\u00e4nischen Abgeordneten initiierten Misstrauensantrag werden von der Leyen unter anderem Intransparenz und Missmanagement im Zusammenhang mit der Politik w\u00e4hrend der Covid-19-Pandemie vorgeworfen.<\/p>\n\n\n\n<p class=\"wp-block-paragraph\">\u00abWir werden als BSW f\u00fcr den Misstrauensantrag stimmen, auch wenn wir nicht in jedem Detail einverstanden sind und der Antrag haupts\u00e4chlich von rechten Kr\u00e4ften getragen wird, deren Werte und Politik wir nicht teilen\u00bb, sagte <strong>Fabio De Masi<\/strong>, Sprecher der Delegation des B\u00fcndnis Sahra Wagenknecht im Europ\u00e4ischen Parlament. Das BSW stellt derzeit 5 der 720 Mitglieder des Europ\u00e4ischen Parlaments..<\/p>\n\n\n\n<p class=\"wp-block-paragraph\">Auch aus der rechtspopulistischen <strong>Alternative f\u00fcr Deutschland <\/strong>(AfD) gibt es Unterst\u00fctzung. \u00abVon der Leyens Abwahl ist l\u00e4ngst \u00fcberf\u00e4llig\u00bb, teilte der AfD-Europaabgeordnete <strong>Petr Bystron <\/strong>mit. Dies sei bislang durch eine linke Mehrheit verhindert worden. \u00abSelbstverst\u00e4ndlich unterst\u00fctzen wir als AfD das Misstrauensvotum,\u00bb sagte Bystron. <\/p>\n\n\n\n<h2 class=\"wp-block-heading\">De Masi: Rechte haben bei uns abgeschrieben<\/h2>\n\n\n\n<p class=\"wp-block-paragraph\">Es sei \u00aberb\u00e4rmlich\u00bb, dass die Mehrheit des Europaparlaments nicht \u00fcber die \u00abRechtsbr\u00fcche von Frau von der Leyen in der Pfizer-Aff\u00e4re diskutieren wollte\u00bb, so De Masi. Au\u00dferdem entmachte sie das Parlament bei \u00abAufr\u00fcstungszielen\u00bb und \u00fcbergehe die \u00abV\u00f6lkerrechtsbr\u00fcche in Gaza und beim Angriff auf den Iran\u00bb.<\/p>\n\n\n\n<p class=\"wp-block-paragraph\">Sollte der Misstrauensantrag angenommen werden, m\u00fcsste die <strong>EU-Kommission<\/strong> geschlossen zur\u00fccktreten. Ein solches Szenario gilt allerdings als unwahrscheinlich, weil daf\u00fcr eine Mehrheit von zwei Dritteln der abgegebenen Stimmen und gleichzeitig die Mehrheit der Mitglieder des Parlaments ben\u00f6tigt wird.\u00a0<\/p>\n\n\n\n<p class=\"wp-block-paragraph\">Aus der Kommission hie\u00df es, solche Initiativen seien das Recht der Abgeordneten. \u00abWir haben keine weiteren Anmerkungen zu ihren Entscheidungen.\u00bb (3. Juli)<\/p>\n","protected":false},"excerpt":{"rendered":"<p>Rechte im Europaparlament bringen einen Misstrauensantrag gegen die EU-Kommission unter F\u00fchrung von Ursula von der Leyen ein. Das deutsche linkspopulistische B\u00fcndnis Sahra Wagenknecht will mitstimmen. <\/p>\n","protected":false},"author":161,"featured_media":1395303,"comment_status":"closed","ping_status":"closed","sticky":false,"template":"","format":"standard","meta":{"_acf_changed":false,"_et_pb_use_builder":"","_et_pb_old_content":"","_et_gb_content_width":"","footnotes":""},"categories":[45],"tags":[20749,147,20748,20750],"class_list":["post-1395113","post","type-post","status-publish","format-standard","has-post-thumbnail","hentry","category-europe-in-brief","tag-bsw","tag-eu","tag-misstrauensvotum","tag-rechte"],"acf":[],"_links":{"self":[{"href":"https:\/\/europeannewsroom.com\/de\/wp-json\/wp\/v2\/posts\/1395113","targetHints":{"allow":["GET"]}}],"collection":[{"href":"https:\/\/europeannewsroom.com\/de\/wp-json\/wp\/v2\/posts"}],"about":[{"href":"https:\/\/europeannewsroom.com\/de\/wp-json\/wp\/v2\/types\/post"}],"author":[{"embeddable":true,"href":"https:\/\/europeannewsroom.com\/de\/wp-json\/wp\/v2\/users\/161"}],"replies":[{"embeddable":true,"href":"https:\/\/europeannewsroom.com\/de\/wp-json\/wp\/v2\/comments?post=1395113"}],"version-history":[{"count":0,"href":"https:\/\/europeannewsroom.com\/de\/wp-json\/wp\/v2\/posts\/1395113\/revisions"}],"wp:featuredmedia":[{"embeddable":true,"href":"https:\/\/europeannewsroom.com\/de\/wp-json\/wp\/v2\/media\/1395303"}],"wp:attachment":[{"href":"https:\/\/europeannewsroom.com\/de\/wp-json\/wp\/v2\/media?parent=1395113"}],"wp:term":[{"taxonomy":"category","embeddable":true,"href":"https:\/\/europeannewsroom.com\/de\/wp-json\/wp\/v2\/categories?post=1395113"},{"taxonomy":"post_tag","embeddable":true,"href":"https:\/\/europeannewsroom.com\/de\/wp-json\/wp\/v2\/tags?post=1395113"}],"curies":[{"name":"wp","href":"https:\/\/api.w.org\/{rel}","templated":true}]}}