{"id":1454558,"date":"2025-07-18T12:35:57","date_gmt":"2025-07-18T10:35:57","guid":{"rendered":"https:\/\/europeannewsroom.com\/?p=1454558"},"modified":"2025-07-18T13:55:35","modified_gmt":"2025-07-18T11:55:35","slug":"deutscher-finanzminister-vieles-im-eu-haushalt-nicht-zustimmungsfaehig","status":"publish","type":"post","link":"https:\/\/europeannewsroom.com\/de\/deutscher-finanzminister-vieles-im-eu-haushalt-nicht-zustimmungsfaehig\/","title":{"rendered":"Deutscher Finanzminister: Vieles im EU-Haushalt nicht zustimmungsf\u00e4hig"},"content":{"rendered":"\n<p class=\"wp-block-paragraph\">Durban\u00a0(dpa)\u00a0&#8211;\u00a0Deutschlands Finanzminister<strong> Lars Klingbeil <\/strong>h\u00e4lt den Vorschlag von EU-Kommissionspr\u00e4sidentin <strong>Ursula von der Leyen<\/strong> f\u00fcr den n\u00e4chsten langfristigen EU-Haushalt nicht f\u00fcr zustimmungsf\u00e4hig. \u00abWir m\u00fcssen bei den Finanzen absolut im Verh\u00e4ltnis bleiben. Das sehe ich als nicht gewahrt an\u00bb, sagte der Sozialdemokrat am Rande eines Treffens der G20-Finanzminister im s\u00fcdafrikanischen Durban.<\/p>\n\n\n\n<p class=\"wp-block-paragraph\">Die deutsche Regierung wolle Deutschlands Wirtschaft st\u00e4rken, Arbeitspl\u00e4tze sichern und Investitionen ins Land holen. \u00abUnd da ist diese Unternehmensbesteuerung, die jetzt von der Europ\u00e4ischen Kommission vorgeschlagen wird, in dieser Form das falsche Signal\u00bb, sagte Klingbeil.\u00a0<\/p>\n\n\n\n<p class=\"wp-block-paragraph\">Als eine von mehreren neuen Einnahmequellen f\u00fcr den EU-Haushalt schl\u00e4gt die Kommission eine Abgabe f\u00fcr gro\u00dfe Unternehmen mit einem Jahresumsatz von mehr als 100 Millionen Euro vor. Au\u00dferdem sollen 15 Prozent der Einnahmen aus nationalen Tabaksteuern nach Br\u00fcssel flie\u00dfen. Auch das kritisierte Klingbeil. Diesen Vorschlag k\u00f6nne Deutschland nicht mitmachen, betonte er. (17. Juli)<\/p>\n","protected":false},"excerpt":{"rendered":"<p>Der Haushaltsvorschlag aus Br\u00fcssel sorgt in Berlin f\u00fcr Stirnrunzeln. Unternehmen belasten und Tabaksteuer-Einnahmen abgeben an die EU? Kommt f\u00fcr Deutschland nicht infrage, sagt der Finanzminister.<\/p>\n","protected":false},"author":71,"featured_media":1454591,"comment_status":"closed","ping_status":"closed","sticky":false,"template":"","format":"standard","meta":{"_acf_changed":false,"_et_pb_use_builder":"","_et_pb_old_content":"","_et_gb_content_width":"","footnotes":""},"categories":[45],"tags":[117,481,5443,17177],"class_list":["post-1454558","post","type-post","status-publish","format-standard","has-post-thumbnail","hentry","category-europe-in-brief","tag-deutschland","tag-finanzen","tag-haushalt","tag-steuern"],"acf":[],"_links":{"self":[{"href":"https:\/\/europeannewsroom.com\/de\/wp-json\/wp\/v2\/posts\/1454558","targetHints":{"allow":["GET"]}}],"collection":[{"href":"https:\/\/europeannewsroom.com\/de\/wp-json\/wp\/v2\/posts"}],"about":[{"href":"https:\/\/europeannewsroom.com\/de\/wp-json\/wp\/v2\/types\/post"}],"author":[{"embeddable":true,"href":"https:\/\/europeannewsroom.com\/de\/wp-json\/wp\/v2\/users\/71"}],"replies":[{"embeddable":true,"href":"https:\/\/europeannewsroom.com\/de\/wp-json\/wp\/v2\/comments?post=1454558"}],"version-history":[{"count":0,"href":"https:\/\/europeannewsroom.com\/de\/wp-json\/wp\/v2\/posts\/1454558\/revisions"}],"wp:featuredmedia":[{"embeddable":true,"href":"https:\/\/europeannewsroom.com\/de\/wp-json\/wp\/v2\/media\/1454591"}],"wp:attachment":[{"href":"https:\/\/europeannewsroom.com\/de\/wp-json\/wp\/v2\/media?parent=1454558"}],"wp:term":[{"taxonomy":"category","embeddable":true,"href":"https:\/\/europeannewsroom.com\/de\/wp-json\/wp\/v2\/categories?post=1454558"},{"taxonomy":"post_tag","embeddable":true,"href":"https:\/\/europeannewsroom.com\/de\/wp-json\/wp\/v2\/tags?post=1454558"}],"curies":[{"name":"wp","href":"https:\/\/api.w.org\/{rel}","templated":true}]}}