{"id":1462689,"date":"2025-07-22T13:50:47","date_gmt":"2025-07-22T11:50:47","guid":{"rendered":"https:\/\/europeannewsroom.com\/?p=1462689"},"modified":"2025-07-22T13:50:51","modified_gmt":"2025-07-22T11:50:51","slug":"eu-parlament-erhielt-antrag-auf-aufhebung-der-immunitaet-von-vilimsky","status":"publish","type":"post","link":"https:\/\/europeannewsroom.com\/de\/eu-parlament-erhielt-antrag-auf-aufhebung-der-immunitaet-von-vilimsky\/","title":{"rendered":"EU-Parlament erhielt Antrag auf Aufhebung der Immunit\u00e4t von Vilimsky"},"content":{"rendered":"\n<p class=\"wp-block-paragraph\">Stra\u00dfburg\/Br\u00fcssel &#8211; Die Immunit\u00e4t des FP\u00d6-Delegationsleiters im EU-Parlament Harald Vilimsky k\u00f6nnte ein weiteres Mal aufgehoben werden: Sie habe von den zust\u00e4ndigen Beh\u00f6rden in \u00d6sterreich einen Antrag auf Aufhebung der parlamentarischen Immunit\u00e4t von Harald Vilimsky erhalten, und diesen an den Rechtsausschuss weitergeleitet, erkl\u00e4rte Pr\u00e4sidentin Roberta Metsola vor dem Beginn der Abstimmungen der letzten Plenarwoche im EU-Parlament in Stra\u00dfburg.<\/p>\n\n\n\n<p class=\"wp-block-paragraph\">Auf Anfragen der APA wollte das Europ\u00e4ische Parlament keine Details zu der Ank\u00fcndigung nennen. Zust\u00e4ndig seien die \u00f6sterreichischen Beh\u00f6rden, die ebenfalls um eine Stellungnahme gebeten wurden. Grund f\u00fcr die Anfrage ist laut Vilimsky selbst die Anfertigung einer Sicherheitseingangst\u00fcre f\u00fcr seine Privatwohnung vor 13 Jahren, die aufgrund einer Bedrohungslage von der Partei bezahlt worden sei.<\/p>\n\n\n\n<p class=\"wp-block-paragraph\">Vilimsky erkl\u00e4rte in einer schriftlichen Stellungnahme gegen\u00fcber der APA: &#8222;Vor rund 13 Jahren wurde der freiheitliche Parlamentsklub von Polizeibeh\u00f6rden informiert, dass unter anderem meine Privatadresse in den Kreisen des gewaltt\u00e4tigen Schwarzen Blocks kursiert, der federf\u00fchrend bei den Ausschreitungen gegen den damaligen Akademikerball war. Nach einer Analyse (\u2026) durch den kriminalpolizeilichen Beratungsdienst stellte sich heraus, dass die Eingangst\u00fcre eine Schwachstelle ist.&#8220;<\/p>\n\n\n\n<p class=\"wp-block-paragraph\">FP\u00d6 \u00fcbernahm Kosten f\u00fcr Sicherheitst\u00fcre<\/p>\n\n\n\n<p class=\"wp-block-paragraph\">Da er damals &#8222;ein minderj\u00e4hriges Kind zuhause&#8220; gehabt habe, habe er &#8222;meine Partei daher ersucht, die Kosten f\u00fcr die Anfertigung einer Sicherheitst\u00fcre zu \u00fcbernehmen, was diese selbstverst\u00e4ndlich bejahte&#8220;. 13 Jahre sp\u00e4ter w\u00fcrde nun eine Pr\u00fcfung erfolgen, ob er sich dadurch einen Vorteil verschafft h\u00e4tte. Von wem die Pr\u00fcfung ausging, sagte Vilimsky nicht. Er sei &#8222;\u00fcberzeugt, dass sich dieser Vorwurf ganz einfach aufkl\u00e4ren und aus der Welt schaffen l\u00e4sst, zumal in der Vergangenheit immer wieder Bedrohungen gegen mich zum Gegenstand auch beh\u00f6rdlicher Meldungen wurden und diese daher auch dokumentiert sein sollten&#8220;.<\/p>\n\n\n\n<p class=\"wp-block-paragraph\">Das EU-Parlament hatte zuletzt im November 2021 einen &#8222;Antrag auf Aufhebung der Immunit\u00e4t von Harald Vilimsky&#8220; angenommen. Dieser wurde damals von der Staatsanwaltschaft Wien beantragt. Grund war der Verdacht auf Untreue und F\u00f6rderungsmissbrauch. (10.07.2025)<\/p>\n","protected":false},"excerpt":{"rendered":"<p>Parlamentspr\u00e4sidentin Metsola gab bekannt, einen Antrag der \u00f6sterreichischen<br \/>\nBeh\u00f6rden erhalten zu haben.<\/p>\n","protected":false},"author":91,"featured_media":890253,"comment_status":"closed","ping_status":"closed","sticky":false,"template":"","format":"standard","meta":{"_acf_changed":false,"_et_pb_use_builder":"","_et_pb_old_content":"","_et_gb_content_width":"","footnotes":""},"categories":[45],"tags":[147,20965,3729],"class_list":["post-1462689","post","type-post","status-publish","format-standard","has-post-thumbnail","hentry","category-europe-in-brief","tag-eu","tag-immunitaet","tag-parlament"],"acf":[],"_links":{"self":[{"href":"https:\/\/europeannewsroom.com\/de\/wp-json\/wp\/v2\/posts\/1462689","targetHints":{"allow":["GET"]}}],"collection":[{"href":"https:\/\/europeannewsroom.com\/de\/wp-json\/wp\/v2\/posts"}],"about":[{"href":"https:\/\/europeannewsroom.com\/de\/wp-json\/wp\/v2\/types\/post"}],"author":[{"embeddable":true,"href":"https:\/\/europeannewsroom.com\/de\/wp-json\/wp\/v2\/users\/91"}],"replies":[{"embeddable":true,"href":"https:\/\/europeannewsroom.com\/de\/wp-json\/wp\/v2\/comments?post=1462689"}],"version-history":[{"count":0,"href":"https:\/\/europeannewsroom.com\/de\/wp-json\/wp\/v2\/posts\/1462689\/revisions"}],"wp:featuredmedia":[{"embeddable":true,"href":"https:\/\/europeannewsroom.com\/de\/wp-json\/wp\/v2\/media\/890253"}],"wp:attachment":[{"href":"https:\/\/europeannewsroom.com\/de\/wp-json\/wp\/v2\/media?parent=1462689"}],"wp:term":[{"taxonomy":"category","embeddable":true,"href":"https:\/\/europeannewsroom.com\/de\/wp-json\/wp\/v2\/categories?post=1462689"},{"taxonomy":"post_tag","embeddable":true,"href":"https:\/\/europeannewsroom.com\/de\/wp-json\/wp\/v2\/tags?post=1462689"}],"curies":[{"name":"wp","href":"https:\/\/api.w.org\/{rel}","templated":true}]}}