{"id":1477244,"date":"2025-07-25T13:28:32","date_gmt":"2025-07-25T11:28:32","guid":{"rendered":"https:\/\/europeannewsroom.com\/?p=1477244"},"modified":"2025-07-25T13:28:36","modified_gmt":"2025-07-25T11:28:36","slug":"107-mrd-euro-aus-neuem-eu-partnerschaftsfonds-fuer-oesterreich","status":"publish","type":"post","link":"https:\/\/europeannewsroom.com\/de\/107-mrd-euro-aus-neuem-eu-partnerschaftsfonds-fuer-oesterreich\/","title":{"rendered":"10,7 Mrd. Euro aus neuem EU-Partnerschaftsfonds f\u00fcr \u00d6sterreich"},"content":{"rendered":"\n<p class=\"wp-block-paragraph\"><\/p>\n\n\n\n<p class=\"wp-block-paragraph\"><\/p>\n\n\n\n<p class=\"wp-block-paragraph\">Br\u00fcssel &#8211; Das neue mehrj\u00e4hrige EU-Budget soll mit zwei Billionen Euro nicht nur h\u00f6her dotiert werden, auch andere Strukturen sind geplant. So sollen die gro\u00dfen Posten Agrar- und Regionalpolitik und weitere wichtige Bereiche in mit 865 Milliarden Euro dotierten nationalen und regionalen Partnerschaftspl\u00e4nen aufgehen. F\u00fcr \u00d6sterreich sind dabei laut EU-Kommission insgesamt 10,7 Milliarden Euro f\u00fcr die Jahre 2028-2034 eingeplant; eine knappe Milliarde ist f\u00fcr Migration reserviert.<\/p>\n\n\n\n<p class=\"wp-block-paragraph\">400 Mio. Euro gehen in den Sozial- und Klimafonds. 9,4 Milliarden Euro sind demnach f\u00fcr die restlichen Bereiche eingeplant, unter die die gro\u00dfen Posten Landwirtschaft, l\u00e4ndliche Entwicklung und Regionalf\u00f6rderungen fallen. Insgesamt sollen laut den Pl\u00e4nen der Kommission rund 300 Milliarden Euro f\u00fcr die Landwirtschaft festgeschrieben werden, 218 Milliarden Euro werden f\u00fcr weniger entwickelte Regionen zweckgebunden. Zum Vergleich sollen etwa nach Deutschland insgesamt 68,4 Milliarden Euro gehen, nach Frankreich oder Spanien jeweils rund 90 Milliarden Euro. Am meisten erh\u00e4lt Polen mit 123 Milliarden.<\/p>\n\n\n\n<p class=\"wp-block-paragraph\">Zum Vergleich: Nach den aktuellsten verf\u00fcgbaren Daten der EU-Kommission erhielt Wien 2023 rund 2,2 Milliarden Euro aus Br\u00fcssel, davon 1,3 Milliarden f\u00fcr die heimische Landwirtschaft und 335 Millionen Euro f\u00fcr die Forschung. An Koh\u00e4sionsmitteln (Regionalpolitik) erhielt \u00d6sterreich rund 250 Millionen Euro.<\/p>\n\n\n\n<p class=\"wp-block-paragraph\">Widerstand aus \u00d6sterreich<\/p>\n\n\n\n<p class=\"wp-block-paragraph\">Aus \u00d6sterreich regt sich bereits Widerstand gegen die Pl\u00e4ne der EU-Kommission. Europaministerin Claudia Plakolm (\u00d6VP) forderte am Freitag vor einem Treffen mit ihren Amtskollegen &#8222;Weiterentwicklung&#8220; bei den Fonds, bei denen auch R\u00fcckfl\u00fcsse nach \u00d6sterreich zu garantieren seien. Insbesondere die zweite S\u00e4ule der Agrarpolitik sei sehr wichtig f\u00fcr \u00d6sterreich. \u00d6sterreich st\u00fcnde f\u00fcr eine ausreichende Dotierung f\u00fcr die Landwirtschaft in einem eigenen Fonds. (18.07.2025)<\/p>\n\n\n\n<p class=\"wp-block-paragraph\"><\/p>\n","protected":false},"excerpt":{"rendered":"<p>Die gro\u00dfen Posten Agrar- und Regionalpolitik gehen in mit 865<br \/>\nMilliarden Euro dotierten nationalen und regionalen<br \/>\nPartnerschaftspl\u00e4nen auf.<\/p>\n","protected":false},"author":91,"featured_media":1448562,"comment_status":"closed","ping_status":"closed","sticky":false,"template":"","format":"standard","meta":{"_acf_changed":false,"_et_pb_use_builder":"","_et_pb_old_content":"","_et_gb_content_width":"","footnotes":""},"categories":[45],"tags":[10650,147,21005,16013],"class_list":["post-1477244","post","type-post","status-publish","format-standard","has-post-thumbnail","hentry","category-europe-in-brief","tag-budget-4","tag-eu","tag-geld","tag-oesterreich"],"acf":[],"_links":{"self":[{"href":"https:\/\/europeannewsroom.com\/de\/wp-json\/wp\/v2\/posts\/1477244","targetHints":{"allow":["GET"]}}],"collection":[{"href":"https:\/\/europeannewsroom.com\/de\/wp-json\/wp\/v2\/posts"}],"about":[{"href":"https:\/\/europeannewsroom.com\/de\/wp-json\/wp\/v2\/types\/post"}],"author":[{"embeddable":true,"href":"https:\/\/europeannewsroom.com\/de\/wp-json\/wp\/v2\/users\/91"}],"replies":[{"embeddable":true,"href":"https:\/\/europeannewsroom.com\/de\/wp-json\/wp\/v2\/comments?post=1477244"}],"version-history":[{"count":0,"href":"https:\/\/europeannewsroom.com\/de\/wp-json\/wp\/v2\/posts\/1477244\/revisions"}],"wp:featuredmedia":[{"embeddable":true,"href":"https:\/\/europeannewsroom.com\/de\/wp-json\/wp\/v2\/media\/1448562"}],"wp:attachment":[{"href":"https:\/\/europeannewsroom.com\/de\/wp-json\/wp\/v2\/media?parent=1477244"}],"wp:term":[{"taxonomy":"category","embeddable":true,"href":"https:\/\/europeannewsroom.com\/de\/wp-json\/wp\/v2\/categories?post=1477244"},{"taxonomy":"post_tag","embeddable":true,"href":"https:\/\/europeannewsroom.com\/de\/wp-json\/wp\/v2\/tags?post=1477244"}],"curies":[{"name":"wp","href":"https:\/\/api.w.org\/{rel}","templated":true}]}}