{"id":1541753,"date":"2025-08-18T13:50:51","date_gmt":"2025-08-18T11:50:51","guid":{"rendered":"https:\/\/europeannewsroom.com\/?p=1541753"},"modified":"2025-08-18T13:50:57","modified_gmt":"2025-08-18T11:50:57","slug":"kallas-sicherheit-europas-steht-nicht-zur-verhandlung","status":"publish","type":"post","link":"https:\/\/europeannewsroom.com\/de\/kallas-sicherheit-europas-steht-nicht-zur-verhandlung\/","title":{"rendered":"Kallas: \u00abSicherheit Europas steht nicht zur Verhandlung\u00bb"},"content":{"rendered":"\n<p class=\"wp-block-paragraph\">Br\u00fcssel\u00a0(dpa)\u00a0&#8211;\u00a0Nach dem Alaska-Gipfel von US-Pr\u00e4sident <strong>Donald Trump<\/strong> und Kremlchef <strong>Wladimir Putin<\/strong> betont EU-Chefdiplomatin <strong>Kaja Kallas<\/strong> die Kompromisslosigkeit gegen\u00fcber Russland. \u00abDie Sicherheit Europas steht nicht zur Verhandlung\u00bb, schrieb die EU-Au\u00dfenbeauftragte auf der Plattform X. <\/p>\n\n\n\n<figure class=\"wp-block-embed is-type-rich is-provider-twitter wp-block-embed-twitter\"><div class=\"wp-block-embed__wrapper\">\n<blockquote class=\"twitter-tweet\" data-width=\"550\" data-dnt=\"true\"><p lang=\"en\" dir=\"ltr\">President Trump\u2019s resolve to get a peace deal is vital. <br><br>The EU and our European partners worked to coordinate with President Trump ahead of Alaska meeting. <br><br>But the harsh reality is that Russia has no intention of ending this war anytime soon.<\/p>&mdash; Kaja Kallas (@kajakallas) <a href=\"https:\/\/twitter.com\/kajakallas\/status\/1956680627538837559?ref_src=twsrc%5Etfw\">August 16, 2025<\/a><\/blockquote><script async src=\"https:\/\/platform.twitter.com\/widgets.js\" charset=\"utf-8\"><\/script>\n<\/div><\/figure>\n\n\n\n<figure class=\"wp-block-embed is-type-rich is-provider-twitter wp-block-embed-twitter\"><div class=\"wp-block-embed__wrapper\">\n<blockquote class=\"twitter-tweet\" data-width=\"550\" data-dnt=\"true\"><p lang=\"en\" dir=\"ltr\">European security is not up for negotiation. <br><br>The real root cause of the war is Russia\u2019s imperialist foreign policy, not an imaginary imbalance in the European security architecture.<\/p>&mdash; Kaja Kallas (@kajakallas) <a href=\"https:\/\/twitter.com\/kajakallas\/status\/1956680638171357480?ref_src=twsrc%5Etfw\">August 16, 2025<\/a><\/blockquote><script async src=\"https:\/\/platform.twitter.com\/widgets.js\" charset=\"utf-8\"><\/script>\n<\/div><\/figure>\n\n\n\n<p class=\"wp-block-paragraph\"><\/p>\n\n\n\n<p class=\"wp-block-paragraph\">Die eigentliche Ursache des Ukraine-Krieges sei die imperialistische Au\u00dfenpolitik Russlands, \u00abnicht ein imagin\u00e4res Ungleichgewicht in der europ\u00e4ischen Sicherheitsarchitektur\u00bb.\u00a0<\/p>\n\n\n\n<p class=\"wp-block-paragraph\">Die Entschlossenheit von Trump, ein Friedensabkommen zu erzielen, sei von entscheidender Bedeutung. \u00abDie harte Realit\u00e4t ist jedoch, dass Russland nicht die Absicht hat, diesen Krieg in absehbarer Zeit zu beenden\u00bb, erg\u00e4nzte Kallas. W\u00e4hrend sich die Delegationen getroffen h\u00e4tten, habe Russland neue Angriffe auf die Ukraine gestartet. \u00abPutin zieht die Verhandlungen weiter in die L\u00e4nge und hofft, damit durchzukommen.\u00bb<\/p>\n\n\n\n<p class=\"wp-block-paragraph\">Der ukrainische Pr\u00e4sident Wolodymyr Selenskyj reist am Montag nach Washington. Selenskyj wird von Deutschlands Bundeskanzler Friedrich Merz, EU-Kommissionschefin Ursula von der Leyen und Nato-Generalsekret\u00e4r Mark Rutte nach Washington begleitet. Auch andere Staats- und Regierungschefs aus Europa haben sich angek\u00fcndigt.  (16. August)<\/p>\n","protected":false},"excerpt":{"rendered":"<p>Nach dem Treffen von Trump und Putin in Alaska bleiben konkrete Ergebnisse zun\u00e4chst unklar. Umso klarer wird die EU-Au\u00dfenbeauftragte.<\/p>\n","protected":false},"author":71,"featured_media":1541786,"comment_status":"closed","ping_status":"closed","sticky":false,"template":"","format":"standard","meta":{"_acf_changed":false,"_et_pb_use_builder":"","_et_pb_old_content":"","_et_gb_content_width":"","footnotes":""},"categories":[45],"tags":[835,8233,115],"class_list":["post-1541753","post","type-post","status-publish","format-standard","has-post-thumbnail","hentry","category-europe-in-brief","tag-russland-de","tag-sicherheit","tag-ukraine"],"acf":[],"_links":{"self":[{"href":"https:\/\/europeannewsroom.com\/de\/wp-json\/wp\/v2\/posts\/1541753","targetHints":{"allow":["GET"]}}],"collection":[{"href":"https:\/\/europeannewsroom.com\/de\/wp-json\/wp\/v2\/posts"}],"about":[{"href":"https:\/\/europeannewsroom.com\/de\/wp-json\/wp\/v2\/types\/post"}],"author":[{"embeddable":true,"href":"https:\/\/europeannewsroom.com\/de\/wp-json\/wp\/v2\/users\/71"}],"replies":[{"embeddable":true,"href":"https:\/\/europeannewsroom.com\/de\/wp-json\/wp\/v2\/comments?post=1541753"}],"version-history":[{"count":0,"href":"https:\/\/europeannewsroom.com\/de\/wp-json\/wp\/v2\/posts\/1541753\/revisions"}],"wp:featuredmedia":[{"embeddable":true,"href":"https:\/\/europeannewsroom.com\/de\/wp-json\/wp\/v2\/media\/1541786"}],"wp:attachment":[{"href":"https:\/\/europeannewsroom.com\/de\/wp-json\/wp\/v2\/media?parent=1541753"}],"wp:term":[{"taxonomy":"category","embeddable":true,"href":"https:\/\/europeannewsroom.com\/de\/wp-json\/wp\/v2\/categories?post=1541753"},{"taxonomy":"post_tag","embeddable":true,"href":"https:\/\/europeannewsroom.com\/de\/wp-json\/wp\/v2\/tags?post=1541753"}],"curies":[{"name":"wp","href":"https:\/\/api.w.org\/{rel}","templated":true}]}}