{"id":1560461,"date":"2025-08-25T16:45:22","date_gmt":"2025-08-25T14:45:22","guid":{"rendered":"https:\/\/europeannewsroom.com\/?p=1560461"},"modified":"2025-08-25T16:45:27","modified_gmt":"2025-08-25T14:45:27","slug":"merz-und-von-der-leyen-ukraine-kaempft-fuer-freies-europa","status":"publish","type":"post","link":"https:\/\/europeannewsroom.com\/de\/merz-und-von-der-leyen-ukraine-kaempft-fuer-freies-europa\/","title":{"rendered":"Merz und von der Leyen: Ukraine k\u00e4mpft f\u00fcr freies Europa"},"content":{"rendered":"\n<p class=\"wp-block-paragraph\">Berlin\u00a0(dpa)\u00a0&#8211;\u00a0 Der deutsche Bundeskanzler <strong>Friedrich Merz<\/strong> hat zum Unabh\u00e4ngigkeitstag der Ukraine die fortw\u00e4hrende Unterst\u00fctzung Deutschlands bei der Abwehr des russischen Angriffskrieges unterstrichen. \u00abZum Unabh\u00e4ngigkeitstag stehen wir fest an ihrer Seite \u2013 heute und in Zukunft\u00bb, schrieb Merz in deutscher, ukrainischer und englischer Sprache auf der Plattform X. Der konservative Politiker hob den \u00abgro\u00dfen Mut\u00bb hervor, mit dem sich Ukrainerinnen und Ukrainer gegen Russlands Angriffe wehrten. \u00abSie k\u00e4mpfen f\u00fcr unsere Freiheitsordnung in Europa und einen gerechten Frieden\u00bb, betonte der Kanzler.\u00a0<\/p>\n\n\n\n<p class=\"wp-block-paragraph\">EU-Kommissionspr\u00e4sidentin <strong>Ursula von der Leyen <\/strong>unterstrich ebenfalls die Bedeutung des Abwehrkampfes der Ukraine f\u00fcr die Sicherheit Europas. \u00abWir stehen Ihnen zur Seite, solange es n\u00f6tig ist. Denn eine freie Ukraine bedeutet ein freies Europa\u00bb, schrieb von der Leyen auf X. (24. August)<\/p>\n","protected":false},"excerpt":{"rendered":"<p>Die Ukraine beging ihren Unabh\u00e4ngigkeitstag am 24. August inmitten des Kampfes gegen die russischen Attacken. Es geht dabei auch um die Freiheit Euopas, sagt die EU-Kommissionspr\u00e4sidentin<\/p>\n","protected":false},"author":71,"featured_media":1560471,"comment_status":"closed","ping_status":"closed","sticky":false,"template":"","format":"standard","meta":{"_acf_changed":false,"_et_pb_use_builder":"","_et_pb_old_content":"","_et_gb_content_width":"","footnotes":""},"categories":[45],"tags":[117,111,835,115],"class_list":["post-1560461","post","type-post","status-publish","format-standard","has-post-thumbnail","hentry","category-europe-in-brief","tag-deutschland","tag-konflikte","tag-russland-de","tag-ukraine"],"acf":[],"_links":{"self":[{"href":"https:\/\/europeannewsroom.com\/de\/wp-json\/wp\/v2\/posts\/1560461","targetHints":{"allow":["GET"]}}],"collection":[{"href":"https:\/\/europeannewsroom.com\/de\/wp-json\/wp\/v2\/posts"}],"about":[{"href":"https:\/\/europeannewsroom.com\/de\/wp-json\/wp\/v2\/types\/post"}],"author":[{"embeddable":true,"href":"https:\/\/europeannewsroom.com\/de\/wp-json\/wp\/v2\/users\/71"}],"replies":[{"embeddable":true,"href":"https:\/\/europeannewsroom.com\/de\/wp-json\/wp\/v2\/comments?post=1560461"}],"version-history":[{"count":0,"href":"https:\/\/europeannewsroom.com\/de\/wp-json\/wp\/v2\/posts\/1560461\/revisions"}],"wp:featuredmedia":[{"embeddable":true,"href":"https:\/\/europeannewsroom.com\/de\/wp-json\/wp\/v2\/media\/1560471"}],"wp:attachment":[{"href":"https:\/\/europeannewsroom.com\/de\/wp-json\/wp\/v2\/media?parent=1560461"}],"wp:term":[{"taxonomy":"category","embeddable":true,"href":"https:\/\/europeannewsroom.com\/de\/wp-json\/wp\/v2\/categories?post=1560461"},{"taxonomy":"post_tag","embeddable":true,"href":"https:\/\/europeannewsroom.com\/de\/wp-json\/wp\/v2\/tags?post=1560461"}],"curies":[{"name":"wp","href":"https:\/\/api.w.org\/{rel}","templated":true}]}}