{"id":223863,"date":"2024-03-18T15:43:00","date_gmt":"2024-03-18T14:43:00","guid":{"rendered":"https:\/\/europeannewsroom.dpa.com\/?p=223863"},"modified":"2024-03-28T14:20:10","modified_gmt":"2024-03-28T13:20:10","slug":"europawahlen-im-visier-von-desinformationskampagnen","status":"publish","type":"post","link":"https:\/\/europeannewsroom.com\/de\/europawahlen-im-visier-von-desinformationskampagnen\/","title":{"rendered":"Europawahlen im Visier von Desinformationskampagnen\u00a0"},"content":{"rendered":"\n<p class=\"wp-block-paragraph\">Der Hohe Vertreter der Europ\u00e4ischen Union f\u00fcr Au\u00dfen- und Sicherheitspolitik, <strong>Josep Borrell Fontelles<\/strong>, bezeichnete etwa f\u00fcnf Monate vor den EU-Wahlen Desinformation und ausl\u00e4ndische Einflussnahme als &#8222;eine der gr\u00f6\u00dften Bedrohungen unserer Zeit&#8220;.<\/p>\n\n\n\n<p class=\"wp-block-paragraph\">&#8222;2024 ist ein entscheidendes Jahr f\u00fcr den Kampf gegen FIMI (Manipulation und Einflussnahme aus dem Ausland), da viele Wahlen stattfinden werden&#8220;, so Borrell am 23. Januar in Br\u00fcssel. Er f\u00fcgte hinzu, dass in diesem Jahr 60 Wahlen abgehalten werden &#8211; rund die H\u00e4lfte der Weltbev\u00f6lkerung wird an die Urnen gerufen.&nbsp;<\/p>\n\n\n\n<p class=\"wp-block-paragraph\">Borrell warnte davor, \u201cdass Manipulation und Einflussnahme zu einer Industrie geworden sind\u201d und dass Russland und andere bereits \u201ceine umfangreiche Infrastruktur an L\u00fcgen, Manipulation und Destabilisierung aufgebaut\u201d h\u00e4tten. Er betonte auch, dass der Krieg in der Ukraine nicht nur gegen uns gerichtet ist, \u201csondern auch gegen unsere Partner auf dem westlichen Balkan\u201d.<\/p>\n\n\n\n<p class=\"wp-block-paragraph\">Die franz\u00f6sische Regierung warnte <em>(knapp drei Wochen sp\u00e4ter)<\/em>, am 13. Februar, dass Fehlinformationen aus L\u00e4ndern wie Russland vor den Europawahlen im Juni \u201cwahrscheinlich zunehmen werden\u201d.<\/p>\n\n\n\n<p class=\"wp-block-paragraph\">Laut dem zweiten FIMI-Bericht des diplomatischen Dienstes der EU (EAD) ist die Ukraine am st\u00e4rksten von Desinformation betroffen. In der Analyse wurden 750 Vorf\u00e4lle zwischen Dezember 2022 und November 2023 untersucht.&nbsp;<\/p>\n\n\n\n<h2 class=\"wp-block-heading\"><strong>Russische Desinformation vor der Europawahlen nimmt zu&nbsp;<\/strong><\/h2>\n\n\n\n<p class=\"wp-block-paragraph\">Die Vizepr\u00e4sidentin der Europ\u00e4ischen Kommission, <strong>V\u011bra Jourov\u00e1<\/strong>, erkl\u00e4rte am 23. Februar gegen\u00fcber der tschechischen Nachrichtenagentur CTK, dass die gr\u00f6\u00dften Risiken f\u00fcr Desinformation in den mittel- und osteurop\u00e4ischen L\u00e4ndern bestehen. <em>&#8222;<\/em>Wir befinden uns in einem Informationskrieg mit Russland, den wir nicht begonnen haben, auf den wir aber leider reagieren m\u00fcssen\u201d.&nbsp;<\/p>\n\n\n\n<p class=\"wp-block-paragraph\">&#8222;In jedem Land existieren verschiedene Schwachstellen, die ausgenutzt werden k\u00f6nnen, um Menschen dazu zu bringen, Fehlinformationen zu glauben oder in einen Kreislauf aus Panik oder Angst zu versetzen.&#8220; &#8222;Leider k\u00f6nnte dies besonders im Wahlkampf ausgenutzt werden. Ich denke, wir sollten das verhindern.&#8220; sagte Jourov\u00e1 abschlie\u00dfend.<\/p>\n\n\n\n<p class=\"wp-block-paragraph\">Die weitl\u00e4ufige Verbreitung pro-russischer Desinformation hat sich auf die Wahlen in Europa ausgewirkt. Die Angst vor den Wahlen zum Europ\u00e4ischen Parlament im Juni w\u00e4chst.&nbsp;<\/p>\n\n\n\n<p class=\"wp-block-paragraph\"><strong>Valentin Ch\u00e2telet<\/strong>, wissenschaftlicher Mitarbeiter am Atlantic Council&#8217;s Digital Forensic Research Lab (DFRLab), warnt vor Desinformationskampagnen zur Ukraine und zu anderen aktuellen europ\u00e4ischen Themen, die dazu f\u00fchren, eine konservative oder nationalistische Agenda zu f\u00f6rdern.<\/p>\n\n\n\n<p class=\"wp-block-paragraph\">Durch eine umfangreiche &#8222;pro-russische Desinformationskampagne&#8220; wurden seit Dezember 2023 in Deutschland mehr als 50.000 gef\u00e4lschte X-Accounts (fr\u00fcher Twitter) eingerichtet. Sie sollen Wut \u00fcber Deutschlands Unterst\u00fctzung f\u00fcr die Ukraine sch\u00fcren, berichtet das deutsche Wochenmagazin Der Spiegel.&nbsp;<\/p>\n\n\n\n<p class=\"wp-block-paragraph\">Das russische Verteidigungsministerium behauptete im Januar bei einem Angriff in der ostukrainischen Stadt Charkiw rund 60 K\u00e4mpfer, haupts\u00e4chlich &#8222;franz\u00f6sische S\u00f6ldner&#8220;, &#8222;vernichtet zu haben\u201d.<\/p>\n\n\n\n<p class=\"wp-block-paragraph\">Im Anschluss an diese Anschuldigungen wurden \u00fcber Telegram-Kan\u00e4le und Kreml-nahe Aktivisten mehrere Listen verbreitet. Eine dieser Listen enthielt angeblich die Identit\u00e4t von rund 30 &#8222;toten franz\u00f6sischen S\u00f6ldnern&#8220;. Franz\u00f6sische Freiwillige in der Ukraine wiesen die Vorw\u00fcrfe zur\u00fcck, wie drei von ihnen gegen\u00fcber der franz\u00f6sischen Nachrichtenagentur AFP erkl\u00e4rten.&nbsp;<\/p>\n\n\n\n<h2 class=\"wp-block-heading\"><strong>Frankreich, Deutschland und Polen gehen gegen russische Desinformation vor&nbsp;<\/strong><\/h2>\n\n\n\n<p class=\"wp-block-paragraph\">Deutschland, Frankreich und Polens Au\u00dfenminister k\u00fcndigten am 12. Februar an, gemeinsam Ma\u00dfnahmen gegen Desinformation zu ergreifen. Zuvor waren sie Russlands Destabilisierungsstrategie zum Opfer gefallen.&nbsp;<\/p>\n\n\n\n<p class=\"wp-block-paragraph\">Die drei L\u00e4nder haben sich auf ein gemeinsames Fr\u00fchwarnsystem gegen russische Troll-Angriffe geeinigt, erkl\u00e4rte der franz\u00f6sische Au\u00dfenminister <strong>St\u00e9phane S\u00e9journ\u00e9<\/strong> nach dem Treffen mit Au\u00dfenministerin <strong>Annalena Baerbock<\/strong> und dem polnischen Kollegen Rados\u0142aw Sikorski.<\/p>\n\n\n\n<p class=\"wp-block-paragraph\">&#8222;Russland versucht, die europ\u00e4ische Geschlossenheit zu zerst\u00f6ren&#8220;, sagte S\u00e9journ\u00e9 nach dem Dreiertreffen. Er f\u00fcgte hinzu, dass fast 200 gef\u00e4lschte Nachrichtenseiten aufgesp\u00fcrt worden seien.<\/p>\n\n\n\n<p class=\"wp-block-paragraph\">&#8222;Ich rufe zu \u00e4u\u00dferster Vorsicht auf&#8220;, warnte S\u00e9journ\u00e9 in einer direkten Ansprache an die \u00d6ffentlichkeit und f\u00fcgte hinzu, dass solche Angriffe auf Informationen in Europa in den n\u00e4chsten Wochen zunehmen k\u00f6nnten.&nbsp;<\/p>\n\n\n\n<p class=\"wp-block-paragraph\">&#8222;In f\u00fcnf Monaten finden auf unserem Kontinent die Europawahlen statt, und jedes unserer L\u00e4nder wird ein Ziel f\u00fcr ausl\u00e4ndische Einfl\u00fcsse sein&#8220;, sagte S\u00e9journ\u00e9 in einem Video, das am 13. Februar auf X (fr\u00fcher Twitter) ver\u00f6ffentlicht wurde.&nbsp;<\/p>\n\n\n\n<figure class=\"wp-block-embed is-type-rich is-provider-twitter wp-block-embed-twitter\"><div class=\"wp-block-embed__wrapper\">\n<blockquote class=\"twitter-tweet\" data-width=\"550\" data-dnt=\"true\"><p lang=\"fr\" dir=\"ltr\">Les services de l\u2019Etat ont d\u00e9tect\u00e9 une tentative d\u2019attaque informationnelle de grande ampleur.<br><br>J\u2019ai souhait\u00e9 m\u2019adresser directement \u00e0 vous pour vous appeler \u00e0 la vigilance. Notre d\u00e9bat d\u00e9mocratique doit \u00eatre pr\u00e9serv\u00e9. Une information fiable est la base de tout. <a href=\"https:\/\/t.co\/WFiPrtg5zN\">pic.twitter.com\/WFiPrtg5zN<\/a><\/p>&mdash; St\u00e9phane S\u00e9journ\u00e9 (@steph_sejourne) <a href=\"https:\/\/twitter.com\/steph_sejourne\/status\/1757404045046669349?ref_src=twsrc%5Etfw\">February 13, 2024<\/a><\/blockquote><script async src=\"https:\/\/platform.twitter.com\/widgets.js\" charset=\"utf-8\"><\/script>\n<\/div><\/figure>\n\n\n\n<h2 class=\"wp-block-heading\"><strong>Kreml- Propagandanetzwerk in Frankreich entdeckt<\/strong><\/h2>\n\n\n\n<p class=\"wp-block-paragraph\">Der franz\u00f6sische Au\u00dfenminister <strong>St\u00e9phane S\u00e9journ\u00e9<\/strong> hat bekannt gegeben, dass die franz\u00f6sische Regierungsbeh\u00f6rde Viginum, ein Netzwerk russischer Webseiten, entdeckt hat. Es zielt darauf ab, Kreml-Propaganda im Westen zu verbreiten.<\/p>\n\n\n\n<p class=\"wp-block-paragraph\">Die Beh\u00f6rde, die mit der Abwehr ausl\u00e4ndischer Online-Bedrohungen beauftragt ist, bezeichnete das Netzwerk als &#8222;strukturiert und koordiniert&#8220; und es richtete sich vor allem gegen Europa und die Vereinigten Staaten. Das System mit dem Codenamen &#8222;Portal Kombat&#8220; besteht aus 193 Websites, wie Viginum nach einer umfassenden Untersuchung zwischen September und Dezember letzten Jahres berichtete.<\/p>\n\n\n\n<p class=\"wp-block-paragraph\">Das Ziel dieser gr\u00f6\u00dftenteils inaktiven Webseiten ist es, Desinformationen und Ansichten zu verbreiten, die den Interessen Russlands dienen, berichtet S\u00e9journ\u00e9. &#8222;Sie verbreiten falsche Informationen \u00fcber die Ukraine, spalten die \u00f6ffentliche Meinung und sch\u00fcren Hass&#8220;, f\u00fcgte er hinzu.<\/p>\n\n\n\n<p class=\"wp-block-paragraph\">Seit der Invasion von Pr\u00e4sident <strong>Wladimir Putin<\/strong> im Februar 2022 hat die russische Regierung ihre Bem\u00fchungen erh\u00f6ht, das Kreml-Narrativ zu st\u00e4rken.<\/p>\n\n\n\n<p class=\"wp-block-paragraph\">Politischen Fachexperten zufolge k\u00f6nnte Moskau versuchen, die politischen Spannungen in Europa auszunutzen. Rechtsextreme Parteien verzeichnen im Vorfeld der, vom 6. &#8211; 9.Juni stattfindenden Wahlen einen starken Aufschwung.<\/p>\n\n\n\n<p class=\"wp-block-paragraph\">In Frankreich ist die rechtsorientierte National Rally (RN) bereits die gr\u00f6\u00dfte Oppositionspartei in der franz\u00f6sischen Regierung und f\u00fchrt in Umfragen zu den Europawahlen mit fast zehn Prozent Vorsprung vor dem B\u00fcndnis von Pr\u00e4sident <strong>Emmanuel Macron<\/strong>.<\/p>\n\n\n\n<p class=\"wp-block-paragraph\"><\/p>\n\n\n\n<figure class=\"wp-block-image size-full\"><img loading=\"lazy\" decoding=\"async\" width=\"1920\" height=\"1280\" src=\"https:\/\/europeannewsroom.com\/wp-content\/uploads\/2024\/03\/urnnewsmldpa.com20090101240310-99-288183-v1-s2048.jpeg\" alt=\"Legislative elections in Portugal\" class=\"wp-image-219417\"\/><figcaption class=\"wp-element-caption\"><em>Eine Frau gibt ihre Stimme in einem Wahllokal in einer l\u00e4ndlichen Gemeinde bei den Parlamentswahlen in Portugal ab. Foto: Cristian Leyva\/ZUMA Press Wire\/dpa<\/em><\/figcaption><\/figure>\n\n\n\n<h2 class=\"wp-block-heading\"><strong>Gef\u00e4lschte Wahlwerbung verbreitet sich in Portugal<\/strong><\/h2>\n\n\n\n<p class=\"wp-block-paragraph\">Ein weiteres Beispiel f\u00fcr die zunehmende Verbreitung von digitaler Desinformation ist Portugal. Forscher des MediaLab der Universit\u00e4t Lissabon (ISCTE) haben erstmals &#8222;Anzeichen f\u00fcr eine \u00e4u\u00dfere Einflussnahme auf die Wahlen in Portugal&#8220; durch Onlinewerbung entdeckt. In einer dieser Werbungen wurde die Sozialistische Partei (PS,S&amp;D) der Korruption beschuldigt.<\/p>\n\n\n\n<p class=\"wp-block-paragraph\">Eine von den ISCTE-Forschern durchgef\u00fchrte Untersuchung deutet auf ein Unternehmen namens Nekoplay LLC hin, das offenbar im US-Bundesstaat Delaware ans\u00e4ssig ist. Dabei wurden die Google-eigenen Screening-Tools verwendet. Laut den \u00f6ffentlich zug\u00e4nglichen Daten von &#8222;Google&#8217;s Ad Transparency Center&#8220; ist das Unternehmen haupts\u00e4chlich f\u00fcr Werbung im Zusammenhang mit der Gl\u00fccksspielindustrie bekannt.<\/p>\n\n\n\n<p class=\"wp-block-paragraph\">Insgesamt k\u00f6nnten die &#8222;gesponserten Posts&#8220; mehr als zwei Millionen Portugiesen erreicht haben. Das entspricht \u201cungef\u00e4hr 22 Prozent der wahlberechtigten Bev\u00f6lkerung&#8220;, wie es in dem Bericht des MediaLab hei\u00dft. Das Projekt wurde in Zusammenarbeit mit der portugiesischen Nachrichtenagentur Lusa durchgef\u00fchrt und besch\u00e4ftigt sich mit Wahlen in sozialen Netzwerken und Desinformationsprozessen im Vorfeld der Parlamentswahlen am 10. M\u00e4rz.<\/p>\n\n\n\n<p class=\"wp-block-paragraph\"><\/p>\n\n\n\n<p class=\"wp-block-paragraph\"><em>Dieser Artikel ist Teil von enr&#8217;s EU Elections Spotlight: Desinformation in Europa. Der Inhalt basiert auf Nachrichten der am enr beteiligten Agenturen.<\/em><\/p>\n","protected":false},"excerpt":{"rendered":"<p>Laut politischen Fachexperten k\u00f6nnte Moskau versuchen, die politischen Spannungen in Europa f\u00fcr ihre Zwecke zu nutzen. Rechtsextreme Parteien erleben einen starken Aufschwung im Vorfeld der EU-Wahlen, die vom 6. bis 9.Juni stattfinden. Wie gut ist Europa auf diese Situation vorbereitet?<\/p>\n","protected":false},"author":119,"featured_media":21997,"comment_status":"closed","ping_status":"closed","sticky":false,"template":"","format":"standard","meta":{"_acf_changed":false,"_et_pb_use_builder":"","_et_pb_old_content":"","_et_gb_content_width":"","footnotes":""},"categories":[13308],"tags":[7885],"class_list":["post-223863","post","type-post","status-publish","format-standard","has-post-thumbnail","hentry","category-disinformation","tag-desinformation"],"acf":[],"_links":{"self":[{"href":"https:\/\/europeannewsroom.com\/de\/wp-json\/wp\/v2\/posts\/223863","targetHints":{"allow":["GET"]}}],"collection":[{"href":"https:\/\/europeannewsroom.com\/de\/wp-json\/wp\/v2\/posts"}],"about":[{"href":"https:\/\/europeannewsroom.com\/de\/wp-json\/wp\/v2\/types\/post"}],"author":[{"embeddable":true,"href":"https:\/\/europeannewsroom.com\/de\/wp-json\/wp\/v2\/users\/119"}],"replies":[{"embeddable":true,"href":"https:\/\/europeannewsroom.com\/de\/wp-json\/wp\/v2\/comments?post=223863"}],"version-history":[{"count":0,"href":"https:\/\/europeannewsroom.com\/de\/wp-json\/wp\/v2\/posts\/223863\/revisions"}],"wp:featuredmedia":[{"embeddable":true,"href":"https:\/\/europeannewsroom.com\/de\/wp-json\/wp\/v2\/media\/21997"}],"wp:attachment":[{"href":"https:\/\/europeannewsroom.com\/de\/wp-json\/wp\/v2\/media?parent=223863"}],"wp:term":[{"taxonomy":"category","embeddable":true,"href":"https:\/\/europeannewsroom.com\/de\/wp-json\/wp\/v2\/categories?post=223863"},{"taxonomy":"post_tag","embeddable":true,"href":"https:\/\/europeannewsroom.com\/de\/wp-json\/wp\/v2\/tags?post=223863"}],"curies":[{"name":"wp","href":"https:\/\/api.w.org\/{rel}","templated":true}]}}