{"id":223867,"date":"2024-03-18T12:52:07","date_gmt":"2024-03-18T11:52:07","guid":{"rendered":"https:\/\/europeannewsroom.dpa.com\/?p=223867"},"modified":"2024-03-28T12:59:00","modified_gmt":"2024-03-28T11:59:00","slug":"qualitaetsjournalismus-als-mittel-gegen-desinformation","status":"publish","type":"post","link":"https:\/\/europeannewsroom.com\/de\/qualitaetsjournalismus-als-mittel-gegen-desinformation\/","title":{"rendered":"Qualit\u00e4tsjournalismus als Mittel gegen Desinformation\u00a0"},"content":{"rendered":"\n<p class=\"wp-block-paragraph\"><strong>Jerneja Jug Jer\u0161e,<\/strong> Leiterin der Vertretung der Europ\u00e4ischen Kommission in Slowenien, warnte auf einer Podiumsdiskussion in Ljubljana am 2. Februar, dass &#8222;im Zusammenhang mit den bevorstehenden Europawahlen gro\u00dfe Desinformationskampagnen zu beobachten sind.\u201d\u00a0<\/p>\n\n\n\n<p class=\"wp-block-paragraph\">Diese w\u00fcrden sich auf die zentralen Themen der EU konzentrieren. Insbesondere der Green Deal, die Hilfe f\u00fcr die Ukraine und die gemeinsame Migrationspolitik stehen im Fokus.<\/p>\n\n\n\n<p class=\"wp-block-paragraph\">Die Teilnehmer der Podiumsdiskussion sagten, dass Desinformationen darauf abzielen, Verunsicherung und Angst in der Gesellschaft zu sch\u00fcren. Ein Beispiel daf\u00fcr sind falsche Behauptungen \u00fcber zunehmende Gewalt durch Einwanderer in Ljubljana, der Hauptstadt Sloweniens.&nbsp;<\/p>\n\n\n\n<p class=\"wp-block-paragraph\">Ein Hauptproblem bei der Berichterstattung \u00fcber politische Kampagnen ist, dass Kandidaten sich des Faktenchecks bewusst seien und vage Aussagen ohne genaue Zahlen machen, so <strong>Alenka Marovt<\/strong>, Redakteurin mehrerer Faktencheck-Sendungen des slowenischen Privatsenders POP TV.<\/p>\n\n\n\n<p class=\"wp-block-paragraph\"><strong>Anu\u0161ka Deli\u0107<\/strong>, Chefredakteurin von O\u0161tro, einem Online-Portal f\u00fcr Recherche-Journalismus, betonte, dass &#8222;die \u00dcberpr\u00fcfung von Fakten die Aufgabe von Journalisten sein sollte. Wenn wir diese Arbeit speziellen Teams \u00fcberlassen, haben wir den Kampf bereits verloren&#8220;, so Deli\u0107. Obwohl eher von der Rechten genutzt, wird Desinformation jedoch auch von linken Parteien verbreitet, wie das Archiv von O\u0161tro zeigt, sagte sie.\u00a0<\/p>\n\n\n\n<figure class=\"wp-block-image size-large\"><img loading=\"lazy\" decoding=\"async\" width=\"1024\" height=\"683\" src=\"https:\/\/europeannewsroom.com\/wp-content\/uploads\/2023\/04\/Belgaimage-66129470-1024x683.jpg\" alt=\"\" class=\"wp-image-125887\" srcset=\"https:\/\/europeannewsroom.com\/wp-content\/uploads\/2023\/04\/Belgaimage-66129470-980x653.jpg 980w, https:\/\/europeannewsroom.com\/wp-content\/uploads\/2023\/04\/Belgaimage-66129470-480x320.jpg 480w\" sizes=\"(min-width: 0px) and (max-width: 480px) 480px, (min-width: 481px) and (max-width: 980px) 980px, (min-width: 981px) 1024px, 100vw\" \/><figcaption class=\"wp-element-caption\">27. April 2023, Br\u00fcssel. Die Vizepr\u00e4sidentin der Europ\u00e4ischen Kommission, V\u011bra Jourov\u00e1, spricht in einem vom European Newsroom organisierten Interview mit Journalisten \u00fcber den European Media Freedom Act. Foto: Benoit Doppagne\/Belga<\/figcaption><\/figure>\n\n\n\n<p class=\"wp-block-paragraph\"><strong>V\u011bra Jourov\u00e1<\/strong>, Vizepr\u00e4sidentin der Europ\u00e4ischen Kommission, erkl\u00e4rte am 23. Februar gegen\u00fcber der tschechischen Nachrichtenagentur CTK, dass Desinformationskampagnen darauf abzielen, die \u00f6ffentliche Meinung zu beeinflussen und somit die Gesellschaft als Ganzes zu manipulieren. Falsche oder unwahre Nachrichten k\u00f6nnen jedoch durch \u00dcberpr\u00fcfung widerlegt werden.<\/p>\n\n\n\n<p class=\"wp-block-paragraph\"><strong>Renate Schroeder<\/strong>, Direktorin der Europ\u00e4ischen Journalisten-F\u00f6deration (EJF), kritisierte am 21. Februar gegen\u00fcber dem European Newsroom (enr), dass der k\u00fcrzlich von der Europ\u00e4ischen Kommission ver\u00f6ffentlichte Entwurf von Leitlinien f\u00fcr die Plattformen zur Minderung von Risiken wie Desinformation die Rolle von Journalisten und Mediendienstleistern nur ein einziges Mal erw\u00e4hnt. Stattdessen konzentriert sich der Entwurf auf die Zusammenarbeit mit Faktenpr\u00fcfern. &#8222;Wir k\u00f6nnen die Arbeit gegen Desinformation nicht diesen Leitlinien \u00fcberlassen&#8220;, so Schroeder. &#8222;Journalisten sind von Berufs wegen Faktenpr\u00fcfer und wir m\u00fcssen sie dabei unterst\u00fctzen, ihre Arbeit auf nationaler, regionaler und lokaler Ebene zu tun. Davon sind wir aber noch weit entfernt.&#8220; erkl\u00e4rt sie.<\/p>\n\n\n\n<p class=\"wp-block-paragraph\">Das verabschiedete Europ\u00e4ische Gesetz zur Medienfreiheit ist zwar wichtig, da es Journalisten und ihre redaktionelle Unabh\u00e4ngigkeit sch\u00fctzt, aber das Problem der &#8222;<a href=\"https:\/\/europeanjournalists.org\/blog\/2024\/02\/28\/news-deserts-on-the-rise-a-first-comparative-study-indicates-the-fragile-situation-for-local-media-across-the-eu\/\">Nachrichten-W\u00fcsten<\/a>&#8220; in ganz Europa nimmt zu. Wir brauchen ein Bewusstsein, &#8222;um den Journalismus als \u00f6ffentliches Gut zu erhalten&#8220;, sagte Schroeder.<\/p>\n\n\n\n<p class=\"wp-block-paragraph\"><strong>Terry Reintke<\/strong>, gr\u00fcne Europaabgeordnete und Spitzenkandidatin bei den EU-Wahlen im Juni, sieht im EU-Gesetz \u00fcber digitale Dienste (DSA) den Schl\u00fcssel zur Bek\u00e4mpfung von Desinformation. Es soll auf europ\u00e4ischer Ebene sicherstellen, &#8222;dass Online-Plattformen das tun, was sie tun m\u00fcssen, um die Verbreitung von Desinformationen oder sogar Eingriffe in das Wahlergebnis durch Akteure wie Russland zu verhindern&#8220;. Reintke f\u00fcgte hinzu, dass &#8222;die Kommission sicherstellen muss, dass die Plattformbetreiber ihre Verantwortung wahrnehmen&#8220;.<\/p>\n\n\n\n<p class=\"wp-block-paragraph\"><em>Dieser Artikel ist Teil von enr&#8217;s EU Elections Spotlight: Desinformation in Europa. Der Inhalt basiert auf Nachrichten der am enr beteiligten Agenturen.<\/em><\/p>\n","protected":false},"excerpt":{"rendered":"<p>Die bevorstehenden EU-Wahlen im Juni 2024 sind das Ziel von Desinformationskampagnen. Politiker und Medienexperten betonen die Bedeutung von Qualit\u00e4tsjournalismus und Faktenchecks, um der Verbreitung von Desinformation entgegenzuwirken.<\/p>\n","protected":false},"author":119,"featured_media":219611,"comment_status":"closed","ping_status":"closed","sticky":false,"template":"","format":"standard","meta":{"_acf_changed":false,"_et_pb_use_builder":"","_et_pb_old_content":"","_et_gb_content_width":"","footnotes":""},"categories":[13308],"tags":[7885],"class_list":["post-223867","post","type-post","status-publish","format-standard","has-post-thumbnail","hentry","category-disinformation","tag-desinformation"],"acf":[],"_links":{"self":[{"href":"https:\/\/europeannewsroom.com\/de\/wp-json\/wp\/v2\/posts\/223867","targetHints":{"allow":["GET"]}}],"collection":[{"href":"https:\/\/europeannewsroom.com\/de\/wp-json\/wp\/v2\/posts"}],"about":[{"href":"https:\/\/europeannewsroom.com\/de\/wp-json\/wp\/v2\/types\/post"}],"author":[{"embeddable":true,"href":"https:\/\/europeannewsroom.com\/de\/wp-json\/wp\/v2\/users\/119"}],"replies":[{"embeddable":true,"href":"https:\/\/europeannewsroom.com\/de\/wp-json\/wp\/v2\/comments?post=223867"}],"version-history":[{"count":0,"href":"https:\/\/europeannewsroom.com\/de\/wp-json\/wp\/v2\/posts\/223867\/revisions"}],"wp:featuredmedia":[{"embeddable":true,"href":"https:\/\/europeannewsroom.com\/de\/wp-json\/wp\/v2\/media\/219611"}],"wp:attachment":[{"href":"https:\/\/europeannewsroom.com\/de\/wp-json\/wp\/v2\/media?parent=223867"}],"wp:term":[{"taxonomy":"category","embeddable":true,"href":"https:\/\/europeannewsroom.com\/de\/wp-json\/wp\/v2\/categories?post=223867"},{"taxonomy":"post_tag","embeddable":true,"href":"https:\/\/europeannewsroom.com\/de\/wp-json\/wp\/v2\/tags?post=223867"}],"curies":[{"name":"wp","href":"https:\/\/api.w.org\/{rel}","templated":true}]}}