{"id":114795,"date":"2023-03-23T17:45:12","date_gmt":"2023-03-23T16:45:12","guid":{"rendered":"https:\/\/enr.today\/?p=114795"},"modified":"2023-03-23T17:56:26","modified_gmt":"2023-03-23T16:56:26","slug":"marlaska-dice-en-la-eurocamara-que-nunca-debio-pasar-la-tragedia-de-melilla","status":"publish","type":"post","link":"https:\/\/europeannewsroom.com\/es\/marlaska-dice-en-la-eurocamara-que-nunca-debio-pasar-la-tragedia-de-melilla\/","title":{"rendered":"Marlaska dice en la Euroc\u00e1mara que \u00abnunca\u00bb debi\u00f3 pasar la tragedia de Melilla"},"content":{"rendered":"\n<p class=\"wp-block-paragraph\"><\/p>\n\n\n\n<p class=\"wp-block-paragraph\">Bruselas &#8211; El ministro espa\u00f1ol del Interior, <strong>Fernando Grande-Marlaska<\/strong>, dijo este mi\u00e9rcoles que \u00abnunca\u00bb debi\u00f3 producirse la tragedia ocurrida en la valla de Melilla en junio del pasado a\u00f1o, en la que murieron al menos 23 personas y defendi\u00f3 la actuaci\u00f3n \u00abproporcionada\u00bb de las fuerzas y cuerpos de seguridad del Estado.<\/p>\n\n\n\n<blockquote class=\"wp-block-quote is-layout-flow wp-block-quote-is-layout-flow\">\n<p class=\"wp-block-paragraph\">\u00abUnos hechos graves, que nunca debieron haberse producido, porque ni es tolerable atacar la frontera europea, ni es de recibo, y en esto les pido responsabilidad, decir que la \u00fanica forma de pedir asilo es mediante conductas violentas y que ponen en riesgo a todos\u00bb. <\/p>\n<cite>Fernando Grande-Marlaska, ministro espa\u00f1ol del Interior de Espa\u00f1a.<\/cite><\/blockquote>\n\n\n\n<p class=\"wp-block-paragraph\">En respuesta a las preguntas de los diputados, <strong>Grande-Marlaska <\/strong>explic\u00f3 que \u00aben territorio espa\u00f1ol no sucedi\u00f3 ninguna muerte, de los 23 fallecidos ninguno en Espa\u00f1a\u00bb y record\u00f3 que incluso la BBC tuvo que rectificar despu\u00e9s de haber informado err\u00f3neamente de la p\u00e9rdida de vidas en suelo espa\u00f1ol.<\/p>\n\n\n\n<p class=\"wp-block-paragraph\">Durante el debate en la comisi\u00f3n parlamentaria, una mayor\u00eda del PE, exceptuando a los representantes del PSOE, de la Agrupaci\u00f3n Nacional de <strong>Marine le Pen<\/strong> y a Fidesz -el partido de <strong>Viktor Orb\u00e1n<\/strong>-, critic\u00f3 la gesti\u00f3n del Gobierno espa\u00f1ol en la tragedia.(22 de marzo)<\/p>\n\n\n\n<h2 class=\"wp-block-heading\">Los l\u00edderes de la UE abordan en la cumbre las turbulencias financieras<\/h2>\n\n\n\n<figure class=\"wp-block-image size-full\"><img loading=\"lazy\" decoding=\"async\" width=\"800\" height=\"450\" src=\"https:\/\/europeannewsroom.com\/wp-content\/uploads\/2023\/03\/turbu.jpg\" alt=\"\" class=\"wp-image-114847\" srcset=\"https:\/\/europeannewsroom.com\/wp-content\/uploads\/2023\/03\/turbu.jpg 800w, https:\/\/europeannewsroom.com\/wp-content\/uploads\/2023\/03\/turbu-480x270.jpg 480w\" sizes=\"(min-width: 0px) and (max-width: 480px) 480px, (min-width: 481px) 800px, 100vw\" \/><figcaption class=\"wp-element-caption\">La presidenta de la Comisi\u00f3n Europea, Ursula von der Leyen (i), y el presidente del Consejo Europeo, Charles Michel (d), durante una rueda de prensa conjunta en Bruselas, B\u00e9lgica, en una imagen de archivo. FE\/EPA\/OLIVIER HOSLET \/ POOL<\/figcaption><\/figure>\n\n\n\n<p class=\"wp-block-paragraph\">Bruselas &#8211; Los l\u00edderes de la UE abordar\u00e1n en la cumbre de este jueves y viernes las recientes turbulencias en los mercados financieros tras la quiebra de varios bancos estadounidenses y el rescate de Credit Suisse en un debate que Espa\u00f1a aprovechar\u00e1 para reclamar avances en la uni\u00f3n bancaria, especialmente con la creaci\u00f3n de un fondo com\u00fan de garant\u00eda de dep\u00f3sitos.<\/p>\n\n\n\n<p class=\"wp-block-paragraph\">La intenci\u00f3n de los jefes de Estado y de Gobierno del bloque ser\u00e1 lanzar un mensaje tranquilizador con el argumento de que\u00a0las entidades financieras europeas tienen liquidez y solvencia suficientes para afrontar la crisis, en l\u00ednea con el mensaje que han trasladado en los \u00faltimos d\u00edas tanto el Banco Central Europeo como la Autoridad Bancaria Europea y la Comisi\u00f3n Europea.<\/p>\n\n\n\n<p class=\"wp-block-paragraph\">Con este escenario, Espa\u00f1a considera que es \u00abun buen momento\u00bb para \u00abempujar los elementos\u00bb que faltan para completar la uni\u00f3n bancaria, en particular el tercer pilar de la misma, un fondo europeo de garant\u00eda de dep\u00f3sitos que lleva a\u00f1os parado por las reticencias de pa\u00edses como Alemania y Pa\u00edses Bajos. (22 de marzo) <\/p>\n\n\n\n<h2 class=\"wp-block-heading\">Fiscal\u00eda europea pide a Espa\u00f1a que responda a investigaci\u00f3n sobre fondos de recuperaci\u00f3n<\/h2>\n\n\n\n<figure class=\"wp-block-image size-full\"><img loading=\"lazy\" decoding=\"async\" width=\"769\" height=\"450\" src=\"https:\/\/europeannewsroom.com\/wp-content\/uploads\/2023\/03\/Laura.jpg\" alt=\"\" class=\"wp-image-114879\" srcset=\"https:\/\/europeannewsroom.com\/wp-content\/uploads\/2023\/03\/Laura.jpg 769w, https:\/\/europeannewsroom.com\/wp-content\/uploads\/2023\/03\/Laura-480x281.jpg 480w\" sizes=\"(min-width: 0px) and (max-width: 480px) 480px, (min-width: 481px) 769px, 100vw\" \/><figcaption class=\"wp-element-caption\">La fiscal general europea, Laura K\u00f6vesi, comparece este jueves en la Comisi\u00f3n de Libertades del Parlamento Europeo. EFE\/Parlamento Europeo<\/figcaption><\/figure>\n\n\n\n<p class=\"wp-block-paragraph\">Bruselas &#8211; La fiscal general europea, <strong>Laura K\u00f6vesi<\/strong>, pidi\u00f3 este jueves a Espa\u00f1a que responda a una petici\u00f3n de informaci\u00f3n efectuada en una investigaci\u00f3n sobre el Mecanismo de Recuperaci\u00f3n y Resiliencia (MRR).<\/p>\n\n\n\n<p class=\"wp-block-paragraph\">\u00abHe o\u00eddo que Espa\u00f1a no quiere responder a nuestra petici\u00f3n. Espero que lo hagan porque es muy importante para nosotros tener claridad y poder ejercitar nuestras competencias\u00bb, dijo la responsable de ese organismo, que investiga y enjuicia las infracciones del presupuesto europeo.<\/p>\n\n\n\n<p class=\"wp-block-paragraph\">K\u00f6vesi compareci\u00f3 hoy ante los eurodiputados de las comisiones de Libertades y Control Presupuestario del Parlamento Europeo para presentar&nbsp;el \u00faltimo informe de la Fiscal\u00eda&nbsp;y hablar de los distintos asuntos en los que trabaja.<\/p>\n\n\n\n<blockquote class=\"wp-block-quote is-layout-flow wp-block-quote-is-layout-flow\">\n<p class=\"wp-block-paragraph\">En cuanto al MRR, en nuestra opini\u00f3n todos los fondos que se gastan son fondos europeos y tenemos competencias para investigar. Es verdad que se pueden hacer diferentes interpretaciones seg\u00fan los Estados miembros y la Fiscal\u00eda no es siempre competente.<\/p>\n<cite>Laura K\u00f6vesi, fiscal general europea.<\/cite><\/blockquote>\n\n\n\n<p class=\"wp-block-paragraph\">En ese contexto, dijo que la Fiscal\u00eda europea ha enviado informaci\u00f3n a los Ministerios de Justicia de distintos Estados miembro de la Uni\u00f3n Europea (UE) para aclarar esto y que \u00abla mayor\u00eda ha respondido\u00bb, algo que sin embargo a\u00fan no ha hecho Espa\u00f1a, apunt\u00f3. \u00abHemos iniciado algunas investigaciones. Tenemos en estos momentos 15 casos en curso y espero que cuando tengamos claridad sobre todos los temas legislativos, si hay algo que va mal informaremos a la Comisi\u00f3n Europea\u00bb, a\u00f1adi\u00f3. (23 de marzo) <\/p>\n\n\n\n<h2 class=\"wp-block-heading\">S\u00e1nchez expondr\u00e1 a Xi que es Ucrania la que debe fijar las condiciones de paz<\/h2>\n\n\n\n<figure class=\"wp-block-image size-large\"><img loading=\"lazy\" decoding=\"async\" width=\"1024\" height=\"683\" src=\"https:\/\/europeannewsroom.com\/wp-content\/uploads\/2023\/03\/xi-1024x683.jpg\" alt=\"\" class=\"wp-image-114911\" srcset=\"https:\/\/europeannewsroom.com\/wp-content\/uploads\/2023\/03\/xi-980x653.jpg 980w, https:\/\/europeannewsroom.com\/wp-content\/uploads\/2023\/03\/xi-480x320.jpg 480w\" sizes=\"(min-width: 0px) and (max-width: 480px) 480px, (min-width: 481px) and (max-width: 980px) 980px, (min-width: 981px) 1024px, 100vw\" \/><figcaption class=\"wp-element-caption\">En una imagen de archivo (2018) el presidente de la Rep\u00fablica Popular de China, Xi Jinping, durante la firma de varios acuerdos con el jefe del Ejecutivo, Pedro S\u00e1nchez, para reforzar la relaci\u00f3n en \u00e1reas de cooperaci\u00f3n com\u00fan, en el Palacio de la Moncloa.- EFE\/J.J. Guill\u00e9n<\/figcaption><\/figure>\n\n\n\n<p class=\"wp-block-paragraph\">Bruselas &#8211; El jefe del Gobierno espa\u00f1ol, Pedro S\u00e1nchez, defender\u00e1 ante el presidente chino, <strong>Xi Jinping<\/strong>, que la paz en Ucrania debe conllevar el respeto a la integridad territorial de este pa\u00eds y le trasladar\u00e1 que son los ucranianos quienes deben fijar las condiciones para iniciar el di\u00e1logo que permita esa paz.<\/p>\n\n\n\n<p class=\"wp-block-paragraph\"><strong>S\u00e1nchez<\/strong> avanz\u00f3 algunos de los mensajes que pretende exponer a Xi durante la reuni\u00f3n que mantendr\u00e1n la pr\u00f3xima semana en Pek\u00edn, en declaraciones a los periodistas a su llegada a la reuni\u00f3n del Consejo Europeo de Bruselas.<\/p>\n\n\n\n<p class=\"wp-block-paragraph\">El jefe del Ejecutivo viajar\u00e1 los d\u00edas 30 y 31 de marzo a China para participar en un foro econ\u00f3mico, reunirse con empresarios chinos y mantener un encuentro con el presidente Xi tras la invitaci\u00f3n que \u00e9ste le ha trasladado. (23 de marzo)<\/p>\n\n\n\n<h2 class=\"wp-block-heading\">Albares: Espa\u00f1a trabajar\u00e1 en unir \u00abpara siempre\u00bb a Europa y Latinoam\u00e9rica<\/h2>\n\n\n\n<figure class=\"wp-block-image size-full\"><img loading=\"lazy\" decoding=\"async\" width=\"800\" height=\"450\" src=\"https:\/\/europeannewsroom.com\/wp-content\/uploads\/2023\/03\/Albares.jpg\" alt=\"\" class=\"wp-image-114943\" srcset=\"https:\/\/europeannewsroom.com\/wp-content\/uploads\/2023\/03\/Albares.jpg 800w, https:\/\/europeannewsroom.com\/wp-content\/uploads\/2023\/03\/Albares-480x270.jpg 480w\" sizes=\"(min-width: 0px) and (max-width: 480px) 480px, (min-width: 481px) 800px, 100vw\" \/><figcaption class=\"wp-element-caption\">El ministro de Asuntos Exteriores, Jos\u00e9 Manuel Albares, en v\u00edsperas de la Cumbre Iberoamericana de Santo Domingo, en una entrevista con EFE, ha dicho que una de las prioridades de Espa\u00f1a en su semestre al frente de la UE ser\u00e1 fijar un marco de relaciones pol\u00edticas, comerciales y financieras que deje \u00abunidas para siempre\u00bb a Europa y Latinoam\u00e9rica como aliados naturales que son. EFE\/Juan Carlos Hidalgo<\/figcaption><\/figure>\n\n\n\n<p class=\"wp-block-paragraph\">Madrid &#8211; Una de las prioridades de Espa\u00f1a en su semestre al frente de la Uni\u00f3n Europea (UE), desde julio pr\u00f3ximo, ser\u00e1 fijar un marco de relaciones pol\u00edticas, comerciales y financieras que deje \u00abunidas para siempre\u00bb a Europa y Latinoam\u00e9rica como aliados naturales que son.<\/p>\n\n\n\n<p class=\"wp-block-paragraph\">El ministro espa\u00f1ol de Asuntos Exteriores, <strong>Jos\u00e9 Manuel Albares<\/strong>, marca este ambicioso objetivo de la presidencia espa\u00f1ola en una entrevista con EFE antes de viajar a Santo Domingo para participar en la XXVIII Cumbre Iberoamericana, que comienza este viernes.<\/p>\n\n\n\n<blockquote class=\"wp-block-quote is-layout-flow wp-block-quote-is-layout-flow\">\n<p class=\"wp-block-paragraph\">Am\u00e9rica Latina es de lejos -asegura Albares- la regi\u00f3n m\u00e1s eurocompatible del planeta, con los mismos valores, la misma apuesta por el multilateralismo, el rechazo de la guerra, el respeto a la Carta de Naciones Unidas? Es natural que trabajemos juntos.<\/p>\n<cite>Jos\u00e9 Manuel Albares, ministro de Exteriores de Espa\u00f1a.<\/cite><\/blockquote>\n\n\n\n<p class=\"wp-block-paragraph\">Primero, la apuesta que Espa\u00f1a va a hacer y que ya se ha traducido en la convocatoria, despu\u00e9s de ocho a\u00f1os, de una cumbre bilateral entre la UE y la Comunidad de Estados Latinoamericanos y Caribe\u00f1os (CELAC), con la que Espa\u00f1a pr\u00e1cticamente abrir\u00e1 su presidencia europea a mediados de julio. El segundo, seg\u00fan el ministro, es la guerra en Ucrania, que ha llevado a una nueva mirada de Europa hacia Am\u00e9rica Latina. \u00abLos europeos hemos redescubierto que necesitamos socios, amigos y aliados en el mundo\u00bb, argumenta. (22 de marzo)<\/p>\n\n\n\n<p class=\"wp-block-paragraph\">Esta recopilaci\u00f3n es una selecci\u00f3n editorial basada en la cobertura europea de EFE. La responsabilidad editorial de esta publicaci\u00f3n es de EFE. Se publica normalmente los lunes y jueves.<\/p>\n","protected":false},"excerpt":{"rendered":"<p>La comparecencia del ministro espa\u00f1ol del Interior, Fernando Grande-Marlaska, en un comit\u00e9 de la Euroc\u00e1mara para hablar de la tragedia de Melilla y la pr\u00f3xima visita del presidente del Gobierno espa\u00f1ol, Pedro S\u00e1nchez, a China para defender los intereses de Ucrania son dos de los asuntos m\u00e1s destacados de la actualidad espa\u00f1ola  en la Uni\u00f3n Europea, cuyos l\u00edderes celebran este jueves y viernes una cumbre en Bruselas. <\/p>\n","protected":false},"author":49,"featured_media":114813,"comment_status":"closed","ping_status":"closed","sticky":false,"template":"","format":"standard","meta":{"_acf_changed":false,"_et_pb_use_builder":"","_et_pb_old_content":"","_et_gb_content_width":"","footnotes":""},"categories":[45],"tags":[9243,9237,9235,761,4385,6061],"class_list":["post-114795","post","type-post","status-publish","format-standard","has-post-thumbnail","hentry","category-europe-in-brief","tag-albares","tag-euco","tag-malaska","tag-melilla","tag-sanchez-5","tag-xi"],"acf":[],"_links":{"self":[{"href":"https:\/\/europeannewsroom.com\/es\/wp-json\/wp\/v2\/posts\/114795","targetHints":{"allow":["GET"]}}],"collection":[{"href":"https:\/\/europeannewsroom.com\/es\/wp-json\/wp\/v2\/posts"}],"about":[{"href":"https:\/\/europeannewsroom.com\/es\/wp-json\/wp\/v2\/types\/post"}],"author":[{"embeddable":true,"href":"https:\/\/europeannewsroom.com\/es\/wp-json\/wp\/v2\/users\/49"}],"replies":[{"embeddable":true,"href":"https:\/\/europeannewsroom.com\/es\/wp-json\/wp\/v2\/comments?post=114795"}],"version-history":[{"count":0,"href":"https:\/\/europeannewsroom.com\/es\/wp-json\/wp\/v2\/posts\/114795\/revisions"}],"wp:featuredmedia":[{"embeddable":true,"href":"https:\/\/europeannewsroom.com\/es\/wp-json\/wp\/v2\/media\/114813"}],"wp:attachment":[{"href":"https:\/\/europeannewsroom.com\/es\/wp-json\/wp\/v2\/media?parent=114795"}],"wp:term":[{"taxonomy":"category","embeddable":true,"href":"https:\/\/europeannewsroom.com\/es\/wp-json\/wp\/v2\/categories?post=114795"},{"taxonomy":"post_tag","embeddable":true,"href":"https:\/\/europeannewsroom.com\/es\/wp-json\/wp\/v2\/tags?post=114795"}],"curies":[{"name":"wp","href":"https:\/\/api.w.org\/{rel}","templated":true}]}}