{"id":121530,"date":"2023-04-13T16:59:36","date_gmt":"2023-04-13T14:59:36","guid":{"rendered":"https:\/\/europeannewsroom.dpa.com\/?p=121530"},"modified":"2023-04-13T16:59:47","modified_gmt":"2023-04-13T14:59:47","slug":"bruselas-exigira-la-proteccion-de-donana","status":"publish","type":"post","link":"https:\/\/europeannewsroom.com\/es\/bruselas-exigira-la-proteccion-de-donana\/","title":{"rendered":"Bruselas exigir\u00e1 la protecci\u00f3n de Do\u00f1ana"},"content":{"rendered":"\n<p class=\"wp-block-paragraph\" id=\"primero\">Bruselas &#8211; La Comisi\u00f3n Europea insisti\u00f3 este jueves en que puede exigir a Espa\u00f1a \u00absi es necesario\u00bb la protecci\u00f3n del Parque Nacional de Do\u00f1ana y record\u00f3 que hay evidencias cient\u00edficas y t\u00e9cnicas \u00abs\u00f3lidas\u00bb sobre los \u00abefectos adversos\u00bb de la sobreexplotaci\u00f3n de sus aguas subterr\u00e1neas.<\/p>\n\n\n\n<p class=\"wp-block-paragraph\">\u00abSi es necesario la Comisi\u00f3n Europea tendr\u00e1 la posibilidad de adoptar nuevas medidas para asegurar que Espa\u00f1a cumple con la sentencia del Tribunal de Justicia sobre Do\u00f1ana\u00bb, expres\u00f3 el portavoz comunitario <strong>Tim McPhie<\/strong> tras ser preguntado por\u00a0la ley andaluza de regad\u00edos cuya tramitaci\u00f3n recibi\u00f3 luz verde ayer con los votos de PP y Vox. La Comisi\u00f3n Europea ya envi\u00f3 a finales de marzo una carta que daba un mes a Espa\u00f1a para adoptar medidas y tildaba a la ley andaluza de \u00abviolaci\u00f3n flagrante\u00bb de la sentencia del Tribunal de Justicia de la UE que conden\u00f3 a Espa\u00f1a por no haber hecho lo necesario para proteger el humedal. En aquella misiva amenaz\u00f3 adem\u00e1s con elevar de nuevo el caso ante la Justicia europea, esta vez proponiendo la imposici\u00f3n de sanciones econ\u00f3micas por persistir en el incumplimiento.<\/p>\n\n\n\n<p class=\"wp-block-paragraph\">Paralelamente,  el grupo socialdem\u00f3crata en el Parlamento Europeo est\u00e1 organizando un viaje de eurodiputados de varios partidos europeos para conocer la situaci\u00f3n en la que se encuentra el Parque Nacional de Do\u00f1ana.  As\u00ed lo ha anunciado este jueves la presidenta del grupo socialdem\u00f3crata en la Euroc\u00e1mara, <strong>Iratxe Garc\u00eda<\/strong>, que tambi\u00e9n ha avanzado que ha solicitado reuniones urgentes sobre este tema al vicepresidente ejecutivo de la Comisi\u00f3n Europea a cargo de biodiversidad y materia clim\u00e1tica, <strong>Frans Timmermans<\/strong>, y al comisario europeo de Medio Ambiente, <strong>Virginijus Sinkevicius<\/strong>. (13 de abril)<\/p>\n\n\n\n<h2 class=\"wp-block-heading\">Aumenta la preocupaci\u00f3n en Espa\u00f1a y en UE por el deterioro del Parque de Do\u00f1ana<\/h2>\n\n\n\n<figure class=\"wp-block-image size-large\"><img loading=\"lazy\" decoding=\"async\" width=\"1024\" height=\"683\" src=\"https:\/\/europeannewsroom.com\/wp-content\/uploads\/2023\/04\/Dona-1024x683.jpg\" alt=\"\" class=\"wp-image-121927\" srcset=\"https:\/\/europeannewsroom.com\/wp-content\/uploads\/2023\/04\/Dona-980x653.jpg 980w, https:\/\/europeannewsroom.com\/wp-content\/uploads\/2023\/04\/Dona-480x320.jpg 480w\" sizes=\"(min-width: 0px) and (max-width: 480px) 480px, (min-width: 481px) and (max-width: 980px) 980px, (min-width: 981px) 1024px, 100vw\" \/><figcaption class=\"wp-element-caption\">Boca de riego en una finca del cultivo de fresas ubicada en la zona de regad\u00edo al norte de la Corona Forestal de Do\u00f1ana, en el t\u00e9rmino municipal de Lucena del Puerto (Huelva). EFE\/Juli\u00e1n P\u00e9rez<\/figcaption><\/figure>\n\n\n\n<p class=\"wp-block-paragraph\">Madrid\/Sevilla &#8211; La aprobaci\u00f3n de una medida para ampliar los regad\u00edos al norte del Parque Nacional y Natural de Do\u00f1ana ha recrudecido la \u00abguerra del agua\u00bb que enfrenta en Espa\u00f1a al Gobierno central con el regional de Andaluc\u00eda, a mes y medio de las elecciones municipales y auton\u00f3micas y con la creciente preocupaci\u00f3n de la Uni\u00f3n Europea por el futuro de la mayor reserva ecol\u00f3gica europea.<\/p>\n\n\n\n<p class=\"wp-block-paragraph\">Declarado Reserva de la Biosfera por la UNESCO en 1980 y, posteriormente, Patrimonio de la Humanidad en 1994, Do\u00f1ana es uno de los espacios protegidos m\u00e1s conocidos de Europa y se despliega sobre una superficie de m\u00e1s de 122.000 hect\u00e1reas en una decena de municipios de las provincias andaluzas de Huelva, Sevilla y C\u00e1diz. Por su extensi\u00f3n y ubicaci\u00f3n en el entorno del Estrecho de Gibraltar, supone el lugar m\u00e1s importante para acoger, especialmente durante los meses invernales, hasta a 200.000 ejemplares de numerosas especies de avifauna.<\/p>\n\n\n\n<blockquote class=\"wp-block-quote is-layout-flow wp-block-quote-is-layout-flow\">\n<p class=\"wp-block-paragraph\">Vemos en Andaluc\u00eda una derecha que no niega la evidencia cient\u00edfica, pero que en cambio act\u00faa como si no existiera esa emergencia clim\u00e1tica (\u2026) y que hasta incluso niega la legislaci\u00f3n europea y las advertencias de la Comisi\u00f3n Europea. Pues yo lo digo desde aqu\u00ed, de manera serena, pero tambi\u00e9n con contundencia: Do\u00f1ana no se toca, Do\u00f1ana es patrimonio de los andaluces, de todos los espa\u00f1oles y Do\u00f1ana no se va a tocar. <\/p>\n<cite>Pedro S\u00e1nchez, presidente del Gobierno de Espa\u00f1a.<\/cite><\/blockquote>\n\n\n\n<p class=\"wp-block-paragraph\">La regi\u00f3n alberga tambi\u00e9n numerosas explotaciones agr\u00edcolas que han prosperado incluso a base de pozos ilegales, que extraen agua del mismo acu\u00edfero que debe sostener el equilibrio ecol\u00f3gico en la zona, para producir esencialmente fresas y frutos rojos que son exportados luego a todo el continente. La propuesta actual de la Junta de Andaluc\u00eda dar\u00eda carta de naturaleza a estas explotaciones si finalmente es aprobada por el pleno del parlamento regional andaluz entre los pr\u00f3ximos meses de mayo y julio y pretende, seg\u00fan el actual gobierno regional del Partido Popular (conservadores), resarcir el da\u00f1o causado a centenares de peque\u00f1os agricultores que en 2014 fueron excluidos por el Ejecutivo anterior, del PSOE (izquierda), en el conocido como Plan de la Fresa, aunque tuvieran actividad en la zona. (12 de abril) <\/p>\n\n\n\n<h2 class=\"wp-block-heading\">Ucrania pide en Espa\u00f1a una \u00abcoalici\u00f3n internacional\u00bb para facilitar sistemas antia\u00e9reos <\/h2>\n\n\n\n<figure class=\"wp-block-image size-large\"><img loading=\"lazy\" decoding=\"async\" width=\"1024\" height=\"683\" src=\"https:\/\/europeannewsroom.com\/wp-content\/uploads\/2023\/04\/ucra-1-1024x683.jpg\" alt=\"\" class=\"wp-image-121957\" srcset=\"https:\/\/europeannewsroom.com\/wp-content\/uploads\/2023\/04\/ucra-1-980x653.jpg 980w, https:\/\/europeannewsroom.com\/wp-content\/uploads\/2023\/04\/ucra-1-480x320.jpg 480w\" sizes=\"(min-width: 0px) and (max-width: 480px) 480px, (min-width: 481px) and (max-width: 980px) 980px, (min-width: 981px) 1024px, 100vw\" \/><figcaption class=\"wp-element-caption\">La ministra de Defensa, Margarita Robles, y el ministro ucraniano de Defensa, Oleksii Reznikov, tras la reuni\u00f3n de trabajo que han mantenido para analizar la ayuda prestada por Espa\u00f1a a Ucrania y la evoluci\u00f3n de la guerra. EFE\/J.J. Guill\u00e9n<\/figcaption><\/figure>\n\n\n\n<p class=\"wp-block-paragraph\">Madrid &#8211;&nbsp;Ucrania necesita reforzar urgentemente su muro defensivo antia\u00e9reo, sobre todo con cazas F16, y para ello su ministro de Defensa, Oleksii Reznikov, inst\u00f3 en Madrid a que los pa\u00edses de la Uni\u00f3n Europea (UE) y otros formen una \u201ccoalici\u00f3n internacional a\u00e9rea\u201d para donar a Kiev todo el material que necesite, de manera similar a como Europa hizo con la entrega de los Leopard.<\/p>\n\n\n\n<blockquote class=\"wp-block-quote is-layout-flow wp-block-quote-is-layout-flow\">\n<p class=\"wp-block-paragraph\">Los sistemas antia\u00e9reos son para nosotros la prioridad n\u00famero uno (&#8230;) Estoy convencido de que llegar\u00e1 el d\u00eda en que exista una coalici\u00f3n a\u00e9rea de este tipo. Es una cuesti\u00f3n de tiempo, dinero y decisi\u00f3n pol\u00edtica.<\/p>\n<cite>Oleksii Reznikov, ministro de Defensa de Ucrania<\/cite><\/blockquote>\n\n\n\n<p class=\"wp-block-paragraph\">Espa\u00f1a ha donado a Ucrania  6 Leopard y los 20 blindados TOA (Transporte Oruga Acorazado), que antes de que termine el mes estar\u00e1n f\u00edsicamente en ese pa\u00eds, precis\u00f3 la ministra de Defensa de Espa\u00f1a, Margarita Robles, antes de recordar que otros 4 carros de combate est\u00e1n ahora en reparaci\u00f3n para poder ser entregados lo antes posible. Adem\u00e1s, Espa\u00f1a continuar\u00e1 con la labor de entrenamiento de militares ucranianos y ya son m\u00e1s de mil los que han sido y est\u00e1n siendo entrenados en territorio espa\u00f1ol.<\/p>\n\n\n\n<p class=\"wp-block-paragraph\">Pero las fuerzas que defienden al pa\u00eds de la invasi\u00f3n rusa necesitan mucho m\u00e1s material, entre ellos sistemas antia\u00e9reos, m\u00e1s equipos de desminado, munici\u00f3n de artiller\u00eda pesada y, sobretodo, cazas F-16, el gran objetivo de Kiev, recalc\u00f3 Reznikov. Madrid no hizo comentarios sobre la petici\u00f3n, que requiere la aprobaci\u00f3n de la OTAN en coordinaci\u00f3n con la UE. (12 de abril)<\/p>\n\n\n\n<h2 class=\"wp-block-heading\">Bruselas \u00abtoma nota\u00bb de la declaraci\u00f3n del estado de emergencia en Italia<\/h2>\n\n\n\n<figure class=\"wp-block-image size-full\"><img loading=\"lazy\" decoding=\"async\" width=\"800\" height=\"450\" src=\"https:\/\/europeannewsroom.com\/wp-content\/uploads\/2023\/04\/roma.jpg\" alt=\"\" class=\"wp-image-121982\" srcset=\"https:\/\/europeannewsroom.com\/wp-content\/uploads\/2023\/04\/roma.jpg 800w, https:\/\/europeannewsroom.com\/wp-content\/uploads\/2023\/04\/roma-480x270.jpg 480w\" sizes=\"(min-width: 0px) and (max-width: 480px) 480px, (min-width: 481px) 800px, 100vw\" \/><\/figure>\n\n\n\n<p class=\"wp-block-paragraph\">Migrantes custodiados por la Polic\u00eda italiana en la isla de Lampedusa, este mi\u00e9rcoles 12 de abril. EFE\/EPA\/ELIO DESIDERIO<\/p>\n\n\n\n<p class=\"wp-block-paragraph\">Bruselas &#8211; La Comisi\u00f3n Europea (CE) \u00abtom\u00f3 nota\u00bb este mi\u00e9rcoles de la declaraci\u00f3n del estado de emergencia en Italia en respuesta al incremento de las llegadas de migrantes, subray\u00f3 que hacerlo es una \u00abcompetencia nacional\u00bb y rehus\u00f3 comentar las medidas concretas adoptadas por Roma hasta tener m\u00e1s detalles.<\/p>\n\n\n\n<p class=\"wp-block-paragraph\">Bruselas defiende que ha estado \u00abmuy activa\u00bb apoyando a los pa\u00edses en el \u00e1mbito de la pol\u00edtica migratoria \u00faltimamente y que ha prestado atenci\u00f3n a los \u00abretos particulares de las llegadas a trav\u00e9s del Mediterr\u00e1neo central a Italia\u00bb.<\/p>\n\n\n\n<p class=\"wp-block-paragraph\">El Gobierno italiano, que preside la ultraderechista Giorgia Meloni, ha decretado el estado de emergencia nacional migratorio durante los pr\u00f3ximos seis meses, tras el desembarco en las costas italianas de m\u00e1s de 3.000 personas en los \u00faltimos tres d\u00edas, informaron el martes los medios locales. La medida, a propuesta del ministro de Protecci\u00f3n Civil y Pol\u00edticas Mar\u00edtimas, Nello Musumeci, y con una financiaci\u00f3n inicial de cinco millones de euros, se implementar\u00e1 en todo el territorio nacional debido al aumento excepcional del flujo de migrantes a trav\u00e9s de las rutas del Mediterr\u00e1neo. (11 y 12 de abril) <\/p>\n\n\n\n<h2 class=\"wp-block-heading\">Charles Michel niega que aspire a suceder a Josep Borrell: \u00abSon rumores\u00bb<\/h2>\n\n\n\n<figure class=\"wp-block-image size-full\"><img loading=\"lazy\" decoding=\"async\" width=\"800\" height=\"450\" src=\"https:\/\/europeannewsroom.com\/wp-content\/uploads\/2023\/04\/michel.jpg\" alt=\"\" class=\"wp-image-121998\" srcset=\"https:\/\/europeannewsroom.com\/wp-content\/uploads\/2023\/04\/michel.jpg 800w, https:\/\/europeannewsroom.com\/wp-content\/uploads\/2023\/04\/michel-480x270.jpg 480w\" sizes=\"(min-width: 0px) and (max-width: 480px) 480px, (min-width: 481px) 800px, 100vw\" \/><\/figure>\n\n\n\n<p class=\"wp-block-paragraph\">El presidente del Consejo Europeo, Charles Michel, en una imagen de archivo. EFE\/Matias Mart\u00edn Campaya<\/p>\n\n\n\n<p class=\"wp-block-paragraph\">Bruselas &#8211; El presidente del Consejo Europeo, <strong>Charles Miche<\/strong>l, considera que las recientes cr\u00edticas sobre su te\u00f3rico pobre desempe\u00f1o en el cargo o el aumento de sus gastos en viajes buscan \u00abdesestabilizarle\u00bb y niega que aspire a suceder a <strong>Josep Borrel<\/strong>l como alto representante de la UE para Asuntos Exteriores.<\/p>\n\n\n\n<p class=\"wp-block-paragraph\">\u00abYo me quedo tranquilo, concentrado en mi tarea, concentrado en mis responsabilidades. No puedo excluir que haya una serie de intentos de desestabilizaci\u00f3n en relaci\u00f3n con esto. Algunas me atribuyen ambiciones que no tengo\u00bb, declar\u00f3 el pol\u00edtico belga en una entrevista publicada este jueves por los medios belgas La Libre y De Standaard.<\/p>\n\n\n\n<p class=\"wp-block-paragraph\"><strong>Michel<\/strong> se defiende as\u00ed de las cr\u00edticas vertidas contra \u00e9l en dos art\u00edculos, uno del diario alem\u00e1n Politico que cargaba contra su rendimiento al frente del Consejo Europeo y otro del franc\u00e9s Le Monde que criticaba sus viajes \u00abcaros y contaminantes\u00bb, con 2,6 millones de euros de presupuesto para desplazamientos en 2024, un 27,5 % m\u00e1s que en 2023.<\/p>\n\n\n\n<p class=\"wp-block-paragraph\">El ex primer ministro belga asegura que hay que entender esas cr\u00edticas en un contexto preelectoral en Bruselas, a un a\u00f1o vista de que acabe la legislatura comunitaria. Tambi\u00e9n es habitual que algunos medios atribuyan a <strong>Michel<\/strong> aspiraciones de salidas profesionales tras agotar\u00a0su segundo y \u00faltimo mandato como presidente del Consejo Europeo, tales como convertirse en el presidente del Banco Europeo de Inversiones (BEI) o en el alto representante de la UE para Asuntos Exteriores cuando acabe el mandato de <strong>Borrell<\/strong> al t\u00e9rmino de la legislatura. (13 de abril) <\/p>\n\n\n\n<p class=\"wp-block-paragraph\">Esta recopilaci\u00f3n es una selecci\u00f3n editorial basada en la cobertura europea de EFE. La responsabilidad editorial de esta publicaci\u00f3n es de EFE. Se publica normalmente los lunes y jueves.<\/p>\n\n\n\n<p class=\"wp-block-paragraph\"><\/p>\n","protected":false},"excerpt":{"rendered":"<p>El revuelo generado en Espa\u00f1a por la decisi\u00f3n del gobierno regional andaluz de ir en contra de Bruselas en la protecci\u00f3n del Parque Nacional de Do\u00f1ana centra la atenci\u00f3n informativa en los medios locales, que tambi\u00e9n han seguido con atenci\u00f3n la visita a Madrid del ministro de Defensa de Ucrania y la decisi\u00f3n de Italia de declarar el estado de emergencia por el aumento en las llegadas de migrantes, entre otros asuntos.<\/p>\n","protected":false},"author":49,"featured_media":121531,"comment_status":"closed","ping_status":"closed","sticky":false,"template":"","format":"standard","meta":{"_acf_changed":false,"_et_pb_use_builder":"","_et_pb_old_content":"","_et_gb_content_width":"","footnotes":""},"categories":[45],"tags":[9667,9668,2361,1067],"class_list":["post-121530","post","type-post","status-publish","format-standard","has-post-thumbnail","hentry","category-europe-in-brief","tag-donana","tag-italia-2","tag-michel","tag-ucrania"],"acf":[],"_links":{"self":[{"href":"https:\/\/europeannewsroom.com\/es\/wp-json\/wp\/v2\/posts\/121530","targetHints":{"allow":["GET"]}}],"collection":[{"href":"https:\/\/europeannewsroom.com\/es\/wp-json\/wp\/v2\/posts"}],"about":[{"href":"https:\/\/europeannewsroom.com\/es\/wp-json\/wp\/v2\/types\/post"}],"author":[{"embeddable":true,"href":"https:\/\/europeannewsroom.com\/es\/wp-json\/wp\/v2\/users\/49"}],"replies":[{"embeddable":true,"href":"https:\/\/europeannewsroom.com\/es\/wp-json\/wp\/v2\/comments?post=121530"}],"version-history":[{"count":0,"href":"https:\/\/europeannewsroom.com\/es\/wp-json\/wp\/v2\/posts\/121530\/revisions"}],"wp:featuredmedia":[{"embeddable":true,"href":"https:\/\/europeannewsroom.com\/es\/wp-json\/wp\/v2\/media\/121531"}],"wp:attachment":[{"href":"https:\/\/europeannewsroom.com\/es\/wp-json\/wp\/v2\/media?parent=121530"}],"wp:term":[{"taxonomy":"category","embeddable":true,"href":"https:\/\/europeannewsroom.com\/es\/wp-json\/wp\/v2\/categories?post=121530"},{"taxonomy":"post_tag","embeddable":true,"href":"https:\/\/europeannewsroom.com\/es\/wp-json\/wp\/v2\/tags?post=121530"}],"curies":[{"name":"wp","href":"https:\/\/api.w.org\/{rel}","templated":true}]}}