{"id":1217045,"date":"2025-05-04T13:20:59","date_gmt":"2025-05-04T11:20:59","guid":{"rendered":"https:\/\/europeannewsroom.com\/?p=1217045"},"modified":"2025-05-04T13:21:06","modified_gmt":"2025-05-04T11:21:06","slug":"dolors-montserrat-nueva-secretaria-general-del-partido-popular-europeo","status":"publish","type":"post","link":"https:\/\/europeannewsroom.com\/es\/dolors-montserrat-nueva-secretaria-general-del-partido-popular-europeo\/","title":{"rendered":"Dolors Montserrat, nueva secretaria general del Partido Popular Europeo"},"content":{"rendered":"\n<p class=\"wp-block-paragraph\">Valencia &#8211; La portavoz del Partido Popular (PP) en el Parlamento Europeo, <strong>Dolors Montserrat<\/strong>, ha sido confirmada este mi\u00e9rcoles como nueva secretaria general del Partido Popular Europeo (PPE), n\u00famero dos de la formaci\u00f3n comunitaria y mano derecha del reelegido presidente, el alem\u00e1n <strong>Manfred Weber<\/strong>, que renov\u00f3 su cargo para los pr\u00f3ximos tres a\u00f1os este martes.<\/p>\n\n\n\n<p class=\"wp-block-paragraph\">Montserrat ha recibido 518 votos a favor de los 562 emitidos, adem\u00e1s de 40 en contra y cuatro votos en blanco o no v\u00e1lidos, lo que supone un apoyo del 93 % de los delegados con derecho a voto en el congreso del PPE en Valencia, que concluye este mi\u00e9rcoles.<\/p>\n\n\n\n<p class=\"wp-block-paragraph\">En la votaci\u00f3n no hab\u00eda ning\u00fan otro candidato al tratarse de una nominaci\u00f3n personal del propio Weber, que en las \u00faltimas semanas ha elogiado la figura de Montserrat y su papel en la campa\u00f1a de las elecciones europeas de 2024 en las que el PP lleg\u00f3 a casi duplicar su n\u00famero de esca\u00f1os en la Euroc\u00e1mara respecto a la legislatura anterior (22 frente a 13).<\/p>\n\n\n\n<p class=\"wp-block-paragraph\">En su discurso de agradecimiento, del que ha pronunciado partes en espa\u00f1ol, ingl\u00e9s, franc\u00e9s, alem\u00e1n e italiano, ha transmitido a la ciudad anfitriona de Valencia que, al cumplirse seis meses de las devastadoras inundaciones que dejaron m\u00e1s de 200 muertos el 29 de octubre de 2024, Europa \u00abno olvida, no abandona y no deja a nadie atr\u00e1s\u00bb.<\/p>\n\n\n\n<p class=\"wp-block-paragraph\">La popular se ha presentado ante el congreso \u00abcomo catalana, espa\u00f1ola y europea\u00bb: \u00abCatalu\u00f1a me mostr\u00f3 que el nacionalismo puede envenenar una tierra maravillosa. Espa\u00f1a, que la unidad es el refugio y la soluci\u00f3n a todos los problemas. Europa me ha ense\u00f1ado el valor de la paz y la solidaridad\u00bb, ha asegurado.<\/p>\n\n\n\n<p class=\"wp-block-paragraph\">\u00abAsumo el cargo de secretaria general del Partido Popular Europeo con honor y responsabilidad. Y, sobre todo, con una profunda convicci\u00f3n: Europa solo existir\u00e1 si sigue siendo libre\u00bb, ha urgido.<\/p>\n\n\n\n<p class=\"wp-block-paragraph\">Con Dolors Montserrat, la Secretar\u00eda General del partido vuelve a manos espa\u00f1olas despu\u00e9s de que<strong> Antonio L\u00f3pez Ist\u00fariz<\/strong> ocupara este cargo durante dos d\u00e9cadas, entre 2002 y 2022, y que antes de \u00e9l lo hiciera <strong>Alejandro Agag <\/strong>en los dos a\u00f1os previos.<\/p>\n\n\n\n<p class=\"wp-block-paragraph\">Adem\u00e1s, por primera vez en la historia del partido, una mujer ostentar\u00e1 este cargo, al que Weber quiere dar un tinte m\u00e1s pol\u00edtico en busca de una nueva narrativa para que los democristianos europeos afronten la nueva incertidumbre geopol\u00edtica global.<\/p>\n\n\n\n<p class=\"wp-block-paragraph\">Adem\u00e1s de su nuevo cargo en el partido, Montserrat mantendr\u00e1 la Vicepresidencia del grupo europarlamentario popular y su papel como miembro del Comit\u00e9 Ejecutivo del PP, pero dejar\u00e1 la jefatura de la delegaci\u00f3n espa\u00f1ola en los populares del Parlamento Europeo, que pasar\u00e1 a manos de <strong>Esteban Gonz\u00e1lez Pons <\/strong>en pr\u00f3ximos d\u00edas.<\/p>\n\n\n\n<p class=\"wp-block-paragraph\">El PPE ha elegido tambi\u00e9n a sus vicepresidentes para los pr\u00f3ximos tres a\u00f1os: el primer ministro finland\u00e9s, <strong>Petteri Orpo<\/strong>; el ministro de Exteriores italiano, <strong>Antonio Tajani<\/strong>; el titular de Exteriores portugu\u00e9s, <strong>Paulo Rangel<\/strong>; el viceprimer ministro griego, <strong>Kostis Chatzidakis<\/strong>; los comisarios europeos <strong>Dubravka Suica<\/strong> (Croacia) y <strong>Magnus Brunner <\/strong>(Austria), y los eurodiputados <strong>David McAllister<\/strong> (Alemania), <strong>Siegfried Muresan <\/strong>(Ruman\u00eda) y <strong>Andrzej Halick<\/strong>i (Polonia), as\u00ed como la excomisaria europea <strong>Mairead McGuinness<\/strong> (Irlanda). (30 de abril) <\/p>\n","protected":false},"excerpt":{"rendered":"<p>Montserrat ha recibido 518 votos a favor de los 562 emitidos, adem\u00e1s de 40 en contra y cuatro votos en blanco o no v\u00e1lidos, lo que supone un apoyo del 93 % de los delegados con derecho a voto en el congreso del PPE en Valencia.<\/p>\n","protected":false},"author":49,"featured_media":1217046,"comment_status":"closed","ping_status":"closed","sticky":false,"template":"","format":"standard","meta":{"_acf_changed":false,"_et_pb_use_builder":"","_et_pb_old_content":"","_et_gb_content_width":"","footnotes":""},"categories":[45],"tags":[],"class_list":["post-1217045","post","type-post","status-publish","format-standard","has-post-thumbnail","hentry","category-europe-in-brief"],"acf":[],"_links":{"self":[{"href":"https:\/\/europeannewsroom.com\/es\/wp-json\/wp\/v2\/posts\/1217045","targetHints":{"allow":["GET"]}}],"collection":[{"href":"https:\/\/europeannewsroom.com\/es\/wp-json\/wp\/v2\/posts"}],"about":[{"href":"https:\/\/europeannewsroom.com\/es\/wp-json\/wp\/v2\/types\/post"}],"author":[{"embeddable":true,"href":"https:\/\/europeannewsroom.com\/es\/wp-json\/wp\/v2\/users\/49"}],"replies":[{"embeddable":true,"href":"https:\/\/europeannewsroom.com\/es\/wp-json\/wp\/v2\/comments?post=1217045"}],"version-history":[{"count":0,"href":"https:\/\/europeannewsroom.com\/es\/wp-json\/wp\/v2\/posts\/1217045\/revisions"}],"wp:featuredmedia":[{"embeddable":true,"href":"https:\/\/europeannewsroom.com\/es\/wp-json\/wp\/v2\/media\/1217046"}],"wp:attachment":[{"href":"https:\/\/europeannewsroom.com\/es\/wp-json\/wp\/v2\/media?parent=1217045"}],"wp:term":[{"taxonomy":"category","embeddable":true,"href":"https:\/\/europeannewsroom.com\/es\/wp-json\/wp\/v2\/categories?post=1217045"},{"taxonomy":"post_tag","embeddable":true,"href":"https:\/\/europeannewsroom.com\/es\/wp-json\/wp\/v2\/tags?post=1217045"}],"curies":[{"name":"wp","href":"https:\/\/api.w.org\/{rel}","templated":true}]}}