{"id":1221559,"date":"2025-05-05T15:23:34","date_gmt":"2025-05-05T13:23:34","guid":{"rendered":"https:\/\/europeannewsroom.com\/?p=1221559"},"modified":"2025-05-05T15:24:07","modified_gmt":"2025-05-05T13:24:07","slug":"von-der-leyen-ve-un-enorme-error-de-calculo-recortar-en-ciencia-como-trump-y-ofrece-una-ue-abierta-al-talento","status":"publish","type":"post","link":"https:\/\/europeannewsroom.com\/es\/von-der-leyen-ve-un-enorme-error-de-calculo-recortar-en-ciencia-como-trump-y-ofrece-una-ue-abierta-al-talento\/","title":{"rendered":"Von der Leyen ve un \u00abenorme error de c\u00e1lculo\u00bb recortar en ciencia como Trump y ofrece una UE abierta al talento"},"content":{"rendered":"\n<p class=\"wp-block-paragraph\">Bruselas \u2013\u00a0 La presidenta de la Comisi\u00f3n Europea, <strong>Ursula von der Leyen<\/strong>, ha descrito este lunes como un \u00abenorme error de c\u00e1lculo\u00bb que en la actualidad se cuestione el papel de la ciencia y se abogue por recortar la inversi\u00f3n en investigaci\u00f3n, en una referencia velada a las pol\u00edticas de la nueva Administraci\u00f3n estadounidense de <strong>Donald Trump<\/strong> ante las que ha ofrecido el contrapunto de una Uni\u00f3n Europea abierta al talento y libre para la investigaci\u00f3n.<\/p>\n\n\n\n<p class=\"wp-block-paragraph\">\u00abQueremos que los cient\u00edficos, los investigadores, las universidades y los trabajadores altamente cualificados elijan Europa\u00bb, ha afirmado la conservadora alemana en un acto en la Universidad de la Sorbona de Par\u00eds, acompa\u00f1ada por el presidente de Francia, <strong>Emmanuel Macron<\/strong>, quien tambi\u00e9n ha alertado del riesgo de someterse al \u00abdictado\u00bb de gobiernos que puedan decir que \u00abest\u00e1 prohibido investigar esto o lo otro\u00bb.<\/p>\n\n\n\n<p class=\"wp-block-paragraph\"><strong>Macron <\/strong>ha concedido que \u00abnadie pod\u00eda imaginar que una gran democracia mundial fuera a cometer un error tal\u00bb como cancelar la financiaci\u00f3n de programas cient\u00edficos porque incluyen en sus descripciones la palabra \u00abdiversidad\u00bb o denegar visados a cient\u00edficos clave, incluso a aquellos que han \u00abcontribuido a su seguridad nacional\u00bb.<\/p>\n\n\n\n<p class=\"wp-block-paragraph\">La jefa del Ejecutivo comunitario ha aprovechado su discurso para presentar las claves del plan &#8216;Elegir Europa&#8217; con el que Bruselas aspira a atraer talento cient\u00edfico a la Uni\u00f3n Europea, pero tambi\u00e9n a proteger la libertad de investigaci\u00f3n y a apoyar la capacidad de innovaci\u00f3n y producci\u00f3n cient\u00edfica de empresas europeas.<\/p>\n\n\n\n<p class=\"wp-block-paragraph\">De este modo, <strong>Von der Leyen<\/strong> se ha mostrado \u00abconvencida\u00bb de que \u00abla ciencia es el carburante del progreso y del crecimiento para nuestras sociedades\u00bb, al tiempo que ha avisado de que \u00absin las ideas y los avances logrados con la investigaci\u00f3n cient\u00edfica, el progreso tarde o temprano se estanca\u00bb.<\/p>\n\n\n\n<p class=\"wp-block-paragraph\"><strong>Von der Leyen<\/strong> ha recordado que los pa\u00edses del bloque tienen como objetivo destinar el 3% del PIB a la investigaci\u00f3n y desarrollo (I+D) en el horizonte de 2030 y, en este marco, ha prometido propuestas \u00abambiciosas\u00bb de financiaci\u00f3n para el sector en el pr\u00f3ximo marco presupuestario para el periodo 2028-2034, cuyo primer borrador se prev\u00e9 para antes del verano.<\/p>\n\n\n\n<p class=\"wp-block-paragraph\">Asimismo, ha adelantado que Bruselas propondr\u00e1 una partida adicional de 500 millones de euros para el periodo 2025-2027 con el objetivo de que la UE sea un \u00abpolo de atracci\u00f3n para los investigadores\u00bb, al tiempo que ha apuntado la voluntad de crear una \u00absupersubvenci\u00f3n\u00bb para un periodo de siete a\u00f1os del Consejo Europeo de Investigaci\u00f3n (ERC, por sus siglas en ingl\u00e9s), un apoyo que no ha detallado pero que ha asegurado dar\u00e1 una \u00abperspectiva a largo plazo a los mejores investigadores\u00bb que elijan Europa.<\/p>\n\n\n\n<blockquote class=\"wp-block-quote is-layout-flow wp-block-quote-is-layout-flow\">\n<p class=\"wp-block-paragraph\">\u00abLa ciencia es clave para nuestro futuro\u00bb, reivindica la presidenta de la Comisi\u00f3n Europea<\/p>\n<\/blockquote>\n\n\n\n<p class=\"wp-block-paragraph\">Tambi\u00e9n se reforzar\u00e1 el apoyo a los cient\u00edficos m\u00e1s j\u00f3venes en el inicio de su carrera a trav\u00e9s de las becas Marie Curie para que, ha subrayado <strong>Von der Leyen<\/strong>, \u00abquienes elijan Europa se beneficiar\u00e1n de ayudas m\u00e1s altas y contratos m\u00e1s largos\u00bb. \u00abAmpliaremos el apoyo a lo largo de los dos pr\u00f3ximos a\u00f1os con medidas espec\u00edficas en \u00e1reas de vanguardia como la Inteligencia Artificial\u00bb, ha remachado.<\/p>\n\n\n\n<p class=\"wp-block-paragraph\">EUROPA COMO REFUGIO DE UNA CIENCIA \u00abABIERTA Y LIBRE\u00bb<\/p>\n\n\n\n<p class=\"wp-block-paragraph\">En su discurso, <strong>Von der Leyen<\/strong> ha alertado de que en la actualidad se est\u00e1 \u00abponiendo en duda\u00bb el papel de la ciencia y se cuestione la inversi\u00f3n en \u00abinvestigaci\u00f3n fundamental, libre y abierta\u00bb.<\/p>\n\n\n\n<p class=\"wp-block-paragraph\">\u00ab\u00a1Qu\u00e9 enorme error de c\u00e1lculo!\u00bb, la ciencia es clave para nuestro futuro\u00bb, ha continuado la pol\u00edtica alemana, sin referencias directas al giro en esta materia de la nueva Administraci\u00f3n norteamericana de <strong>Donald Trump<\/strong> pero con una defensa de Europa como un espacio para la ciencia \u00ababierta y libre\u00bb.<\/p>\n\n\n\n<p class=\"wp-block-paragraph\">Con todo, un portavoz comunitario ha afirmado m\u00e1s tarde desde Bruselas que las palabras de <strong>Von der Leyen<\/strong> no se refiere a la situaci\u00f3n \u00aben otros pa\u00edses\u00bb, sino que destaca el modo en que se gestiona la ciencia en Europa y las \u00abventajas que ofrece la UE para una ciencia abierta, colaborativa e importante\u00bb.<\/p>\n\n\n\n<p class=\"wp-block-paragraph\">\u00abSin la ciencia simplemente no podremos superar los retos mundiales actuales, desde la salud hasta las nuevas tecnolog\u00edas o desde el clima a los oc\u00e9anos\u00bb, ha expresado <strong>Von der Leyen<\/strong>, para m\u00e1s adelante avisar de que \u00abahora, m\u00e1s que nunca, debemos defender la ciencia\u00bb. Una ciencia, ha dicho, \u00abuniversal, compartida por toda la humanidad y unificadora\u00bb.<\/p>\n\n\n\n<p class=\"wp-block-paragraph\">En este contexto, la presidenta de la Comisi\u00f3n ha subrayado que la ciencia \u00abno tiene pasaporte, ni g\u00e9nero, ni etnia ni partido pol\u00edtico\u00bb, sino que desempe\u00f1a un \u00abpapel crucial\u00bb a la hora de \u00abconectar a la gente y para la creaci\u00f3n de un futuro com\u00fan en un mundo fracturado\u00bb.<\/p>\n\n\n\n<p class=\"wp-block-paragraph\">En todo caso, <strong>Von der Leyen<\/strong> ha enfatizado en su discurso que la \u00abdiversidad\u00bb es un \u00abvalor\u00bb de la humanidad y un \u00abelemento vital\u00bb para la ciencia y tambi\u00e9n es \u00abuno de los bienes mundiales m\u00e1s preciados y debe ser protegida\u00bb. Por ello, ha insistido, \u00abEuropa siempre elegir\u00e1 la ciencia y har\u00e1 por que los cient\u00edficos del mundo elijan Europa\u00bb. (5 de mayo)<\/p>\n","protected":false},"excerpt":{"rendered":"<p>Macron defiende una ciencia \u00ablibre y abierta\u00bb frente al &#8216;diktat&#8217; de gobiernos que proh\u00edben \u00abinvestigar esto o lo otro\u00bb<\/p>\n","protected":false},"author":180,"featured_media":1221560,"comment_status":"closed","ping_status":"closed","sticky":false,"template":"","format":"standard","meta":{"_acf_changed":false,"_et_pb_use_builder":"","_et_pb_old_content":"","_et_gb_content_width":"","footnotes":""},"categories":[45],"tags":[],"class_list":["post-1221559","post","type-post","status-publish","format-standard","has-post-thumbnail","hentry","category-europe-in-brief"],"acf":[],"_links":{"self":[{"href":"https:\/\/europeannewsroom.com\/es\/wp-json\/wp\/v2\/posts\/1221559","targetHints":{"allow":["GET"]}}],"collection":[{"href":"https:\/\/europeannewsroom.com\/es\/wp-json\/wp\/v2\/posts"}],"about":[{"href":"https:\/\/europeannewsroom.com\/es\/wp-json\/wp\/v2\/types\/post"}],"author":[{"embeddable":true,"href":"https:\/\/europeannewsroom.com\/es\/wp-json\/wp\/v2\/users\/180"}],"replies":[{"embeddable":true,"href":"https:\/\/europeannewsroom.com\/es\/wp-json\/wp\/v2\/comments?post=1221559"}],"version-history":[{"count":0,"href":"https:\/\/europeannewsroom.com\/es\/wp-json\/wp\/v2\/posts\/1221559\/revisions"}],"wp:featuredmedia":[{"embeddable":true,"href":"https:\/\/europeannewsroom.com\/es\/wp-json\/wp\/v2\/media\/1221560"}],"wp:attachment":[{"href":"https:\/\/europeannewsroom.com\/es\/wp-json\/wp\/v2\/media?parent=1221559"}],"wp:term":[{"taxonomy":"category","embeddable":true,"href":"https:\/\/europeannewsroom.com\/es\/wp-json\/wp\/v2\/categories?post=1221559"},{"taxonomy":"post_tag","embeddable":true,"href":"https:\/\/europeannewsroom.com\/es\/wp-json\/wp\/v2\/tags?post=1221559"}],"curies":[{"name":"wp","href":"https:\/\/api.w.org\/{rel}","templated":true}]}}