{"id":1227889,"date":"2025-05-06T18:38:50","date_gmt":"2025-05-06T16:38:50","guid":{"rendered":"https:\/\/europeannewsroom.com\/?p=1227889"},"modified":"2025-05-06T18:43:19","modified_gmt":"2025-05-06T16:43:19","slug":"albares-pide-a-kallas-que-discutir-en-el-proximo-cae-la-situacion-de-hambruna-en-gaza","status":"publish","type":"post","link":"https:\/\/europeannewsroom.com\/es\/albares-pide-a-kallas-que-discutir-en-el-proximo-cae-la-situacion-de-hambruna-en-gaza\/","title":{"rendered":"Albares pide a Kallas discutir en el pr\u00f3ximo CAE la \u00absituaci\u00f3n de hambruna\u00bb en Gaza"},"content":{"rendered":"\n<p class=\"wp-block-paragraph\">Madrid \u00a0\u2013\u00a0El ministro de Asuntos Exteriores, Uni\u00f3n Europea y Cooperaci\u00f3n, <strong>Jos\u00e9 Manuel Albares<\/strong>, ha pedido por carta a la Alta Representante de la UE de Pol\u00edtica Exterior, <strong>Kaja Kallas<\/strong>, que se incluya la \u00absituaci\u00f3n de hambruna\u00bb en la Franja de Gaza ante el bloqueo israel\u00ed a la entrada de ayuda en la pr\u00f3xima reuni\u00f3n del Consejo de Asuntos Exteriores, que se celebrar\u00e1 el 20 de mayo.<\/p>\n\n\n\n<p class=\"wp-block-paragraph\">El jefe de la diplomacia ya hab\u00eda adelantado la v\u00edspera, durante su comparecencia ante la Comisi\u00f3n de Exteriores del Senado, que enviar\u00eda esta misiva. Tanto en esta intervenci\u00f3n, como en la que hizo por la ma\u00f1ana ante la comisi\u00f3n hom\u00f3nima en el Congreso, se mostr\u00f3 muy cr\u00edtico con la situaci\u00f3n en Gaza.<\/p>\n\n\n\n<p class=\"wp-block-paragraph\">\u00abLa situaci\u00f3n en Gaza es inaceptable, adem\u00e1s de inhumana\u00bb, sostuvo en la C\u00e1mara Alta, denunciando que el bloqueo impuesto por Israel a la entrada de ayuda humanitaria \u00abha provocado la hambruna\u00bb. \u00abLa entrada urgente de alimentos es necesaria para salvar vidas\u00bb, reclam\u00f3.<\/p>\n\n\n\n<p class=\"wp-block-paragraph\">Seg\u00fan han indicado fuentes diplom\u00e1ticas a Europa Press, en su misiva <strong>Albares<\/strong> se expresa en la misma l\u00ednea, advirtiendo de que \u00abmuchas vidas de civiles inocentes, de miles de ni\u00f1os y ni\u00f1as est\u00e1n en juego\u00bb.<\/p>\n\n\n\n<p class=\"wp-block-paragraph\">Para solicitar que se incluya esta cuesti\u00f3n en la pr\u00f3xima cita de ministros de Exteriores de la UE &#8211;los Veintisiete se han dado cita este mi\u00e9rcoles y jueves en Varsovia, pero es una reuni\u00f3n informal&#8211;, esgrime que \u00abEuropa es faro para el mundo en defensa del Derecho Internacional Humanitario y de los Derechos Humanos\u00bb.<\/p>\n\n\n\n<blockquote class=\"wp-block-quote is-layout-flow wp-block-quote-is-layout-flow\">\n<p class=\"wp-block-paragraph\">La UE debe aunar fuerzas para aliviar la hambruna en Gaza<\/p>\n<\/blockquote>\n\n\n\n<p class=\"wp-block-paragraph\">Por tanto, los europeos deben \u00abaunar fuerzas para aliviar la hambruna en Gaza, para que la ayuda humanitaria se reanude y para evitar la muerte de m\u00e1s civiles inocentes\u00bb, sostiene el ministro, seg\u00fan las citadas fuentes.<\/p>\n\n\n\n<p class=\"wp-block-paragraph\"><strong>Albares<\/strong> considera \u00abvital\u00bb que \u00e9l y sus colegas de la UE traten esta cuesti\u00f3n en el pr\u00f3ximo Consejo de Asuntos Exteriores y que unan fuerzas para aliviarla y conf\u00eda en contar con la colaboraci\u00f3n de <strong>Kallas<\/strong> para que se incluya en el orden del d\u00eda de los temas a debatir. (6 de mayo)<\/p>\n","protected":false},"excerpt":{"rendered":"<p>El ministro espa\u00f1ol defiende que la UE debe unir fuerzas para evitar que mueran civiles<\/p>\n","protected":false},"author":181,"featured_media":988039,"comment_status":"closed","ping_status":"closed","sticky":false,"template":"","format":"standard","meta":{"_acf_changed":false,"_et_pb_use_builder":"","_et_pb_old_content":"","_et_gb_content_width":"","footnotes":""},"categories":[45],"tags":[],"class_list":["post-1227889","post","type-post","status-publish","format-standard","has-post-thumbnail","hentry","category-europe-in-brief"],"acf":[],"_links":{"self":[{"href":"https:\/\/europeannewsroom.com\/es\/wp-json\/wp\/v2\/posts\/1227889","targetHints":{"allow":["GET"]}}],"collection":[{"href":"https:\/\/europeannewsroom.com\/es\/wp-json\/wp\/v2\/posts"}],"about":[{"href":"https:\/\/europeannewsroom.com\/es\/wp-json\/wp\/v2\/types\/post"}],"author":[{"embeddable":true,"href":"https:\/\/europeannewsroom.com\/es\/wp-json\/wp\/v2\/users\/181"}],"replies":[{"embeddable":true,"href":"https:\/\/europeannewsroom.com\/es\/wp-json\/wp\/v2\/comments?post=1227889"}],"version-history":[{"count":0,"href":"https:\/\/europeannewsroom.com\/es\/wp-json\/wp\/v2\/posts\/1227889\/revisions"}],"wp:featuredmedia":[{"embeddable":true,"href":"https:\/\/europeannewsroom.com\/es\/wp-json\/wp\/v2\/media\/988039"}],"wp:attachment":[{"href":"https:\/\/europeannewsroom.com\/es\/wp-json\/wp\/v2\/media?parent=1227889"}],"wp:term":[{"taxonomy":"category","embeddable":true,"href":"https:\/\/europeannewsroom.com\/es\/wp-json\/wp\/v2\/categories?post=1227889"},{"taxonomy":"post_tag","embeddable":true,"href":"https:\/\/europeannewsroom.com\/es\/wp-json\/wp\/v2\/tags?post=1227889"}],"curies":[{"name":"wp","href":"https:\/\/api.w.org\/{rel}","templated":true}]}}