{"id":1232172,"date":"2025-05-07T18:31:56","date_gmt":"2025-05-07T16:31:56","guid":{"rendered":"https:\/\/europeannewsroom.com\/?p=1232172"},"modified":"2025-05-07T18:32:02","modified_gmt":"2025-05-07T16:32:02","slug":"bruselas-defiende-interconexiones-mas-solidas-e-inversiones-compartidas-como-respuesta-al-apagon-de-espana-y-portugal","status":"publish","type":"post","link":"https:\/\/europeannewsroom.com\/es\/bruselas-defiende-interconexiones-mas-solidas-e-inversiones-compartidas-como-respuesta-al-apagon-de-espana-y-portugal\/","title":{"rendered":"Bruselas defiende interconexiones \u00abm\u00e1s s\u00f3lidas\u00bb e inversiones compartidas como respuesta al apag\u00f3n de Espa\u00f1a y Portugal"},"content":{"rendered":"\n<p class=\"wp-block-paragraph\">Bruselas \u2013\u00a0El comisario europeo de Energ\u00eda y Vivienda, <strong>Dan Jorgensen<\/strong>, ha defendido este mi\u00e9rcoles que la Uni\u00f3n Europea debe apostar por interconexiones \u00abm\u00e1s s\u00f3lidas\u00bb y por inversiones compartidas para alcanzar el objetivo comunitario de al menos un 15% en 2030 como respuesta al apag\u00f3n masivo que registr\u00f3 Espa\u00f1a el 28 de abril y que afect\u00f3 tambi\u00e9n a Portugal y parte del sur de Francia.<\/p>\n\n\n\n<p class=\"wp-block-paragraph\">\u00abNecesitamos trabajar juntos para construir una Uni\u00f3n Europea de la Energ\u00eda s\u00f3lida y sostenible, con una mayor integraci\u00f3n, interconexiones m\u00e1s s\u00f3lidas e inversiones compartidas\u00bb, ha apuntado el comisario durante su intervenci\u00f3n en un debate tem\u00e1tico sobre el apag\u00f3n durante la sesi\u00f3n plenaria del Parlamento Europeo en Estrasburgo (Francia).<\/p>\n\n\n\n<p class=\"wp-block-paragraph\">El pol\u00edtico dan\u00e9s ha animado a \u00abasimilar las lecciones\u00bb que pueden extraerse del corte de suministro en Espa\u00f1a antes de insistir en que \u00ablos interconectores pueden ayudar a mejorar la resiliencia del sistema, ya que los Estados miembro pueden importar de sus vecinos cuando sea necesario o proporcionar suministros de respaldo para ayudar a prevenir apagones\u00bb.<\/p>\n\n\n\n<p class=\"wp-block-paragraph\">Al respecto, el comisario ha recordado que se han completado m\u00e1s de 100 proyectos de inter\u00e9s com\u00fan en toda Europa, pero ha instado a \u00abir m\u00e1s all\u00e1\u00bb e \u00abinvertir en proyectos de energ\u00eda limpia que no s\u00f3lo satisfagan las ambiciones clim\u00e1ticas, sino tambi\u00e9n las de los hogares y empresas, al suministrar energ\u00eda m\u00e1s asequible y m\u00e1s segura\u00bb.<\/p>\n\n\n\n<blockquote class=\"wp-block-quote is-layout-flow wp-block-quote-is-layout-flow\">\n<p class=\"wp-block-paragraph\">\u00abLa seguridad energ\u00e9tica no puede darse por sentada\u00bb, avisa el comisario Jorgensen<\/p>\n<\/blockquote>\n\n\n\n<p class=\"wp-block-paragraph\">\u00abLos recientes apagones nos recuerdan que la seguridad energ\u00e9tica nunca puede darse por sentada\u00bb, ha indicado Jorgensen, quien ha resaltado tambi\u00e9n \u00abla importancia de la solidaridad en tiempos de crisis\u00bb al tiempo que ha lamentado que algunos grupos en la Euroc\u00e1mara hayan utilizado el debate como \u00abuna excusa para atacar a las renovables\u00bb cuando \u00abno hay una base que lo pruebe\u00bb.<\/p>\n\n\n\n<p class=\"wp-block-paragraph\">En este sentido, ha precisado que \u00abincluso si los f\u00f3siles fueran la mejor manera, por razones de seguridad y precios, de generar energ\u00eda, que no lo es, Europa todav\u00eda tendr\u00eda la obligaci\u00f3n de alejarse de ello para proteger a sus ciudadanos ante el cambio clim\u00e1tico\u00bb.<\/p>\n\n\n\n<p class=\"wp-block-paragraph\">DEBATE DE LOS EURODIPUTADOS<\/p>\n\n\n\n<p class=\"wp-block-paragraph\">Durante su intervenci\u00f3n en el debate, la eurodiputada &#8216;popular&#8217; <strong>Dolors Montserrat<\/strong>, ha acusado del retraso en las interconexiones con Europa a la vicepresidenta de la Comisi\u00f3n responsable de Transici\u00f3n Justa, <strong>Teresa Ribera<\/strong>, y al presidente del Gobierno,<strong> Pedro S\u00e1nchez<\/strong>, a quienes ha responsabilizado tambi\u00e9n de la falta de protecci\u00f3n energ\u00e9tica y de la \u00abdemonizaci\u00f3n\u00bb de la nuclear.<\/p>\n\n\n\n<p class=\"wp-block-paragraph\">En respuesta, el eurodiputado socialista <strong>Nicol\u00e1s Gonz\u00e1lez <\/strong>ha reivindicado la necesidad de completar las interconexiones en Europa y ha acusado a los &#8216;populares&#8217; de dedicarse a \u00abatacar los intereses de Espa\u00f1a y Europa\u00bb en lugar de abogar por la modernizaci\u00f3n de las redes, de atacar a renovables, que \u00abson una parte indiscutible del futuro de Espa\u00f1a\u00bb y de haber creado \u00abun falso debate entre nucleares y renovables\u00bb.<\/p>\n\n\n\n<p class=\"wp-block-paragraph\">\u00abLa imposici\u00f3n forzada de renovables sin planificaci\u00f3n y con expropiaciones masivas, sin invertir en la estabilidad del sistema y el desmantelamiento de las nucleares nos condenan a la oscuridad\u00bb, ha lamentado, por su parte, el eurodiputado de Vox Jorge Buxad\u00e9, quien ha acusado al Gobierno de \u00absumisi\u00f3n al fanatismo clim\u00e1tico\u00bb.<\/p>\n\n\n\n<p class=\"wp-block-paragraph\">En la misma l\u00ednea, el exmiembro de Se Acab\u00f3 la Fiesta (SALF) <strong>Diego Solier<\/strong> ha destacado el papel de la energ\u00eda nuclear en el mix energ\u00e9tico y ha defendido que \u00abla transici\u00f3n energ\u00e9tica no puede ser una religi\u00f3n, no puede basarse en prohibiciones ni en persecuciones ideol\u00f3gicas\u00bb. \u00abEuropa necesita energ\u00eda limpia, s\u00ed, pero tambi\u00e9n estable, asequible y realista\u00bb, ha apostillado.<\/p>\n\n\n\n<p class=\"wp-block-paragraph\">Por contra, la portavoz de Sumar en la Euroc\u00e1mara, <strong>Estrella Gal\u00e1n<\/strong>, ha insistido en que \u00abla soluci\u00f3n no es la energ\u00eda nuclear, que est\u00e1 demostrado que es contaminante, costosa y de alto riesgo\u00bb, sino que \u00abpasa por una red el\u00e9ctrica 100% p\u00fablica y verde, que ponga fin a los privilegios de las energ\u00e9ticas\u00bb.<\/p>\n\n\n\n<p class=\"wp-block-paragraph\">\u00abEspa\u00f1a necesita una empresa p\u00fablica de energ\u00eda y prohibir que las grandes el\u00e9ctricas se repartan un solo euro de beneficios hasta que paguen todos los costes del apag\u00f3n\u00bb, ha abundado, por su lado, la eurodiputada de Podemos Irene Montero, quien ha aprovechado su intervenci\u00f3n para subrayar que \u00abseguridad no son m\u00e1s armas, son m\u00e1s servicios p\u00fablicos\u00bb. (7 de mayo)<\/p>\n","protected":false},"excerpt":{"rendered":"<p>Bruselas \u2013\u00a0El comisario europeo de Energ\u00eda y Vivienda, Dan Jorgensen, ha defendido este mi\u00e9rcoles que la Uni\u00f3n Europea debe apostar por interconexiones \u00abm\u00e1s s\u00f3lidas\u00bb y por inversiones compartidas para alcanzar el objetivo comunitario de al menos un 15% en 2030 como respuesta al apag\u00f3n masivo que registr\u00f3 Espa\u00f1a el 28 de abril y que afect\u00f3 [&hellip;]<\/p>\n","protected":false},"author":180,"featured_media":992259,"comment_status":"closed","ping_status":"closed","sticky":false,"template":"","format":"standard","meta":{"_acf_changed":false,"_et_pb_use_builder":"","_et_pb_old_content":"","_et_gb_content_width":"","footnotes":""},"categories":[45],"tags":[],"class_list":["post-1232172","post","type-post","status-publish","format-standard","has-post-thumbnail","hentry","category-europe-in-brief"],"acf":[],"_links":{"self":[{"href":"https:\/\/europeannewsroom.com\/es\/wp-json\/wp\/v2\/posts\/1232172","targetHints":{"allow":["GET"]}}],"collection":[{"href":"https:\/\/europeannewsroom.com\/es\/wp-json\/wp\/v2\/posts"}],"about":[{"href":"https:\/\/europeannewsroom.com\/es\/wp-json\/wp\/v2\/types\/post"}],"author":[{"embeddable":true,"href":"https:\/\/europeannewsroom.com\/es\/wp-json\/wp\/v2\/users\/180"}],"replies":[{"embeddable":true,"href":"https:\/\/europeannewsroom.com\/es\/wp-json\/wp\/v2\/comments?post=1232172"}],"version-history":[{"count":0,"href":"https:\/\/europeannewsroom.com\/es\/wp-json\/wp\/v2\/posts\/1232172\/revisions"}],"wp:featuredmedia":[{"embeddable":true,"href":"https:\/\/europeannewsroom.com\/es\/wp-json\/wp\/v2\/media\/992259"}],"wp:attachment":[{"href":"https:\/\/europeannewsroom.com\/es\/wp-json\/wp\/v2\/media?parent=1232172"}],"wp:term":[{"taxonomy":"category","embeddable":true,"href":"https:\/\/europeannewsroom.com\/es\/wp-json\/wp\/v2\/categories?post=1232172"},{"taxonomy":"post_tag","embeddable":true,"href":"https:\/\/europeannewsroom.com\/es\/wp-json\/wp\/v2\/tags?post=1232172"}],"curies":[{"name":"wp","href":"https:\/\/api.w.org\/{rel}","templated":true}]}}