{"id":1233421,"date":"2025-05-07T22:38:06","date_gmt":"2025-05-07T20:38:06","guid":{"rendered":"https:\/\/europeannewsroom.com\/?p=1233421"},"modified":"2025-05-07T22:38:13","modified_gmt":"2025-05-07T20:38:13","slug":"tribunal-supremo-espanol-pide-al-parlamento-europeo-levantar-la-inmunidad-al-eurodiputado-alvise","status":"publish","type":"post","link":"https:\/\/europeannewsroom.com\/es\/tribunal-supremo-espanol-pide-al-parlamento-europeo-levantar-la-inmunidad-al-eurodiputado-alvise\/","title":{"rendered":"Tribunal Supremo espa\u00f1ol pide al Parlamento Europeo levantar la inmunidad al eurodiputado &#8216;Alvise&#8217;"},"content":{"rendered":"\n<p class=\"wp-block-paragraph\">Madrid &#8211; El Tribunal Supremo de Espa\u00f1a ha iniciado los tr\u00e1mites para pedir autorizaci\u00f3n al Parlamento Europeo para proceder contra el eurodiputado <strong>Luis P\u00e9rez Fern\u00e1ndez, &#8216;Alvise&#8217;,<\/strong> para investigarle por la difusi\u00f3n de un bulo contra el exministro espa\u00f1ol de Sanidad y actual presidente regional de Catalu\u00f1a, el socialista <strong>Salvador Illa<\/strong>.<\/p>\n\n\n\n<p class=\"wp-block-paragraph\">El magistrado <strong>Javier Hern\u00e1ndez <\/strong>ha decidido incoar diligencias previas para la investigaci\u00f3n de delitos de falsedad e injurias en la causa que el Supremo acord\u00f3 abrir contra el l\u00edder de la formaci\u00f3n ultraderechista Se acab\u00f3 la fiesta (SALF) por la difusi\u00f3n de una prueba de covid falsa de Illa en 2021.<\/p>\n\n\n\n<p class=\"wp-block-paragraph\">Para proceder a la \u00abmaterial inculpaci\u00f3n\u00bb de &#8216;Alvise&#8217; es necesario pedir al Parlamento Europeo la correspondiente autorizaci\u00f3n por su condici\u00f3n de eurodiputado y ya ha iniciado los tr\u00e1mites para reclamarla.<\/p>\n\n\n\n<p class=\"wp-block-paragraph\">Lo hace en un auto, conocido este mi\u00e9rcoles, en el que da al eurodiputado la oportunidad de que en cinco d\u00edas decida si est\u00e1 dispuesto a comparecer voluntariamente ante el alto tribunal en garant\u00eda de sus derechos de defensa, antes de que la Euroc\u00e1mara pueda conceder la autorizaci\u00f3n.<\/p>\n\n\n\n<p class=\"wp-block-paragraph\">Al abrir esta causa contra &#8216;Alvise&#8217;, el Supremo consider\u00f3 que \u00abson m\u00faltiples los indicios fundados\u00bb que aporta la exposici\u00f3n en apoyo de la imputaci\u00f3n; cit\u00f3, entre otros, la falsedad del informe m\u00e9dico relativo a Illa publicado en la cuenta de &#8216;Alvise&#8217; en Twitter (actualmente X) con el prop\u00f3sito de perjudicarle en las elecciones regionales.<\/p>\n\n\n\n<p class=\"wp-block-paragraph\">Esta causa es una de las tres que el eurodiputado tiene abiertas en el alto tribunal espa\u00f1ol: en otra se investiga por un caso de presunta financiaci\u00f3n irregular de su formaci\u00f3n pol\u00edtica en las pasadas elecciones europeas y en una tercera los mensajes contra una fiscal espa\u00f1ola especializada en delitos de odio.<\/p>\n\n\n\n<p class=\"wp-block-paragraph\">Adem\u00e1s, la Justicia espa\u00f1ola tiene otras investigaciones abiertas contra &#8216;Alvise&#8217;, entre ellas un presunto delito de revelaci\u00f3n de secretos al difundir una fotograf\u00eda de una hija del presidente del Gobierno,<strong> Pedro S\u00e1nchez<\/strong>, a trav\u00e9s de su cuenta de Telegram, que por entonces contaba con m\u00e1s de 325.000 seguidores.<\/p>\n\n\n\n<p class=\"wp-block-paragraph\">Este martes, los dos eurodiputados que concurrieron bajo la agrupaci\u00f3n de electores Se Acab\u00f3 la Fiesta a las elecciones europeas de 2024, <strong>Nora Junco<\/strong> y<strong> Diego Solie<\/strong>r, rechazaron los \u00abm\u00e9todos\u00bb de quien fuera el cabeza de cartel, &#8216;Alvise&#8217;, y confirmaron que llevan meses \u00absin ning\u00fan v\u00ednculo pol\u00edtico ni operativo\u00bb con \u00e9l.<\/p>\n\n\n\n<p class=\"wp-block-paragraph\">\u00abLas investigaciones judiciales abiertas contra el se\u00f1or P\u00e9rez por presuntos delitos que incluyen corrupci\u00f3n, estafa, blanqueo de capitales y falsedad documental, y su confesi\u00f3n p\u00fablica sobre la recepci\u00f3n de dinero en efectivo, nos obligan a marcar una frontera \u00e9tica y pol\u00edtica clara: ni compartimos sus m\u00e9todos ni participamos de su entorno\u00bb, aseguraron.<\/p>\n\n\n\n<p class=\"wp-block-paragraph\">En las \u00faltimas elecciones europeas, Se acab\u00f3 la fiesta super\u00f3 todos los pron\u00f3sticos y consigui\u00f3 tres esca\u00f1os para el Parlamento Europeo, al que &#8216;Alvise&#8217; lleg\u00f3 con la promesa de \u00abreventar el sistema\u00bb y con un bagaje reconocido en la difusi\u00f3n de bulos y desinformaci\u00f3n sobre pol\u00edticos, que ha seguido alimentando desde entonces. (7 de mayo) <\/p>\n","protected":false},"excerpt":{"rendered":"<p>El Supremo da al eurodiputado la oportunidad de que en cinco d\u00edas decida si est\u00e1 dispuesto a comparecer voluntariamente ante el alto tribunal en garant\u00eda de sus derechos de defensa, antes de que la Euroc\u00e1mara pueda conceder la autorizaci\u00f3n.<\/p>\n","protected":false},"author":49,"featured_media":1233422,"comment_status":"closed","ping_status":"closed","sticky":false,"template":"","format":"standard","meta":{"_acf_changed":false,"_et_pb_use_builder":"","_et_pb_old_content":"","_et_gb_content_width":"","footnotes":""},"categories":[45],"tags":[],"class_list":["post-1233421","post","type-post","status-publish","format-standard","has-post-thumbnail","hentry","category-europe-in-brief"],"acf":[],"_links":{"self":[{"href":"https:\/\/europeannewsroom.com\/es\/wp-json\/wp\/v2\/posts\/1233421","targetHints":{"allow":["GET"]}}],"collection":[{"href":"https:\/\/europeannewsroom.com\/es\/wp-json\/wp\/v2\/posts"}],"about":[{"href":"https:\/\/europeannewsroom.com\/es\/wp-json\/wp\/v2\/types\/post"}],"author":[{"embeddable":true,"href":"https:\/\/europeannewsroom.com\/es\/wp-json\/wp\/v2\/users\/49"}],"replies":[{"embeddable":true,"href":"https:\/\/europeannewsroom.com\/es\/wp-json\/wp\/v2\/comments?post=1233421"}],"version-history":[{"count":0,"href":"https:\/\/europeannewsroom.com\/es\/wp-json\/wp\/v2\/posts\/1233421\/revisions"}],"wp:featuredmedia":[{"embeddable":true,"href":"https:\/\/europeannewsroom.com\/es\/wp-json\/wp\/v2\/media\/1233422"}],"wp:attachment":[{"href":"https:\/\/europeannewsroom.com\/es\/wp-json\/wp\/v2\/media?parent=1233421"}],"wp:term":[{"taxonomy":"category","embeddable":true,"href":"https:\/\/europeannewsroom.com\/es\/wp-json\/wp\/v2\/categories?post=1233421"},{"taxonomy":"post_tag","embeddable":true,"href":"https:\/\/europeannewsroom.com\/es\/wp-json\/wp\/v2\/tags?post=1233421"}],"curies":[{"name":"wp","href":"https:\/\/api.w.org\/{rel}","templated":true}]}}