{"id":1233444,"date":"2025-05-07T22:50:59","date_gmt":"2025-05-07T20:50:59","guid":{"rendered":"https:\/\/europeannewsroom.com\/?p=1233444"},"modified":"2025-05-07T22:51:07","modified_gmt":"2025-05-07T20:51:07","slug":"espana-quiere-acelerar-en-la-atraccion-de-talento-en-investigacion","status":"publish","type":"post","link":"https:\/\/europeannewsroom.com\/es\/espana-quiere-acelerar-en-la-atraccion-de-talento-en-investigacion\/","title":{"rendered":"Espa\u00f1a quiere acelerar en la atracci\u00f3n de talento en investigaci\u00f3n"},"content":{"rendered":"\n<p class=\"wp-block-paragraph\">Par\u00eds &#8211; Espa\u00f1a quiere acelerar en sus iniciativas para atraer talento en investigaci\u00f3n de otros puntos y presentarse como un pa\u00eds de acogida de todo tipo de iniciativas, en un momento en el que algunos pa\u00edses, como Estados Unidos, han decidido \u00abatacar la liberad de investigaci\u00f3n\u00bb.<\/p>\n\n\n\n<p class=\"wp-block-paragraph\">As\u00ed lo expres\u00f3 este lunes el secretario de Estado de Ciencia, Innovaci\u00f3n y Universidades, <strong>Juan Cruz Cigudosa<\/strong>, que particip\u00f3 en Par\u00eds en la iniciativa \u00abChoose Europe for Science\u00bb lanzada por la Comisi\u00f3n Europea y Francia para fomentar la investigaci\u00f3n.<\/p>\n\n\n\n<p class=\"wp-block-paragraph\">\u00abEl talento cient\u00edfico y tecnol\u00f3gico nos hace un pa\u00eds mejor, porque aporta prosperidad compartida y una visi\u00f3n de futuro\u00bb, dijo Cruz Cigudosa, que aplaudi\u00f3 los anuncios de la presidenta de la Comisi\u00f3n Europea, <strong>Ursula von der Leyen<\/strong>, pero record\u00f3 que Espa\u00f1a lleva a\u00f1os con iniciativas propias en estos campos.<\/p>\n\n\n\n<p class=\"wp-block-paragraph\">Ensalz\u00f3 el mensaje lanzado por Europa, un programa de 500 millones en dos a\u00f1os para atraer investigadores: \u00abQueremos que vengan todos para hacer la ciencia que mejor puede hacerse y eso no puede estar cercenado por ninguna cuesti\u00f3n ideol\u00f3gica\u00bb.<\/p>\n\n\n\n<p class=\"wp-block-paragraph\">Fustig\u00f3 que algunos pa\u00edses est\u00e9n \u00abvolviendo a la situaci\u00f3n en la que se proh\u00edben determinadas actividades cient\u00edficas pro el contenido de lo que tratan\u00bb y, frente a ello, propugn\u00f3 \u00abla libertad de c\u00e1tedra y de investigaci\u00f3n\u00bb.<\/p>\n\n\n\n<p class=\"wp-block-paragraph\">El secretario de Estado se\u00f1al\u00f3 que Espa\u00f1a est\u00e1 abierta a atraer a todo tipo de programas cient\u00edficos, pero indic\u00f3 que priorizan sectores \u00abque interesan como pa\u00eds\u00bb entre los que cit\u00f3 \u00abla biotecnolog\u00eda cu\u00e1ntica, inteligencia artificial, materiales avanzados, semiconductores\u00bb y, en general, \u00abtodo lo que aporta soberan\u00eda tecnol\u00f3gica\u00bb.<\/p>\n\n\n\n<p class=\"wp-block-paragraph\">El responsable espa\u00f1ol participar\u00e1 en una reuni\u00f3n informal de ministros europeos en la capital francesa donde tiene previsto informar de las iniciativas lanzadas por Espa\u00f1a para atraer talento.<\/p>\n\n\n\n<p class=\"wp-block-paragraph\">En ese sentido destac\u00f3 el programa nacional lanzado hace tres a\u00f1os para atraer talento, que en su \u00faltima convocatoria ha elevado el 50 % la aportaci\u00f3n estatal y que dota con un mill\u00f3n de euros a cada investigador que se instale en el pa\u00eds.<\/p>\n\n\n\n<p class=\"wp-block-paragraph\">\u00abVamos a reforzar la acci\u00f3n para gente que venga de Estados Unidos\u00bb, dijo <strong>Cruz Cigudosa<\/strong>, que record\u00f3 que la mitad de los beneficiarios de esas ayudas proceden ya de ese pa\u00eds y del Reino Unido.<\/p>\n\n\n\n<p class=\"wp-block-paragraph\">En segundo lugar, record\u00f3 que el programa Ram\u00f3n y Cajal, que persigue desde hace 25 a\u00f1os la incorporaci\u00f3n de talento joven, ha incrementado su cuant\u00eda un 150 % desde 2018 y que cada a\u00f1o permite a 500 investigadores instalarse en el pa\u00eds, un 30 % extranjeros.<\/p>\n\n\n\n<p class=\"wp-block-paragraph\">\u00abEspa\u00f1a es un pa\u00eds mejor para hacer trabajo cient\u00edfico\u00bb, insisti\u00f3 el secretario de Estado, que record\u00f3 que el a\u00f1o pasado invirtio 13.000 millones de euros en acciones directas de I+D+I y digitalizaci\u00f3n, un sector al que han ido el 40 % de los fondos del plan de recuperaci\u00f3n posterior a la pandemia.<\/p>\n\n\n\n<p class=\"wp-block-paragraph\">Gracias a esas medidas, indic\u00f3 que Espa\u00f1a est\u00e1 \u00abrevirtiendo la situaci\u00f3n\u00bb de la fuga de talentos para convertirse en un pa\u00eds atractivo para la ciencia.<\/p>\n\n\n\n<p class=\"wp-block-paragraph\">Cruz Cigudosa asegur\u00f3 que el programa lanzado por Bruselas debe fomentar la competencia entre pa\u00edses europeos y asegur\u00f3 que en ese campo \u00abadem\u00e1s del impulso que el Gobierno est\u00e1 dando a la ciencia\u00bb pueden influir otros factores como \u00abcuestiones sociales y clim\u00e1ticas\u00bb que \u00abjuegan a favor\u00bb de Espa\u00f1a. (5 de mayo) <\/p>\n","protected":false},"excerpt":{"rendered":"<p>As\u00ed lo expres\u00f3 el secretario de Estado de Ciencia, Innovaci\u00f3n y Universidades, Juan Cruz Cigudosa, que particip\u00f3 en Par\u00eds en la iniciativa \u00abChoose Europe for Science\u00bb lanzada por la Comisi\u00f3n Europea y Francia para fomentar la investigaci\u00f3n.<\/p>\n","protected":false},"author":49,"featured_media":1233445,"comment_status":"closed","ping_status":"closed","sticky":false,"template":"","format":"standard","meta":{"_acf_changed":false,"_et_pb_use_builder":"","_et_pb_old_content":"","_et_gb_content_width":"","footnotes":""},"categories":[45],"tags":[],"class_list":["post-1233444","post","type-post","status-publish","format-standard","has-post-thumbnail","hentry","category-europe-in-brief"],"acf":[],"_links":{"self":[{"href":"https:\/\/europeannewsroom.com\/es\/wp-json\/wp\/v2\/posts\/1233444","targetHints":{"allow":["GET"]}}],"collection":[{"href":"https:\/\/europeannewsroom.com\/es\/wp-json\/wp\/v2\/posts"}],"about":[{"href":"https:\/\/europeannewsroom.com\/es\/wp-json\/wp\/v2\/types\/post"}],"author":[{"embeddable":true,"href":"https:\/\/europeannewsroom.com\/es\/wp-json\/wp\/v2\/users\/49"}],"replies":[{"embeddable":true,"href":"https:\/\/europeannewsroom.com\/es\/wp-json\/wp\/v2\/comments?post=1233444"}],"version-history":[{"count":0,"href":"https:\/\/europeannewsroom.com\/es\/wp-json\/wp\/v2\/posts\/1233444\/revisions"}],"wp:featuredmedia":[{"embeddable":true,"href":"https:\/\/europeannewsroom.com\/es\/wp-json\/wp\/v2\/media\/1233445"}],"wp:attachment":[{"href":"https:\/\/europeannewsroom.com\/es\/wp-json\/wp\/v2\/media?parent=1233444"}],"wp:term":[{"taxonomy":"category","embeddable":true,"href":"https:\/\/europeannewsroom.com\/es\/wp-json\/wp\/v2\/categories?post=1233444"},{"taxonomy":"post_tag","embeddable":true,"href":"https:\/\/europeannewsroom.com\/es\/wp-json\/wp\/v2\/tags?post=1233444"}],"curies":[{"name":"wp","href":"https:\/\/api.w.org\/{rel}","templated":true}]}}