{"id":1233469,"date":"2025-05-07T23:04:18","date_gmt":"2025-05-07T21:04:18","guid":{"rendered":"https:\/\/europeannewsroom.com\/?p=1233469"},"modified":"2025-05-07T23:04:24","modified_gmt":"2025-05-07T21:04:24","slug":"comisario-de-energia-europa-necesita-redes-electricas-del-siglo-xxi","status":"publish","type":"post","link":"https:\/\/europeannewsroom.com\/es\/comisario-de-energia-europa-necesita-redes-electricas-del-siglo-xxi\/","title":{"rendered":"Comisario de Energ\u00eda: \u00abEuropa necesita redes el\u00e9ctricas del siglo XXI\u00bb"},"content":{"rendered":"\n<p class=\"wp-block-paragraph\">Estrasburgo (Francia) &#8211; El comisario europeo de Energ\u00eda y Vivienda, <strong>Dan J\u00f8rgensen<\/strong>, dijo durante un debate en el Parlamento Europeo sobre el apag\u00f3n ib\u00e9rico, ocurrido el pasado 28 de abril, que \u00abEuropa necesita redes del siglo XXI\u00bb con m\u00e1s interconexiones, inversiones, almacenamiento y flexibilidad.<\/p>\n\n\n\n<p class=\"wp-block-paragraph\">\u00abEuropa necesita redes del siglo XXI\u00bb, dijo el socialdem\u00f3crata dan\u00e9s en su intervenci\u00f3n en un debate parlamentario en el que abog\u00f3 por \u00abinvertir en almacenamiento, flexibilidad, digitalizaci\u00f3n y electrificaci\u00f3n\u00bb.<\/p>\n\n\n\n<p class=\"wp-block-paragraph\">El comisario de Energ\u00eda evit\u00f3 entrar en las causas de la interrupci\u00f3n total de suministro en Espa\u00f1a y Portugal hasta que las investigaciones en curso no arrojen conclusiones t\u00e9cnicas y se\u00f1al\u00f3 que las autoridades espa\u00f1olas, portuguesas y francesas tomaron \u00abmedidas clave, decisivas, para restaurar la electricidad\u00bb.<\/p>\n\n\n\n<p class=\"wp-block-paragraph\">Subray\u00f3 que los apagones demuestran que \u00abla seguridad de abastecimiento no se puede dar por conseguida\u00bb y cit\u00f3 algunas lecciones que se pueden extraer del incidente, como que es necesario poner m\u00e1s esfuerzo en la \u00abpreparaci\u00f3n para las crisis\u00bb y en la \u00abseguridad de abastecimiento\u00bb.<\/p>\n\n\n\n<p class=\"wp-block-paragraph\">El pr\u00f3ximo a\u00f1o, la Comisi\u00f3n presentar\u00e1 una propuesta para mejorar la seguridad de abastecimiento, dijo el dan\u00e9s, quien insisti\u00f3 en que hace falta reforzar el almacenamiento, la resiliencia de las cadenas de suministro y la capacidad de las infraestructuras f\u00edsicas para hacer frente a ciberatques\u00bb.<\/p>\n\n\n\n<p class=\"wp-block-paragraph\">Adem\u00e1s del informe que deben presentar Espa\u00f1a y Portugal y de una segunda investigaci\u00f3n independiente que pilotar\u00e1 la Red Europea de Gestores de Redes de Transporte de Electricidad (ENTSO-E), que son obligatorios por normativa europea, J\u00f8rgensen dijo que crear\u00e1 un grupo de trabajo \u00abpara mejorar la coordinaci\u00f3n y la gobernanza de los sistemas energ\u00e9ticos\u00bb.<\/p>\n\n\n\n<p class=\"wp-block-paragraph\">Ese panel tendr\u00e1 tambi\u00e9n la misi\u00f3n de elaborar un informe de las necesidades m\u00e1s acuciantes agreg\u00f3.<\/p>\n\n\n\n<p class=\"wp-block-paragraph\">El pol\u00edtico dan\u00e9s a\u00f1adi\u00f3 que el apag\u00f3n pone de manifiesto que \u00ablos interconectores pueden mejorar la resiliencia de los sistemas\u00bb. (7 de mayo)<\/p>\n","protected":false},"excerpt":{"rendered":"<p>\u00abEuropa necesita redes del siglo XXI\u00bb, dijo el socialdem\u00f3crata dan\u00e9s en su intervenci\u00f3n en un debate parlamentario en el que abog\u00f3 por \u00abinvertir en almacenamiento, flexibilidad, digitalizaci\u00f3n y electrificaci\u00f3n\u00bb.<\/p>\n","protected":false},"author":49,"featured_media":1233470,"comment_status":"closed","ping_status":"closed","sticky":false,"template":"","format":"standard","meta":{"_acf_changed":false,"_et_pb_use_builder":"","_et_pb_old_content":"","_et_gb_content_width":"","footnotes":""},"categories":[45],"tags":[],"class_list":["post-1233469","post","type-post","status-publish","format-standard","has-post-thumbnail","hentry","category-europe-in-brief"],"acf":[],"_links":{"self":[{"href":"https:\/\/europeannewsroom.com\/es\/wp-json\/wp\/v2\/posts\/1233469","targetHints":{"allow":["GET"]}}],"collection":[{"href":"https:\/\/europeannewsroom.com\/es\/wp-json\/wp\/v2\/posts"}],"about":[{"href":"https:\/\/europeannewsroom.com\/es\/wp-json\/wp\/v2\/types\/post"}],"author":[{"embeddable":true,"href":"https:\/\/europeannewsroom.com\/es\/wp-json\/wp\/v2\/users\/49"}],"replies":[{"embeddable":true,"href":"https:\/\/europeannewsroom.com\/es\/wp-json\/wp\/v2\/comments?post=1233469"}],"version-history":[{"count":0,"href":"https:\/\/europeannewsroom.com\/es\/wp-json\/wp\/v2\/posts\/1233469\/revisions"}],"wp:featuredmedia":[{"embeddable":true,"href":"https:\/\/europeannewsroom.com\/es\/wp-json\/wp\/v2\/media\/1233470"}],"wp:attachment":[{"href":"https:\/\/europeannewsroom.com\/es\/wp-json\/wp\/v2\/media?parent=1233469"}],"wp:term":[{"taxonomy":"category","embeddable":true,"href":"https:\/\/europeannewsroom.com\/es\/wp-json\/wp\/v2\/categories?post=1233469"},{"taxonomy":"post_tag","embeddable":true,"href":"https:\/\/europeannewsroom.com\/es\/wp-json\/wp\/v2\/tags?post=1233469"}],"curies":[{"name":"wp","href":"https:\/\/api.w.org\/{rel}","templated":true}]}}