{"id":1239978,"date":"2025-05-09T15:23:21","date_gmt":"2025-05-09T13:23:21","guid":{"rendered":"https:\/\/europeannewsroom.com\/?p=1239978"},"modified":"2025-05-09T15:24:44","modified_gmt":"2025-05-09T13:24:44","slug":"europa-escenifica-su-apoyo-a-ucrania-con-una-simbolica-visita-y-el-aval-politico-al-tribunal-especial","status":"publish","type":"post","link":"https:\/\/europeannewsroom.com\/es\/europa-escenifica-su-apoyo-a-ucrania-con-una-simbolica-visita-y-el-aval-politico-al-tribunal-especial\/","title":{"rendered":"Europa escenifica su apoyo a Ucrania con una simb\u00f3lica visita y el aval pol\u00edtico al tribunal especial"},"content":{"rendered":"\n<p class=\"wp-block-paragraph\">Madrid \u2013&nbsp;Representantes de m\u00e1s de una treintena de pa\u00edses europeos, entre ellos ministros de Exteriores de la UE como el espa\u00f1ol<strong> Jos\u00e9 Manuel Albares <\/strong>y la Alta Representante <strong>Kaja Kallas<\/strong>, han recalado este viernes en Ucrania, en una simb\u00f3lica visita llamada a servir tambi\u00e9n de aval pol\u00edtico a la creaci\u00f3n de un nuevo tribunal especial sobre el conflicto.<\/p>\n\n\n\n<p class=\"wp-block-paragraph\">El presidente de Ucrania, <strong>Volodimir Zelenski<\/strong>, que ha dirigido unas palabras a la delegaci\u00f3n internacional, ha aprovechado su discurso para reivindicar precisamente la rendici\u00f3n de cuentas, ya que \u00absi una sola guerra termina sin castigo, habr\u00e1 m\u00e1s\u00bb.<\/p>\n\n\n\n<p class=\"wp-block-paragraph\">Por ello, ve imprescindible juzgar a los rusos \u00abigual que a los nazis\u00bb y ha celebrado los pasos para crear el denominado Tribunal Especial para el Delito de Agresi\u00f3n contra Ucrania, \u00abpara que cualquier potencial agresor se lo piense dos veces\u00bb.<\/p>\n\n\n\n<p class=\"wp-block-paragraph\">El presidente ha agradecido los esfuerzos pol\u00edticos para poner en marcha este tribunal &#8211;ha admitido que \u00abqueda mucho trabajo por hacer, tanto pol\u00edtico como legal\u00bb&#8211;, pero cree que es \u00abun deber moral de Europa\u00bb culminar los trabajos y establecer un \u00f3rgano espec\u00edfico en La Haya.<\/p>\n\n\n\n<p class=\"wp-block-paragraph\">La corte, planteada tras dos a\u00f1os de trabajo en torno a un grupo vinculado al Consejo de Europa, es una de las grandes reivindicaciones de <strong>Zelenski <\/strong>desde el inicio del conflicto, a falta de ver c\u00f3mo se concretan cuestionas clave y la medida en que puede afectar al ruso<strong> Vladimir Putin,<\/strong> al menos mientras siga siendo presidente.<\/p>\n\n\n\n<p class=\"wp-block-paragraph\">Precisamente el secretario general del Consejo de Europa, <strong>Alain Berset<\/strong>, ha confirmado en un comunicado este viernes la consecuci\u00f3n del \u00abaval pol\u00edtico\u00bb al citado tribunal. Sin embargo, ha recordado que no basta con voluntad y que \u00abla justicia tambi\u00e9n necesita recursos\u00bb, por lo que ha emplazado a garantizar la solvencia financiera de futuros instrumentos.<\/p>\n\n\n\n<p class=\"wp-block-paragraph\">ALEGATO POR LOS VALORES COMUNES<\/p>\n\n\n\n<p class=\"wp-block-paragraph\">\u00abHoy, celebramos el D\u00eda de Europa con Ucrania y con su pueblo\u00bb, ha destacado por su parte la Alta Representante de Pol\u00edtica Exterior de la UE, <strong>Kaja Kallas<\/strong>, quien ha apelado en redes sociales a la unidad en favor de una \u00abpaz duradera\u00bb. \u00abPorque en familia, tanto las alegr\u00edas como las penas son compartidas\u00bb, ha declarado desde Le\u00f3polis.<\/p>\n\n\n\n<blockquote class=\"wp-block-quote is-layout-flow wp-block-quote-is-layout-flow\">\n<p class=\"wp-block-paragraph\">Kallas afirma que \u00aben familia, tanto las alegr\u00edas como las penas son compartidas\u00bb<\/p>\n<\/blockquote>\n\n\n\n<p class=\"wp-block-paragraph\"><strong>Zelenski <\/strong>ha agradecido personalmente esta visita de un grupo de pa\u00edses que, como Kiev, \u00abcreen en el Derecho Internacional. \u00abDemuestra que todos somos Europa\u00bb, ha enfatizado el mandatario, que ve igualmente una voluntad com\u00fan para \u00abincrementar la presi\u00f3n sobre Europa\u00bb y seguir apoyando las capacidades militares ucranianas.<\/p>\n\n\n\n<p class=\"wp-block-paragraph\">\u00abEl deseo de acabar con la guerra tiene que crecer dentro de Rusia y esto empieza con un sentimiento, el sentimiento de que est\u00e1n perdiendo\u00bb, ha a\u00f1adido, \u00aborgulloso\u00bb de \u00abuna Europa que no mata\u00bb como contraposici\u00f3n a la invasi\u00f3n ordenada por su hom\u00f3logo ruso, <strong>Vladimir Putin<\/strong>, en febrero de 2022.<\/p>\n\n\n\n<p class=\"wp-block-paragraph\">El Gobierno ucraniano tampoco oculta su deseo de acelerar los pasos para integrarse en la Uni\u00f3n Europea, tal como ha resaltado el ministro de Exteriores, <strong>Andri Sibiga<\/strong>, al t\u00e9rmino de un encuentro con <strong>Kallas <\/strong>al que tambi\u00e9n ha asistido el primer ministro ucraniano, <strong>Denis Shmigal<\/strong>.<\/p>\n\n\n\n<p class=\"wp-block-paragraph\">Para <strong>Sibiga<\/strong>, se trata de \u00abuna reuni\u00f3n hist\u00f3rica en un momento hist\u00f3rico\u00bb que demuestra el \u00abpapel clave\u00bb de Ucrania a la hora de defender valores que son comunes. Los ministros, entre los que figura el espa\u00f1ol <strong>Jos\u00e9 Manuel Albares<\/strong>, han visitado un cementerio para rendir homenaje a las v\u00edctimas de la invasi\u00f3n rusa. (9 de mayo)<\/p>\n","protected":false},"excerpt":{"rendered":"<p>\u00abSi una sola guerra termina sin castigo, habr\u00e1 m\u00e1s\u00bb, advierte Zelenski<\/p>\n","protected":false},"author":180,"featured_media":1239979,"comment_status":"closed","ping_status":"closed","sticky":false,"template":"","format":"standard","meta":{"_acf_changed":false,"_et_pb_use_builder":"","_et_pb_old_content":"","_et_gb_content_width":"","footnotes":""},"categories":[45],"tags":[],"class_list":["post-1239978","post","type-post","status-publish","format-standard","has-post-thumbnail","hentry","category-europe-in-brief"],"acf":[],"_links":{"self":[{"href":"https:\/\/europeannewsroom.com\/es\/wp-json\/wp\/v2\/posts\/1239978","targetHints":{"allow":["GET"]}}],"collection":[{"href":"https:\/\/europeannewsroom.com\/es\/wp-json\/wp\/v2\/posts"}],"about":[{"href":"https:\/\/europeannewsroom.com\/es\/wp-json\/wp\/v2\/types\/post"}],"author":[{"embeddable":true,"href":"https:\/\/europeannewsroom.com\/es\/wp-json\/wp\/v2\/users\/180"}],"replies":[{"embeddable":true,"href":"https:\/\/europeannewsroom.com\/es\/wp-json\/wp\/v2\/comments?post=1239978"}],"version-history":[{"count":0,"href":"https:\/\/europeannewsroom.com\/es\/wp-json\/wp\/v2\/posts\/1239978\/revisions"}],"wp:featuredmedia":[{"embeddable":true,"href":"https:\/\/europeannewsroom.com\/es\/wp-json\/wp\/v2\/media\/1239979"}],"wp:attachment":[{"href":"https:\/\/europeannewsroom.com\/es\/wp-json\/wp\/v2\/media?parent=1239978"}],"wp:term":[{"taxonomy":"category","embeddable":true,"href":"https:\/\/europeannewsroom.com\/es\/wp-json\/wp\/v2\/categories?post=1239978"},{"taxonomy":"post_tag","embeddable":true,"href":"https:\/\/europeannewsroom.com\/es\/wp-json\/wp\/v2\/tags?post=1239978"}],"curies":[{"name":"wp","href":"https:\/\/api.w.org\/{rel}","templated":true}]}}