{"id":1242128,"date":"2025-05-10T10:31:49","date_gmt":"2025-05-10T08:31:49","guid":{"rendered":"https:\/\/europeannewsroom.com\/?p=1242128"},"modified":"2025-05-10T10:31:53","modified_gmt":"2025-05-10T08:31:53","slug":"la-red-europea-notifica-dos-oscilaciones-en-toda-europa-media-hora-antes-del-apagon","status":"publish","type":"post","link":"https:\/\/europeannewsroom.com\/es\/la-red-europea-notifica-dos-oscilaciones-en-toda-europa-media-hora-antes-del-apagon\/","title":{"rendered":"La Red Europea notifica dos oscilaciones en toda Europa media hora antes del apag\u00f3n"},"content":{"rendered":"\n<p class=\"wp-block-paragraph\">Madrid (EFE).- La Red Europea de Gestores de Redes de Transporte de Electricidad (Entso-e) ha informado este viernes de que media hora antes de producirse el apag\u00f3n que sufri\u00f3 la pen\u00ednsula Ib\u00e9rica el pasado 28 de abril, \u00abse observaron dos periodos de oscilaciones de potencia y de frecuencia en la zona s\u00edncrona de Europa continental\u00bb.<\/p>\n\n\n\n<p class=\"wp-block-paragraph\">En un comunicado, Entso-e notifica que estas alteraciones se produjeron a las 12:03 y a las 12:07 horas CET y que tanto la Red El\u00e9ctrica espa\u00f1ola como la RTE francesa \u00abtomaron medidas para mitigar\u00bb estas oscilaciones.<\/p>\n\n\n\n<p class=\"wp-block-paragraph\">La Red Europea de Gestores de Redes de Transporte de Electricidad se\u00f1ala asimismo que, en el momento del incidente, sobre las 12.32 horas, \u00abno hab\u00eda oscilaciones y las variables del sistema el\u00e9ctrico se encontraban dentro del rango normal de funcionamiento\u00bb.<\/p>\n\n\n\n<p class=\"wp-block-paragraph\">Antes del incidente, los programas de intercambio internacional de Espa\u00f1a eran de 1.000 MW a Francia, 2.000 MW a Portugal y 800 MW a Marruecos, todos en sentido exportador.<\/p>\n\n\n\n<p class=\"wp-block-paragraph\">El apag\u00f3n, recoge el organismo, sumi\u00f3 en un apag\u00f3n a Espa\u00f1a y Portugal, adem\u00e1s de afectar a una zona del sur de Francia, a pesar de que el resto de Europa no experiment\u00f3 ninguna perturbaci\u00f3n, pese a las oscilaciones previas.<\/p>\n\n\n\n<p class=\"wp-block-paragraph\">Para esta instituci\u00f3n, la secuencia de eventos se inici\u00f3 a las 12.32 y 57 segundos, cuando durante veinte segundos, \u00abse registraron presumiblemente una serie de diferentes \u2018viajes\u2019 de generaci\u00f3n en el sur de Espa\u00f1a, hasta un total de 2.200 MW\u00bb, mientras que esas fugas no se observaron en Portugal y Francia.<\/p>\n\n\n\n<figure class=\"wp-block-image\"><img decoding=\"async\" src=\"https:\/\/i0.wp.com\/efe.com\/wp-content\/uploads\/2025\/05\/apagon-dos.webp?resize=900%2C600&amp;ssl=1\" alt=\"APAGON CIS\" class=\"wp-image-1851122\"\/><figcaption class=\"wp-element-caption\">Fotograf\u00eda de la torre de un tendido el\u00e9ctrico. EFE\/Lavandeira Jr\/ Archivo<\/figcaption><\/figure>\n\n\n\n<h2 class=\"wp-block-heading\" id=\"h-aumento-de-la-tension-en-espana-y-portugal\">Aumento de la tensi\u00f3n en Espa\u00f1a y Portugal<\/h2>\n\n\n\n<p class=\"wp-block-paragraph\">Como consecuencia de ello, la frecuencia disminuy\u00f3 y se observ\u00f3 un aumento de la tensi\u00f3n en Espa\u00f1a y Portugal, recoge esta sucesi\u00f3n de hechos, que destaca que tras ello, durante los tres siguientes segundos la frecuencia de la pen\u00ednsula Ib\u00e9rica continu\u00f3 \u00abdecreciendo y alcanz\u00f3 los 48 hercios\u00bb, momento en el que \u00abse activaron los planes de defensa contra el recorte autom\u00e1tico\u00bb.<\/p>\n\n\n\n<p class=\"wp-block-paragraph\">A las 12:33 CET, las l\u00edneas a\u00e9reas de corriente alterna entre Francia y Espa\u00f1a fueron desconectadas por los dispositivos de protecci\u00f3n contra la p\u00e9rdida de sincronismo y las l\u00edneas entre Francia y Espa\u00f1a dejaron de transmitir energ\u00eda.<\/p>\n\n\n\n<p class=\"wp-block-paragraph\">En cuanto se produjo la interrupci\u00f3n de suministro el\u00e9ctrico, los pa\u00edses afectados \u00abtrabajaron juntos de manera coordinada para restablecer el suministro\u00bb.<\/p>\n\n\n\n<p class=\"wp-block-paragraph\">Entso-e incide en que, tras el apag\u00f3n, se ha creado un grupo conjunto de expertos con miembros del Entso-e, de los sistemas de operadores de transmisiones, de la Agencia para la Cooperaci\u00f3n de Reguladores de la Energ\u00eda, y las autoridades reguladoras nacionales y regionales.<\/p>\n\n\n\n<p class=\"wp-block-paragraph\">El panel est\u00e1 dirigido por expertos que no se vieron directamente afectados por el incidente e incluye tanto a expertos de regiones afectadas como de no afectadas, con el objetivo de investigar las causas y formular recomendaciones.<\/p>\n\n\n\n<h2 class=\"wp-block-heading\" id=\"h-avance-en-el-analisis\">Avance en el an\u00e1lisis<\/h2>\n\n\n\n<p class=\"wp-block-paragraph\">Fuentes del Ministerio para la Transici\u00f3n Ecol\u00f3gica y el Reto Demogr\u00e1fico consideran una buena noticia que se avance en el an\u00e1lisis de lo sucedido el pasado 28 de abril y saludan la designaci\u00f3n del panel de expertos que dirigir\u00e1n la investigaci\u00f3n de Entso-e.<\/p>\n\n\n\n<p class=\"wp-block-paragraph\">Asimismo, el ministerio hab\u00eda solicitado al comisario europeo de Energ\u00eda y Vivienda, Dan Jorgensen, la mayor diligencia posible en el proceso europeo.<\/p>\n\n\n\n<p class=\"wp-block-paragraph\">No obstante, el Entso-e ha recalcado que las causas de la crisis son complejas, aunque ha aportado estimaciones iniciales a las p\u00e9rdidas de generaci\u00f3n.<\/p>\n\n\n\n<p class=\"wp-block-paragraph\">Por su parte, el Comit\u00e9 para el an\u00e1lisis de la crisis el\u00e9ctrica se volver\u00e1 a reunir el pr\u00f3ximo lunes, aunque los grupos de trabajo continuar\u00e1n trabajando este fin de semana.<\/p>\n\n\n\n<p class=\"wp-block-paragraph\">\u00abEl Comit\u00e9 analizar\u00e1 todos los elementos disponibles y seguir\u00e1 trabajando con todos los operadores para conocer con certeza el origen del incidente\u00bb, apuntan desde el ministerio. (9 de mayo) <\/p>\n","protected":false},"excerpt":{"rendered":"<p>Entso-e notifica que estas alteraciones se produjeron a las 12:03 y a las 12:07 horas CET y que tanto la Red El\u00e9ctrica espa\u00f1ola como la RTE francesa \u00abtomaron medidas para mitigar\u00bb estas oscilaciones.<\/p>\n","protected":false},"author":49,"featured_media":1242152,"comment_status":"closed","ping_status":"closed","sticky":false,"template":"","format":"standard","meta":{"_acf_changed":false,"_et_pb_use_builder":"","_et_pb_old_content":"","_et_gb_content_width":"","footnotes":""},"categories":[45],"tags":[],"class_list":["post-1242128","post","type-post","status-publish","format-standard","has-post-thumbnail","hentry","category-europe-in-brief"],"acf":[],"_links":{"self":[{"href":"https:\/\/europeannewsroom.com\/es\/wp-json\/wp\/v2\/posts\/1242128","targetHints":{"allow":["GET"]}}],"collection":[{"href":"https:\/\/europeannewsroom.com\/es\/wp-json\/wp\/v2\/posts"}],"about":[{"href":"https:\/\/europeannewsroom.com\/es\/wp-json\/wp\/v2\/types\/post"}],"author":[{"embeddable":true,"href":"https:\/\/europeannewsroom.com\/es\/wp-json\/wp\/v2\/users\/49"}],"replies":[{"embeddable":true,"href":"https:\/\/europeannewsroom.com\/es\/wp-json\/wp\/v2\/comments?post=1242128"}],"version-history":[{"count":0,"href":"https:\/\/europeannewsroom.com\/es\/wp-json\/wp\/v2\/posts\/1242128\/revisions"}],"wp:featuredmedia":[{"embeddable":true,"href":"https:\/\/europeannewsroom.com\/es\/wp-json\/wp\/v2\/media\/1242152"}],"wp:attachment":[{"href":"https:\/\/europeannewsroom.com\/es\/wp-json\/wp\/v2\/media?parent=1242128"}],"wp:term":[{"taxonomy":"category","embeddable":true,"href":"https:\/\/europeannewsroom.com\/es\/wp-json\/wp\/v2\/categories?post=1242128"},{"taxonomy":"post_tag","embeddable":true,"href":"https:\/\/europeannewsroom.com\/es\/wp-json\/wp\/v2\/tags?post=1242128"}],"curies":[{"name":"wp","href":"https:\/\/api.w.org\/{rel}","templated":true}]}}