{"id":127447,"date":"2023-05-08T08:22:30","date_gmt":"2023-05-08T06:22:30","guid":{"rendered":"https:\/\/europeannewsroom.dpa.com\/?p=127447"},"modified":"2023-05-08T08:42:51","modified_gmt":"2023-05-08T06:42:51","slug":"calvino-priorizara-la-regulacion-de-la-ia-en-la-presidencia-espanola-de-la-ue","status":"publish","type":"post","link":"https:\/\/europeannewsroom.com\/es\/calvino-priorizara-la-regulacion-de-la-ia-en-la-presidencia-espanola-de-la-ue\/","title":{"rendered":"Espa\u00f1a priorizar\u00e1 la regulaci\u00f3n de la IA durante su presidencia de la UE"},"content":{"rendered":"\n<p class=\"wp-block-paragraph\"><\/p>\n\n\n\n<p class=\"wp-block-paragraph\">Florencia (Italia)\/Bruselas &#8211; La vicepresidenta espa\u00f1ola y ministra de Asuntos Econ\u00f3micos y Transformaci\u00f3n Digital, <strong>Nadia Calvi\u00f1o<\/strong>, afirm\u00f3 que durante la pr\u00f3xima presidencia espa\u00f1ola del Consejo de la Uni\u00f3n Europea se priorizar\u00e1 la regulaci\u00f3n de la Inteligencia Artificial, dado su r\u00e1pido desarrollo en los \u00faltimos a\u00f1os.<\/p>\n\n\n\n<p class=\"wp-block-paragraph\">\u00abComo ministra de Econom\u00eda y Digitalizaci\u00f3n, perm\u00edtanme destacar que esta ser\u00e1 una de nuestras principales prioridades durante la pr\u00f3xima presidencia espa\u00f1ola en la segunda mitad del a\u00f1o\u00bb, anunci\u00f3<strong> Calvi\u00f1o<\/strong> durante su intervenci\u00f3n en el foro \u00abEstado de la Uni\u00f3n\u00bb, celebrado en la ciudad italiana de Florencia.<\/p>\n\n\n\n<blockquote class=\"wp-block-quote is-layout-flow wp-block-quote-is-layout-flow\">\n<p class=\"wp-block-paragraph\">Como ocurre con todas las revoluciones industriales, la digitalizaci\u00f3n es una palanca de crecimiento y prosperidad, pero tambi\u00e9n provoca cambios profundos en la forma en que trabajamos, interactuamos, nos informamos y vivimos. Tambi\u00e9n en el funcionamiento de nuestras democracias.  <\/p>\n<cite>Nadia Calvi\u00f1o, vicepresidenta espa\u00f1ola y ministra de Asuntos Econ\u00f3micos y Transformaci\u00f3n Digital.<\/cite><\/blockquote>\n\n\n\n<p class=\"wp-block-paragraph\">Seg\u00fan la vicepresidenta primera, la Uni\u00f3n Europea (UE) ya \u00abest\u00e1 a la vanguardia de los esfuerzos para desarrollar un marco regulatorio para la Inteligencia Artificial (IA)\u00bb, que ha suscitado un intenso debate con la aparici\u00f3n de herramientas tan avanzadas como ChatGPT.  El Parlamento Europeo prev\u00e9 sellar este mes el \u00abacuerdo definitivo\u00bb de propuesta de reglamento sobre Inteligencia Artificial, con el objetivo de que la ley est\u00e9 lista a \u00abfinales de a\u00f1o o principios del que viene\u00bb, aunque de momento no ha fijado su postura sobre el futuro de ChatGPT. (4 de mayo) <\/p>\n\n\n\n<h2 class=\"wp-block-heading\">S\u00e1nchez y Sunak apuestan por cerrar \u00abcuanto antes\u00bb un acuerdo sobre Gibraltar<\/h2>\n\n\n\n<figure class=\"wp-block-image size-full\"><img loading=\"lazy\" decoding=\"async\" width=\"800\" height=\"450\" src=\"https:\/\/europeannewsroom.com\/wp-content\/uploads\/2023\/05\/Penon.jpg\" alt=\"\" class=\"wp-image-127513\" srcset=\"https:\/\/europeannewsroom.com\/wp-content\/uploads\/2023\/05\/Penon.jpg 800w, https:\/\/europeannewsroom.com\/wp-content\/uploads\/2023\/05\/Penon-480x270.jpg 480w\" sizes=\"(min-width: 0px) and (max-width: 480px) 480px, (min-width: 481px) 800px, 100vw\" \/><\/figure>\n\n\n\n<p class=\"wp-block-paragraph\">Vista del pe\u00f1\u00f3n de Gibraltar. EFE\/A.Carrasco Ragel \/ Archivo<\/p>\n\n\n\n<p class=\"wp-block-paragraph\">Madrid\/Londres &#8211; El presidente del Gobierno, <strong>Pedro S\u00e1nchez<\/strong>, y el primer ministro brit\u00e1nico, <strong>Rishi Sunak<\/strong>, han coincidido en la necesidad de cerrar \u00abcuanto antes\u00bb un acuerdo sobre la relaci\u00f3n de Gibraltar con la Uni\u00f3n Europea tras el \u00abbrexit\u00bb.<\/p>\n\n\n\n<p class=\"wp-block-paragraph\"><strong>S\u00e1nchez<\/strong> y <strong>Sunak<\/strong> han expresado esa coincidencia en una conversaci\u00f3n telef\u00f3nica que han mantenido a petici\u00f3n, seg\u00fan el Ejecutivo, del primer ministro brit\u00e1nico.<\/p>\n\n\n\n<p class=\"wp-block-paragraph\">Si desde el Gobierno de <strong>Sunak<\/strong> se inform\u00f3 de que ambos l\u00edderes han apostado por cerrar cuanto antes el acuerdo sobre Gibraltar, el Gobierno espa\u00f1ol ha subrayado que los dos han abogado por dar lo antes posible los \u00faltimos pasos en las negociaciones sobre el Pe\u00f1\u00f3n. Adem\u00e1s, asegura que ambos han coincidido en la importancia de alcanzar un acuerdo que sea beneficioso para la prosperidad compartida en la zona. (4 de mayo)<\/p>\n\n\n\n<h2 class=\"wp-block-heading\">Espa\u00f1a ve una actitud constructiva de la UE para alcanzar un pacto migratorio<\/h2>\n\n\n\n<figure class=\"wp-block-image size-full\"><img loading=\"lazy\" decoding=\"async\" width=\"800\" height=\"450\" src=\"https:\/\/europeannewsroom.com\/wp-content\/uploads\/2023\/05\/Interior.jpg\" alt=\"\" class=\"wp-image-127481\" srcset=\"https:\/\/europeannewsroom.com\/wp-content\/uploads\/2023\/05\/Interior.jpg 800w, https:\/\/europeannewsroom.com\/wp-content\/uploads\/2023\/05\/Interior-480x270.jpg 480w\" sizes=\"(min-width: 0px) and (max-width: 480px) 480px, (min-width: 481px) 800px, 100vw\" \/><\/figure>\n\n\n\n<p class=\"wp-block-paragraph\">El ministro espa\u00f1ol del Interior, Fernando Grande-Marlaska (i), y la comisaria de Interior de la Uni\u00f3n Europea, Ylva Johansson (d),  en Madrid el 4 de mayo de 2023. EFE\/ Miguel Berrocal \/ Ministerio del Interior<\/p>\n\n\n\n<p class=\"wp-block-paragraph\">Madrid &#8211; El ministro del Interior, <strong>Fernando Grande-Marlaska<\/strong>, ha manifestado a la comisaria de este \u00e1rea de la Uni\u00f3n Europea (UE), <strong>Ylva Johansson<\/strong>, que percibe una \u00abactitud constructiva\u00bb entre los pa\u00edses de la Comunidad de cara a alcanzar un pr\u00f3ximo acuerdo con respecto al Pacto de Migraci\u00f3n y Asilo.<\/p>\n\n\n\n<p class=\"wp-block-paragraph\"><strong>Grande-Marlaska<\/strong> ha recibido en Madrid a Johansson, a quien ha transmitido que \u00abaunque sigue habiendo posturas divergentes las distancias ya no son tan grandes como hace medio a\u00f1o y todos somos conscientes de que queda poco tiempo y de la necesidad de hacer concesiones para alcanzar acuerdos cuanto antes\u00bb. <\/p>\n\n\n\n<p class=\"wp-block-paragraph\">Por su parte, la comisaria dijo  tener \u00abgrandes expectativas\u00bb de que Espa\u00f1a, durante su presidencia rotatoria de la UE, que comienza el pr\u00f3ximo 1 de julio, cumplir\u00e1 las \u00abprioridades comunes\u00bb, entre las que cit\u00f3 el Pacto europeo para la Migraci\u00f3n y el Asilo o la lucha contra el abuso sexual infantil. (4 de mayo)<\/p>\n\n\n\n<h2 class=\"wp-block-heading\">Gentiloni: La UE es consciente de que volver a la austeridad ser\u00eda imposible<\/h2>\n\n\n\n<figure class=\"wp-block-gallery has-nested-images columns-default is-cropped wp-block-gallery-1 is-layout-flex wp-block-gallery-is-layout-flex\">\n<figure class=\"wp-block-image size-large\"><img loading=\"lazy\" decoding=\"async\" width=\"800\" height=\"450\" data-id=\"127497\" src=\"https:\/\/europeannewsroom.com\/wp-content\/uploads\/2023\/05\/Gentiloni.jpg\" alt=\"\" class=\"wp-image-127497\" srcset=\"https:\/\/europeannewsroom.com\/wp-content\/uploads\/2023\/05\/Gentiloni.jpg 800w, https:\/\/europeannewsroom.com\/wp-content\/uploads\/2023\/05\/Gentiloni-480x270.jpg 480w\" sizes=\"(min-width: 0px) and (max-width: 480px) 480px, (min-width: 481px) 800px, 100vw\" \/><\/figure>\n<\/figure>\n\n\n\n<p class=\"wp-block-paragraph\">El comisario europeo de Econom\u00eda, Paolo Gentiloni, el 5 de mayo de 2023 en el foro \u00abEstado de la Uni\u00f3n\u00bb en Florencia. EFE\/Javier Romualdo<\/p>\n\n\n\n<p class=\"wp-block-paragraph\">Florencia (Italia) &#8211; El comisario europeo de Asuntos Econ\u00f3micos y Monetarios,<strong> Paolo Gentiloni<\/strong>, reconoci\u00f3 que volver a proponer reglas de austeridad econ\u00f3mica ser\u00eda \u00abimposible\u00bb, al hablar sobre la propuesta de Bruselas para los Planes de Estabilidad de los miembros de Uni\u00f3n Europea (UE).<\/p>\n\n\n\n<p class=\"wp-block-paragraph\">\u00abEs crucial tener una actitud sobre las reglas fiscales que tome conciencia de que volver a proponer la austeridad ser\u00eda imposible\u00bb, indic\u00f3 el pol\u00edtico italiano durante la clausura del foro \u00abEl Estado de la Uni\u00f3n\u00bb que ha organizado la ciudad italiana de Florencia.<\/p>\n\n\n\n<p class=\"wp-block-paragraph\"><strong>Gentiloni<\/strong> defendi\u00f3 que la propuesta de la Comisi\u00f3n es \u00abequilibrada\u00bb para cumplir con dos objetivos concretos: \u00abReducir la deuda de forma gradual\u00bb y, al mismo tiempo, \u00abofrecer incentivos para un crecimiento sostenible\u00bb. Los pa\u00edses deber\u00e1n enviar este mes sus Planes de Estabilidad a la Comisi\u00f3n, que en sus nuevas directrices abandona la relajaci\u00f3n fiscal aprobada durante la pandemia y pide que el d\u00e9ficit p\u00fablico se sit\u00fae como m\u00e1ximo en el 3% del PIB nacional, adem\u00e1s de corregir gradualmente los niveles de deuda. (5 de mayo)<\/p>\n\n\n\n<h2 class=\"wp-block-heading\">La UE pide que las ligas est\u00e9n legitimadas para pedir bloqueos de webs pirata<\/h2>\n\n\n\n<figure class=\"wp-block-image size-full\"><img loading=\"lazy\" decoding=\"async\" width=\"800\" height=\"450\" src=\"https:\/\/europeannewsroom.com\/wp-content\/uploads\/2023\/05\/futbol.jpg\" alt=\"\" class=\"wp-image-127465\" srcset=\"https:\/\/europeannewsroom.com\/wp-content\/uploads\/2023\/05\/futbol.jpg 800w, https:\/\/europeannewsroom.com\/wp-content\/uploads\/2023\/05\/futbol-480x270.jpg 480w\" sizes=\"(min-width: 0px) and (max-width: 480px) 480px, (min-width: 481px) 800px, 100vw\" \/><\/figure>\n\n\n\n<p class=\"wp-block-paragraph\">Vista de un partido de f\u00fatbol por el monitor de una c\u00e1mara, en una imagen de archivo. EFE\/Joedson Alves \/ Archivo<\/p>\n\n\n\n<p class=\"wp-block-paragraph\">Bruselas &#8211; La Comisi\u00f3n Europea inst\u00f3 este jueves a los Estados miembros de la UE a conceder a los organizadores de eventos deportivos la legitimaci\u00f3n para poder solicitar el bloqueo de las emisiones piratas de sus ligas o campeonatos en Internet, un estatus legal del que actualmente no gozan en todos los pa\u00edses de la Uni\u00f3n.<\/p>\n\n\n\n<p class=\"wp-block-paragraph\">A trav\u00e9s de una recomendaci\u00f3n dirigida a los Veintisiete, el Ejecutivo comunitario defendi\u00f3 la aplicaci\u00f3n de medidas cautelares de bloqueo \u00abdin\u00e1micas\u00bb y hechas a medida para cada evento deportivo, adem\u00e1s de pedir cambios a los Estados donde todav\u00eda \u00abno es posible\u00bb que los organizadores puedan presentar estas solicitudes de bloqueo.<\/p>\n\n\n\n<p class=\"wp-block-paragraph\">En Espa\u00f1a, tres sentencias recientes emitidas entre 2020 y 2022 en juzgados de Madrid y Barcelona han creado una jurisprudencia que habilita a LaLiga o Telef\u00f3nica, el principal poseedor de los derechos televisivos del torneo, a pedir a los operadores de Internet que bloqueen semanalmente el acceso a webs que ofrezcan partidos pirata. (4 de mayo)<\/p>\n\n\n\n<p class=\"wp-block-paragraph\">Esta recopilaci\u00f3n es una selecci\u00f3n editorial basada en la cobertura europea de EFE. La responsabilidad editorial de esta publicaci\u00f3n es de EFE.<\/p>\n\n\n\n<p class=\"wp-block-paragraph\"><\/p>\n\n\n\n<p class=\"wp-block-paragraph\"><\/p>\n","protected":false},"excerpt":{"rendered":"<p>La necesidad de regular la Inteligencia Artificial (IA), que es una prioridad de la presidencia espa\u00f1ola de la UE, y la voluntad de Madrid y Londres de cerrar \u00abcuanto antes\u00bb el acuerdo sobre Gibraltar tras el brexit son dos de los temas europeos m\u00e1s destacados de los \u00faltimos d\u00edas. <\/p>\n","protected":false},"author":49,"featured_media":127449,"comment_status":"closed","ping_status":"closed","sticky":true,"template":"","format":"standard","meta":{"_acf_changed":false,"_et_pb_use_builder":"","_et_pb_old_content":"","_et_gb_content_width":"","footnotes":""},"categories":[45],"tags":[9946,7959,9947,7043,5843,9945,765,9948,4385,8553],"class_list":["post-127447","post","type-post","status-publish","format-standard","has-post-thumbnail","hentry","category-europe-in-brief","tag-asilo-3","tag-calvino","tag-florencia","tag-futbol","tag-gibraltar","tag-ia-2","tag-migracion","tag-pirateria","tag-sanchez-5","tag-sunak"],"acf":[],"_links":{"self":[{"href":"https:\/\/europeannewsroom.com\/es\/wp-json\/wp\/v2\/posts\/127447","targetHints":{"allow":["GET"]}}],"collection":[{"href":"https:\/\/europeannewsroom.com\/es\/wp-json\/wp\/v2\/posts"}],"about":[{"href":"https:\/\/europeannewsroom.com\/es\/wp-json\/wp\/v2\/types\/post"}],"author":[{"embeddable":true,"href":"https:\/\/europeannewsroom.com\/es\/wp-json\/wp\/v2\/users\/49"}],"replies":[{"embeddable":true,"href":"https:\/\/europeannewsroom.com\/es\/wp-json\/wp\/v2\/comments?post=127447"}],"version-history":[{"count":0,"href":"https:\/\/europeannewsroom.com\/es\/wp-json\/wp\/v2\/posts\/127447\/revisions"}],"wp:featuredmedia":[{"embeddable":true,"href":"https:\/\/europeannewsroom.com\/es\/wp-json\/wp\/v2\/media\/127449"}],"wp:attachment":[{"href":"https:\/\/europeannewsroom.com\/es\/wp-json\/wp\/v2\/media?parent=127447"}],"wp:term":[{"taxonomy":"category","embeddable":true,"href":"https:\/\/europeannewsroom.com\/es\/wp-json\/wp\/v2\/categories?post=127447"},{"taxonomy":"post_tag","embeddable":true,"href":"https:\/\/europeannewsroom.com\/es\/wp-json\/wp\/v2\/tags?post=127447"}],"curies":[{"name":"wp","href":"https:\/\/api.w.org\/{rel}","templated":true}]}}