{"id":130918,"date":"2023-05-22T19:21:07","date_gmt":"2023-05-22T17:21:07","guid":{"rendered":"https:\/\/europeannewsroom.dpa.com\/?p=130918"},"modified":"2023-05-25T14:50:26","modified_gmt":"2023-05-25T12:50:26","slug":"la-comision-europea-no-prepara-restricciones-de-agua-ni-tiene-competencias-para-ello","status":"publish","type":"post","link":"https:\/\/europeannewsroom.com\/es\/la-comision-europea-no-prepara-restricciones-de-agua-ni-tiene-competencias-para-ello\/","title":{"rendered":"La Comisi\u00f3n Europea no prepara \u00abrestricciones de agua\u00bb ni tiene competencias para ello"},"content":{"rendered":"\n<p class=\"wp-block-paragraph\">La Comisi\u00f3n Europea no ha anunciado restricciones de agua para toda la poblaci\u00f3n ni controles para regular las duchas, cosa que asegura la captura de un tuit que circula por redes sociales.<\/p>\n\n\n\n<p class=\"wp-block-paragraph\">En la misma publicaci\u00f3n se a\u00f1ade una imagen de la presidenta comunitaria bajo la cita: \u00abNo se podr\u00e1 duchar uno cuando quiera, estar\u00e1 controlado\u00bb.<\/p>\n\n\n\n<p class=\"wp-block-paragraph\">Perfiles en Twitter y Facebook han compartido numerosas veces este mensaje en relaci\u00f3n al episodio de sequ\u00eda que se est\u00e1 viviendo en varios pa\u00edses de Europa, incluido Espa\u00f1a.<\/p>\n\n\n\n<p class=\"wp-block-paragraph\"><strong>HECHOS<\/strong>: La Comisi\u00f3n Europea no est\u00e1 \u00abpreparando\u00bb restringir el agua ni tiene competencias para ello, tal y como confirma a EFE Verifica, ni esos planes se recogen en ninguna informaci\u00f3n institucional o period\u00edstica.<\/p>\n\n\n\n<p class=\"wp-block-paragraph\"><strong>Fuentes de la representaci\u00f3n de la Comisi\u00f3n Europea en Espa\u00f1a sostienen a EFE Verifica que la afirmaci\u00f3n que recoge esta publicaci\u00f3n es falsa<\/strong>&nbsp;y que desde la Comisi\u00f3n \u00abno se han propuesto medidas restrictivas\u00bb.<\/p>\n\n\n\n<p class=\"wp-block-paragraph\">Por otra parte, no hay constancia de ninguna informaci\u00f3n que as\u00ed lo recoja, ni en el archivo de noticias de EFE, EFEData, ni en internet, como se concluye de b\u00fasquedas avanzadas en Twitter y Google, tanto en espa\u00f1ol como en ingl\u00e9s.<\/p>\n\n\n\n<p class=\"wp-block-paragraph\">Tampoco hay documentos o publicaciones con un anuncio de ese tipo en las webs oficiales del Parlamento Europeo, el Consejo Europeo o la Comisi\u00f3n, ni el citado tuit aporta pruebas de su existencia.<\/p>\n\n\n\n<figure class=\"wp-block-image size-full is-resized\"><img loading=\"lazy\" decoding=\"async\" src=\"https:\/\/europeannewsroom.com\/wp-content\/uploads\/2023\/05\/aguaa.jpg\" alt=\"\" class=\"wp-image-130961\" width=\"849\" height=\"478\" srcset=\"https:\/\/europeannewsroom.com\/wp-content\/uploads\/2023\/05\/aguaa.jpg 849w, https:\/\/europeannewsroom.com\/wp-content\/uploads\/2023\/05\/aguaa-480x270.jpg 480w\" sizes=\"(min-width: 0px) and (max-width: 480px) 480px, (min-width: 481px) 849px, 100vw\" \/><figcaption class=\"wp-element-caption\">Vista de un grifo de llenando un cubo de agua en una imagen de archivo (Foto EFE\/Gustavo Amador).<\/figcaption><\/figure>\n\n\n\n<h3 class=\"wp-block-heading\">SIN COMPETENCIAS PARA RESTRINGIR EL CONSUMO DE AGUA<\/h3>\n\n\n\n<p class=\"wp-block-paragraph\">Las citadas fuentes de la Comisi\u00f3n recuerdan que la Uni\u00f3n Europea no tiene competencias para restringir el consumo de agua.<\/p>\n\n\n\n<p class=\"wp-block-paragraph\"><strong>La UE cuenta con la Directiva marco sobre el agua para la protecci\u00f3n y la gesti\u00f3n de las aguas<\/strong>, que unifica actuaciones en esta materia a escala comunitaria, pero establece que son los Estados los encargados de designar las autoridades competentes para la gesti\u00f3n de los recursos h\u00eddricos.<\/p>\n\n\n\n<p class=\"wp-block-paragraph\">De hecho,&nbsp;<strong>la norma no recoge que se pueda restringir el agua para el uso dom\u00e9stico.<\/strong><\/p>\n\n\n\n<p class=\"wp-block-paragraph\">Estas limitaciones tampoco est\u00e1n descritas en el apartado de \u00abPrevenci\u00f3n y mitigaci\u00f3n de la escasez de agua y las sequ\u00edas en la UE\u00bb de la web de la Comisi\u00f3n Europea.<\/p>\n\n\n\n<p class=\"wp-block-paragraph\">Seg\u00fan el Art\u00edculo 4 del&nbsp;<strong><a rel=\"noreferrer noopener\" href=\"https:\/\/eur-lex.europa.eu\/legal-content\/ES\/TXT\/PDF\/?uri=CELEX:12012E\/TXT\" target=\"_blank\">Tratado de Funcionamiento de la Uni\u00f3n Europea<\/a><\/strong>&nbsp;(TFUE), la UE solo tiene competencias exclusivas en las siguientes \u00e1reas: Uni\u00f3n Aduanera, Mercado Interior, Pol\u00edtica Monetaria (Euro), Pol\u00edtica Pesquera y Pol\u00edtica Comercial Com\u00fan.<\/p>\n\n\n\n<figure class=\"wp-block-embed is-type-video is-provider-youtube wp-block-embed-youtube wp-embed-aspect-16-9 wp-has-aspect-ratio\"><div class=\"wp-block-embed__wrapper\">\n<iframe loading=\"lazy\" title=\"Sin perspectivas de lluvia, la sequ\u00eda se agudiza en m\u00e1s de media Espa\u00f1a\" width=\"1080\" height=\"608\" src=\"https:\/\/www.youtube.com\/embed\/WiqL6aUcP-0?feature=oembed\"  allow=\"accelerometer; autoplay; clipboard-write; encrypted-media; gyroscope; picture-in-picture; web-share\" referrerpolicy=\"strict-origin-when-cross-origin\" allowfullscreen><\/iframe>\n<\/div><\/figure>\n\n\n\n<h3 class=\"wp-block-heading\">SEQU\u00cdA EMERGENTE EN ESPA\u00d1A<\/h3>\n\n\n\n<p class=\"wp-block-paragraph\">No obstante,&nbsp;<strong><a href=\"https:\/\/publications.jrc.ec.europa.eu\/repository\/handle\/JRC133025\" target=\"_blank\" rel=\"noreferrer noopener\">la Uni\u00f3n Europea s\u00ed ha manifestado la importancia de cuidar el agua frente a las sequ\u00edas, como en un informe del Centro Com\u00fan de Investigaci\u00f3n<\/a><\/strong>&nbsp;(JRC, por sus siglas en ingl\u00e9s) de la Comisi\u00f3n que advierte de que Europa va camino de una sequ\u00eda similar a la del verano de 2022.<\/p>\n\n\n\n<p class=\"wp-block-paragraph\">El documento destaca la problem\u00e1tica de la sequ\u00eda en la mayor parte del sur y oeste de Europa, zonas afectadas por \u00abanomal\u00edas sustanciales\u00bb en la humedad del suelo y el caudal de los r\u00edos debido a un invierno \u00abexcepcionalmente seco y c\u00e1lido\u00bb.<\/p>\n\n\n\n<p class=\"wp-block-paragraph\">Seg\u00fan este organismo, los impactos de l<strong>a sequ\u00eda emergente en Francia, Espa\u00f1a y el norte de Italia preocupan en cuanto al suministro de agua para uso humano, agricultura y producci\u00f3n de energ\u00eda<\/strong>, lo que requiere de planes y seguimientos adecuados para hacer frente a una temporada cr\u00edtica de recursos h\u00eddricos.<\/p>\n\n\n\n<h3 class=\"wp-block-heading\">UNA FUENTE DE DESINFORMACI\u00d3N HABITUAL<\/h3>\n\n\n\n<p class=\"wp-block-paragraph\">EFE ha desmentido en otras ocasiones numerosas publicaciones enga\u00f1osas sobre temas europeos o pol\u00edticos en Espa\u00f1a procedentes de esta cuenta de Twitter, la cual no adjunta ni suele indicar la fuente.<\/p>\n\n\n\n<p class=\"wp-block-paragraph\">Este perfil tambi\u00e9n ha difundido anteriormente otros mensajes falsos relacionados con el cambio clim\u00e1tico y con la imagen de Von der Leyen en los que se incluyen citas inventadas.<\/p>\n\n\n\n<p class=\"wp-block-paragraph\">En definitiva, la Comisi\u00f3n Europea no est\u00e1 preparando restricciones de agua para toda la poblaci\u00f3n, una actuaci\u00f3n para la que no tiene competencias. (22 de mayo de 2023)<\/p>\n","protected":false},"excerpt":{"rendered":"<p>La presidenta comunitaria, Ursula von der Leyen, tampoco ha dicho que los ciudadanos no se podr\u00e1n duchar \u00abcuando quieran\u00bb, como se sostiene en una publicaci\u00f3n viral con informaci\u00f3n falsa y sin pruebas.<\/p>\n","protected":false},"author":69,"featured_media":130938,"comment_status":"closed","ping_status":"closed","sticky":false,"template":"","format":"standard","meta":{"_acf_changed":false,"_et_pb_use_builder":"","_et_pb_old_content":"","_et_gb_content_width":"","footnotes":""},"categories":[829],"tags":[10140,1417,10141,1997,1423],"class_list":["post-130918","post","type-post","status-publish","format-standard","has-post-thumbnail","hentry","category-fact-check","tag-agua","tag-comision-europea","tag-restricciones","tag-sequia","tag-von-der-leyen-2"],"acf":[],"_links":{"self":[{"href":"https:\/\/europeannewsroom.com\/es\/wp-json\/wp\/v2\/posts\/130918","targetHints":{"allow":["GET"]}}],"collection":[{"href":"https:\/\/europeannewsroom.com\/es\/wp-json\/wp\/v2\/posts"}],"about":[{"href":"https:\/\/europeannewsroom.com\/es\/wp-json\/wp\/v2\/types\/post"}],"author":[{"embeddable":true,"href":"https:\/\/europeannewsroom.com\/es\/wp-json\/wp\/v2\/users\/69"}],"replies":[{"embeddable":true,"href":"https:\/\/europeannewsroom.com\/es\/wp-json\/wp\/v2\/comments?post=130918"}],"version-history":[{"count":0,"href":"https:\/\/europeannewsroom.com\/es\/wp-json\/wp\/v2\/posts\/130918\/revisions"}],"wp:featuredmedia":[{"embeddable":true,"href":"https:\/\/europeannewsroom.com\/es\/wp-json\/wp\/v2\/media\/130938"}],"wp:attachment":[{"href":"https:\/\/europeannewsroom.com\/es\/wp-json\/wp\/v2\/media?parent=130918"}],"wp:term":[{"taxonomy":"category","embeddable":true,"href":"https:\/\/europeannewsroom.com\/es\/wp-json\/wp\/v2\/categories?post=130918"},{"taxonomy":"post_tag","embeddable":true,"href":"https:\/\/europeannewsroom.com\/es\/wp-json\/wp\/v2\/tags?post=130918"}],"curies":[{"name":"wp","href":"https:\/\/api.w.org\/{rel}","templated":true}]}}