{"id":1382032,"date":"2025-07-02T09:38:56","date_gmt":"2025-07-02T07:38:56","guid":{"rendered":"https:\/\/europeannewsroom.com\/?p=1382032"},"modified":"2025-07-02T09:38:59","modified_gmt":"2025-07-02T07:38:59","slug":"bruselas-afirma-que-es-responsabilidad-de-espana-investigar-casos-como-los-de-koldo-y-cerdan","status":"publish","type":"post","link":"https:\/\/europeannewsroom.com\/es\/bruselas-afirma-que-es-responsabilidad-de-espana-investigar-casos-como-los-de-koldo-y-cerdan\/","title":{"rendered":"Bruselas afirma que es responsabilidad de Espa\u00f1a investigar casos como los de Koldo y Cerd\u00e1n"},"content":{"rendered":"\n<p class=\"wp-block-paragraph\">Bruselas &#8211; El comisario europeo de Justicia, <strong>Michael McGrath<\/strong>, dej\u00f3 este martes en manos de las autoridades espa\u00f1olas la investigaci\u00f3n de los casos de corrupci\u00f3n desvelados en el marco del caso Koldo y emplaz\u00f3 a la publicaci\u00f3n la pr\u00f3xima semana del informe del Estado de derecho en la UE, que evaluar\u00e1 a Espa\u00f1a y al resto de pa\u00edses europeos.<\/p>\n\n\n\n<p class=\"wp-block-paragraph\">En una entrevista con la Redacci\u00f3n Europea de Agencias (ENR), a la que pertenece EFE, McGrath declin\u00f3 comentar \u00abninguna alegaci\u00f3n espec\u00edfica\u00bb que a\u00fan tenga que ser investigada por las autoridades pertinentes y se\u00f1al\u00f3 que la responsabilidad primaria de investigar casos de corrupci\u00f3n recae en el pa\u00eds afectado.<\/p>\n\n\n\n<p class=\"wp-block-paragraph\">\u00abUno de los pilares fundamentales que evaluamos en el proceso anual del Estado de derecho es la robustez de los reg\u00edmenes anticorrupci\u00f3n en cada Estado miembro. Con Espa\u00f1a, as\u00ed como con el resto de Estados miembros, daremos a conocer nuestra evaluaci\u00f3n m\u00e1s reciente de esta cuesti\u00f3n en el informe del Estado de derecho\u00bb, explic\u00f3 McGrath.<\/p>\n\n\n\n<p class=\"wp-block-paragraph\">El comisario irland\u00e9s dijo que este informe, cuya publicaci\u00f3n est\u00e1 prevista para el pr\u00f3ximo martes, prev\u00e9 explorar el \u00abentorno en general en cuanto a los sistemas anticorrupci\u00f3n en marcha\u00bb, tanto para Espa\u00f1a como para el resto de pa\u00edses.<\/p>\n\n\n\n<p class=\"wp-block-paragraph\">\u00abLo que m\u00e1s nos importa es que cada pa\u00eds de la UE tenga las estructuras apropiadas para abordar la corrupci\u00f3n y que demuestren no s\u00f3lo la capacidad sino la voluntad de abordarla cuando se presenta\u00bb, a\u00f1adi\u00f3.<\/p>\n\n\n\n<h2 class=\"wp-block-heading\">Hungr\u00eda y el pr\u00f3ximo presupuesto de la UE<\/h2>\n\n\n\n<p class=\"wp-block-paragraph\">El comisario irland\u00e9s repas\u00f3 en la entrevista los instrumentos de los que dispone Bruselas para advertir y sancionar a los gobiernos europeos cuando infringen los valores b\u00e1sicos de la UE y se\u00f1al\u00f3 que en el caso del mecanismo del art\u00edculo 7, bajo el que Hungr\u00eda tiene abierto un expediente estancado, los avances dependen de la voluntad del resto de pa\u00edses.<\/p>\n\n\n\n<p class=\"wp-block-paragraph\">\u00abTenemos que trabajar con los tratados que tenemos\u00bb, reconoci\u00f3 McGrath sobre la lejana posibilidad de retirar a Hungr\u00eda el derecho a voto en el Consejo, que s\u00f3lo ser\u00eda posible si el resto de pa\u00edses se mostrasen un\u00e1nimemente a favor.<\/p>\n\n\n\n<p class=\"wp-block-paragraph\">Hungr\u00eda es el frente m\u00e1s acuciante para la UE en materia de Estado de derecho, con episodios como la prohibici\u00f3n gubernamental a la marcha del Orgullo que finalmente se celebr\u00f3 el pasado s\u00e1bado bajo amenazas de consecuencias legales para los participantes y la acusaci\u00f3n del Ejecutivo h\u00fangaro a Bruselas de haber \u00aborquestado\u00bb la protesta.<\/p>\n\n\n\n<p class=\"wp-block-paragraph\">\u00abNo hemos orquestado nada. Hemos sido testigos de una reacci\u00f3n org\u00e1nica de organizaciones de base, de ciudadanos ordinarios de Hungr\u00eda con apoyo de las partes a nivel internacional y con el simbolismo de cientos de miles de personas en las calles de Budapest defendiendo el derecho a reunirse de forma pac\u00edfica y reconociendo la importancia de la igualdad\u00bb, incidi\u00f3 McGrath.<\/p>\n\n\n\n<p class=\"wp-block-paragraph\">El comisario avanz\u00f3 que Bruselas prev\u00e9 que a la pr\u00f3xima propuesta del presupuesto comunitario para siete a\u00f1os (2028-2034) le acompa\u00f1e una iniciativa para revisar el mecanismo que vincula el cumplimiento de los valores europeos al desembolso de fondos que permita a Bruselas \u00abresponder m\u00e1s r\u00e1pidamente cuando ve violaciones del Estado de derecho\u00bb.<\/p>\n\n\n\n<p class=\"wp-block-paragraph\">\u00abNecesitamos un instrumento m\u00e1s \u00e1gil y que d\u00e9 respuestas para que los Estados miembros tengan claro desde el principio cu\u00e1les son sus obligaciones\u00bb, se\u00f1al\u00f3.<\/p>\n\n\n\n<h2 class=\"wp-block-heading\">\u00abExplosi\u00f3n\u00bb de paquetes llegados desde China<\/h2>\n\n\n\n<p class=\"wp-block-paragraph\">Por otro lado, el tambi\u00e9n responsable de Consumidores a nivel europeo urgi\u00f3 a \u00abtener muy claros los riesgos y oportunidades\u00bb de comercio con China ante la \u00abexplosi\u00f3n\u00bb en el n\u00famero de paquetes peque\u00f1os que entran en la UE, unos 12 millones al d\u00eda de los cu\u00e1les un 90 % proceden del gigante asi\u00e1tico y entran mayoritariamente a trav\u00e9s de plataformas como Temu o Shein.<\/p>\n\n\n\n<p class=\"wp-block-paragraph\">\u00abSon un socio comercial relevante, pero el respeto por las reglas del otro debe ser inequ\u00edvoco. Las plataformas chinas claramente ven Europa como un mercado muy lucrativo y tenemos que reflexionar sobre las consecuencias\u00bb, advirti\u00f3.<\/p>\n\n\n\n<p class=\"wp-block-paragraph\">McGrath record\u00f3 que Bruselas ya ha propuesto ideas como una tasa de dos euros a la entrada en la Uni\u00f3n Europea de peque\u00f1os paquetes, pero reconoci\u00f3 al mismo tiempo que el actual volumen de importaciones est\u00e1 llevando al sistema al \u00abcolapso\u00bb, por lo que visitar\u00e1 China personalmente durante 2025 para hablar de la situaci\u00f3n con las autoridades chinas.<\/p>\n\n\n\n<p class=\"wp-block-paragraph\">En este \u00e1rea, Bruselas tambi\u00e9n tiene previsto presentar a finales de 2026 la Ley de Equidad Digital, que entre otros aspectos, pretende regular el papel de los &#8216;influencers&#8217;, la posibilidad de anular suscripciones en internet, el dise\u00f1o adictivo de las plataformas o los patrones oscuros. (1 de julio) <\/p>\n","protected":false},"excerpt":{"rendered":"<p>En una entrevista con la Redacci\u00f3n Europea de Agencias (ENR), a la que pertenece EFE, McGrath declin\u00f3 comentar \u00abninguna alegaci\u00f3n espec\u00edfica\u00bb que a\u00fan tenga que ser investigada por las autoridades pertinentes y se\u00f1al\u00f3 que la responsabilidad primaria de investigar casos de corrupci\u00f3n recae en el pa\u00eds afectado.<\/p>\n","protected":false},"author":49,"featured_media":1382033,"comment_status":"closed","ping_status":"closed","sticky":false,"template":"","format":"standard","meta":{"_acf_changed":false,"_et_pb_use_builder":"","_et_pb_old_content":"","_et_gb_content_width":"","footnotes":""},"categories":[45],"tags":[],"class_list":["post-1382032","post","type-post","status-publish","format-standard","has-post-thumbnail","hentry","category-europe-in-brief"],"acf":[],"_links":{"self":[{"href":"https:\/\/europeannewsroom.com\/es\/wp-json\/wp\/v2\/posts\/1382032","targetHints":{"allow":["GET"]}}],"collection":[{"href":"https:\/\/europeannewsroom.com\/es\/wp-json\/wp\/v2\/posts"}],"about":[{"href":"https:\/\/europeannewsroom.com\/es\/wp-json\/wp\/v2\/types\/post"}],"author":[{"embeddable":true,"href":"https:\/\/europeannewsroom.com\/es\/wp-json\/wp\/v2\/users\/49"}],"replies":[{"embeddable":true,"href":"https:\/\/europeannewsroom.com\/es\/wp-json\/wp\/v2\/comments?post=1382032"}],"version-history":[{"count":0,"href":"https:\/\/europeannewsroom.com\/es\/wp-json\/wp\/v2\/posts\/1382032\/revisions"}],"wp:featuredmedia":[{"embeddable":true,"href":"https:\/\/europeannewsroom.com\/es\/wp-json\/wp\/v2\/media\/1382033"}],"wp:attachment":[{"href":"https:\/\/europeannewsroom.com\/es\/wp-json\/wp\/v2\/media?parent=1382032"}],"wp:term":[{"taxonomy":"category","embeddable":true,"href":"https:\/\/europeannewsroom.com\/es\/wp-json\/wp\/v2\/categories?post=1382032"},{"taxonomy":"post_tag","embeddable":true,"href":"https:\/\/europeannewsroom.com\/es\/wp-json\/wp\/v2\/tags?post=1382032"}],"curies":[{"name":"wp","href":"https:\/\/api.w.org\/{rel}","templated":true}]}}