{"id":160730,"date":"2023-09-20T22:58:20","date_gmt":"2023-09-20T20:58:20","guid":{"rendered":"https:\/\/europeannewsroom.dpa.com\/?p=160730"},"modified":"2023-09-20T22:58:37","modified_gmt":"2023-09-20T20:58:37","slug":"la-eurocamara-paraliza-parte-del-pacto-migratorio-mientras-los-paises-de-la-ue-no-avancen-en-la-gestion-de-crisis","status":"publish","type":"post","link":"https:\/\/europeannewsroom.com\/es\/la-eurocamara-paraliza-parte-del-pacto-migratorio-mientras-los-paises-de-la-ue-no-avancen-en-la-gestion-de-crisis\/","title":{"rendered":"La Euroc\u00e1mara paraliza parte del pacto migratorio mientras los pa\u00edses de la UE no avancen en la gesti\u00f3n de crisis"},"content":{"rendered":"\n<p class=\"wp-block-paragraph\">Bruselas &#8211; El Parlamento Europeo (PE) anunci\u00f3 este mi\u00e9rcoles que va a hacer una pausa en las negociaciones con el Consejo (pa\u00edses de la Uni\u00f3n Europea) sobre dos reglamentos del futuro Pacto europeo de Migraci\u00f3n y Asilo, en protesta por la lentitud con la que avanzan los pa\u00edses en una pieza clave de esa reforma: la legislaci\u00f3n sobre la gesti\u00f3n de crisis.<\/p>\n\n\n\n<p class=\"wp-block-paragraph\">Los dos expedientes que quedar\u00e1n paralizados son el del reglamento que introduce un control de nacionales de terceros pa\u00edses en las fronteras exteriores de la UE y el de Eurodac, el sistema europeo de comparaci\u00f3n de huellas dactilares de los solicitantes de asilo, cuyo dise\u00f1o final los eurodiputados negocian desde hace meses con los Estados miembros.<\/p>\n\n\n\n<p class=\"wp-block-paragraph\">Esas conversaciones quedar\u00e1n ahora en pausa hasta que los Estados miembros lleguen a un consenso entre ellos para empezar a negociar uno de los dossieres clave del pacto, el de gesti\u00f3n de situaciones de crisis y de fuerza mayor en el \u00e1mbito de la migraci\u00f3n. Los ministros de Interior de la Uni\u00f3n Europea se reunir\u00e1n el pr\u00f3ximo 28 de septiembre en Bruselas, pero salvo cambios de \u00faltima hora, la agenda de esa cita no incluye ning\u00fan punto de debate o decisi\u00f3n sobre el Reglamento de Gesti\u00f3n de Crisis, sino que \u00fanicamente est\u00e1 previsto que Espa\u00f1a, como presidencia de turno del Consejo de la UE, informe sobre el estado de las negociaciones del Pacto europeo de Migraci\u00f3n y Asilo. (20 de septiembre)<\/p>\n\n\n\n<h2 class=\"wp-block-heading\">Alemania y Francia proponen una UE a varias velocidades para acoger a m\u00e1s pa\u00edses<\/h2>\n\n\n\n<figure class=\"wp-block-image size-large\"><img loading=\"lazy\" decoding=\"async\" width=\"1024\" height=\"683\" src=\"https:\/\/europeannewsroom.com\/wp-content\/uploads\/2023\/09\/406ce248-e06d-4ae6-826c-e77dc89beb5b-1024x683.jpg\" alt=\"\" class=\"wp-image-160861\" srcset=\"https:\/\/europeannewsroom.com\/wp-content\/uploads\/2023\/09\/406ce248-e06d-4ae6-826c-e77dc89beb5b-980x653.jpg 980w, https:\/\/europeannewsroom.com\/wp-content\/uploads\/2023\/09\/406ce248-e06d-4ae6-826c-e77dc89beb5b-480x320.jpg 480w\" sizes=\"(min-width: 0px) and (max-width: 480px) 480px, (min-width: 481px) and (max-width: 980px) 980px, (min-width: 981px) 1024px, 100vw\" \/><\/figure>\n\n\n\n<p class=\"wp-block-paragraph\">La viceministra alemana de Asuntos Europeos y Clima, Anna L\u00fchrmann, y la  secretaria de Estado francesa de Asuntos Europeos, Laurence Boone en una foto de archivo. Uni\u00f3n Europea.<\/p>\n\n\n\n<p class=\"wp-block-paragraph\">Bruselas &#8211; Alemania y Francia presentaron este martes al resto de pa\u00edses miembros de la Uni\u00f3n Europea varias propuestas para prepararse de cara a una ampliaci\u00f3n a m\u00e1s de 30 miembros a partir de 2030, como la posibilidad de que grupos de pa\u00edses avancen a mayor ritmo o que el desembolso de fondos comunitarios est\u00e9 m\u00e1s ligado al respeto del Estado de derecho.<\/p>\n\n\n\n<p class=\"wp-block-paragraph\">\u00abNo es cuesti\u00f3n de si la UE se tiene que ampliar, se tiene que ampliar\u00bb, subray\u00f3 en una declaraci\u00f3n a la prensa la secretaria de Estado francesa de Asuntos Europeos, <strong>Laurence Boone<\/strong>, tras presentar el informe con las propuestas a sus hom\u00f3logos comunitarios en el Consejo de Asuntos Generales de la UE. \u00abTenemos que empezar a prepararnos para la ampliaci\u00f3n ahora y acometer las necesarias reformas en la UE\u00bb, dijo por su parte la viceministra alemana de Asuntos Europeos y Clima, <strong>Anna L\u00fchrmann<\/strong>, quien constat\u00f3 que \u00abel consenso general es que necesitamos tener este debate\u00bb, si bien hubo diferencias en la acogida del informe por parte de los pa\u00edses, reconoci\u00f3 <strong>Boone.<\/strong><\/p>\n\n\n\n<p class=\"wp-block-paragraph\">El informe sit\u00faa en el centro de cualquier reforma o ampliaci\u00f3n de la UE el Estado de derecho, que propone blindar m\u00e1s reforzando la condicionalidad del desembolso de fondos comunitarios a que se respete, destaca el \u00abuso general\u00bb de la mayor\u00eda cualificada en \u00e1reas que por ahora requieren la unanimidad o la reducci\u00f3n del n\u00famero de comisarios. (19 de septiembre)<\/p>\n\n\n\n<h2 class=\"wp-block-heading\">L\u00edderes internacionales reclaman pasos decididos para reformar la arquitectura financiera<\/h2>\n\n\n\n<figure class=\"wp-block-image size-large is-resized\"><img loading=\"lazy\" decoding=\"async\" src=\"https:\/\/europeannewsroom.com\/wp-content\/uploads\/2023\/09\/172e3824bbc08fb8925f09942e7dd113726a7a59w-1024x681.jpg\" alt=\"\" class=\"wp-image-160747\" width=\"855\" height=\"568\"\/><figcaption class=\"wp-element-caption\">El presidente del Gobierno, Pedro S\u00e1nchez (d), acompa\u00f1ado por el presidente del Consejo Europeo, Charles Michel, durante su participaci\u00f3n en la mesa redonda de alto nivel de la reforma del Sistema Financiero Internacional, este martes en la sede de Naciones Unidas en Nueva York. EFE \/ MONCLOA \/ Borja Puig de la Bellacasa.<\/figcaption><\/figure>\n\n\n\n<p class=\"wp-block-paragraph\">Naciones Unidas &#8211; Jefes de Estado y de Gobierno y representantes de diversas instituciones presentes en la semana de alto nivel de Naciones Unidas defendieron la necesidad de dar pasos decididos para reformar la arquitectura financiera internacional y hacer frente a retos de un mundo cambiante.<\/p>\n\n\n\n<p class=\"wp-block-paragraph\">El presidente del Consejo Europeo,<strong> Charles Michel<\/strong>, y el jefe del Gobierno espa\u00f1ol, <strong>Pedro S\u00e1nchez<\/strong>, impulsaron junto a Francia (aunque su presidente, <strong>Emmanuel Macron<\/strong>, no viaja este a\u00f1o a Nueva York) un foro en Naciones Unidas para abordar este asunto coincidiendo con la jornada en que comenz\u00f3 el nuevo periodo de sesiones de la Asamblea de la ONU.<\/p>\n\n\n\n<figure class=\"wp-block-embed is-type-rich is-provider-twitter wp-block-embed-twitter\"><div class=\"wp-block-embed__wrapper\">\n<blockquote class=\"twitter-tweet\" data-width=\"550\" data-dnt=\"true\"><p lang=\"en\" dir=\"ltr\">International financial institutions must change with the times. Or be left behind in the dust of history. <br><br>We must ramp up our firepower &amp; ability to act for our citizens.<br><br>My <a href=\"https:\/\/twitter.com\/hashtag\/UNGA78?src=hash&amp;ref_src=twsrc%5Etfw\">#UNGA78<\/a> Financing for Development speech <a href=\"https:\/\/twitter.com\/hashtag\/Fin4Dev?src=hash&amp;ref_src=twsrc%5Etfw\">#Fin4Dev<\/a><\/p>&mdash; Charles Michel (@CharlesMichel) <a href=\"https:\/\/twitter.com\/CharlesMichel\/status\/1704514396712485281?ref_src=twsrc%5Etfw\">September 20, 2023<\/a><\/blockquote><script async src=\"https:\/\/platform.twitter.com\/widgets.js\" charset=\"utf-8\"><\/script>\n<\/div><\/figure>\n\n\n\n<p class=\"wp-block-paragraph\"><strong>Michel<\/strong> compar\u00f3 la actual arquitectura financiera con una casa antigua en la que se sabe que ha llegado la hora de reformar para que sea m\u00e1s robusta y hacer frente a las necesidades reales. \u00abEs necesario ser m\u00e1s creativos y tener m\u00e1s disponibilidad para asumir riesgos como, por ejemplo, canje de deuda por medidas de protecci\u00f3n ambiental\u00bb, a\u00f1adi\u00f3 antes de calificar de \u00aburgentes\u00bb los cambios.(19 de septiembre)<\/p>\n\n\n\n<h2 class=\"wp-block-heading\">La UE defiende sus \u201cintereses esenciales\u201d en el campo digital \u201csin desacoplarse\u201d de China<\/h2>\n\n\n\n<figure class=\"wp-block-image size-large\"><img loading=\"lazy\" decoding=\"async\" width=\"1024\" height=\"683\" src=\"https:\/\/europeannewsroom.com\/wp-content\/uploads\/2023\/09\/P061804-46749-1024x683.jpg\" alt=\"\" class=\"wp-image-160763\" srcset=\"https:\/\/europeannewsroom.com\/wp-content\/uploads\/2023\/09\/P061804-46749-980x653.jpg 980w, https:\/\/europeannewsroom.com\/wp-content\/uploads\/2023\/09\/P061804-46749-480x320.jpg 480w\" sizes=\"(min-width: 0px) and (max-width: 480px) 480px, (min-width: 481px) and (max-width: 980px) 980px, (min-width: 981px) 1024px, 100vw\" \/><figcaption class=\"wp-element-caption\">Vera Jourova, vicepresidenta de la Comisi\u00f3n Europea encargada de Valores y Transparencia, durante una entrevista grupal con medios internacionales en Beijing, incluida EFE. Uni\u00f3n Europea\/Gilles Sabrie<\/figcaption><\/figure>\n\n\n\n<p class=\"wp-block-paragraph\">Pek\u00edn &#8211; La vicepresidenta de la Comisi\u00f3n Europea (CE) para Valores y Transparencia,<strong> Vera Jourova<\/strong>, defendi\u00f3 en China \u201clos intereses esenciales de Europa\u201d en materia digital, aunque precis\u00f3 que la Uni\u00f3n Europea \u201cno busca desacoplarse\u201d del gigante asi\u00e1tico.<\/p>\n\n\n\n<p class=\"wp-block-paragraph\">La representante checa, actualmente a cargo de la cartera de la adaptaci\u00f3n a la era digital de la CE, destac\u00f3 en un encuentro con la prensa en Pek\u00edn la necesidad de \u201cmantener canales de comunicaci\u00f3n abiertos\u201d con China en materia digital, \u201ca pesar de las diferencias\u201d.<\/p>\n\n\n\n<p class=\"wp-block-paragraph\"><strong>Jourova<\/strong> explic\u00f3 que durante la segunda edici\u00f3n del di\u00e1logo de alto nivel entre la Uni\u00f3n Europea (UE) y China sobre asuntos digitales, las partes conversaron sobre la \u201crivalidad sist\u00e9mica en el \u00e1mbito digital\u201d y acordaron la firma de un \u201cplan de acci\u00f3n sobre seguridad de productos vendidos en l\u00ednea\u201d. (19 de septiembre)<\/p>\n\n\n\n<h2 class=\"wp-block-heading\">La Comisi\u00f3n Europea propone ampliar el permiso para usar glifosato otros diez a\u00f1os<\/h2>\n\n\n\n<figure class=\"wp-block-image size-large\"><img loading=\"lazy\" decoding=\"async\" width=\"1024\" height=\"666\" src=\"https:\/\/europeannewsroom.com\/wp-content\/uploads\/2023\/09\/2a00bec992a3df6902698206d8a9bf25bce8adbfw-1024x666.jpg\" alt=\"\" class=\"wp-image-160779\" srcset=\"https:\/\/europeannewsroom.com\/wp-content\/uploads\/2023\/09\/2a00bec992a3df6902698206d8a9bf25bce8adbfw-980x637.jpg 980w, https:\/\/europeannewsroom.com\/wp-content\/uploads\/2023\/09\/2a00bec992a3df6902698206d8a9bf25bce8adbfw-480x312.jpg 480w\" sizes=\"(min-width: 0px) and (max-width: 480px) 480px, (min-width: 481px) and (max-width: 980px) 980px, (min-width: 981px) 1024px, 100vw\" \/><figcaption class=\"wp-element-caption\">Una persona apunta con el \u00edndice sobre la etiqueta de componentes de un producto herbicida la cantidad de glifosato que contiene, en una imagen de archivo. EFE\/Stephanie Lecocq<\/figcaption><\/figure>\n\n\n\n<p class=\"wp-block-paragraph\">Bruselas (EuroEFE).- La Comisi\u00f3n Europea propuso este mi\u00e9rcoles prorrogar el uso del herbicida glifosato diez a\u00f1os m\u00e1s, hasta 2033, en la Uni\u00f3n Europea, aunque fuentes comunitarias se abrieron a revisar y retirar su aprobaci\u00f3n antes de que expire este plazo si aparecen nuevos estudios cient\u00edficos que as\u00ed lo aconsejen.<\/p>\n\n\n\n<p class=\"wp-block-paragraph\">Por ahora, Bruselas justifica la pr\u00f3rroga del permiso para usar glifosato en base al \u00faltimo informe de la Autoridad Europea de Seguridad Alimentaria (EFSA), que este julio pasado descart\u00f3 \u00ab\u00e1reas cr\u00edticas de preocupaci\u00f3n\u00bb en la utilizaci\u00f3n del herbicida, si bien admiti\u00f3 que\u00a0algunas cuestiones no hab\u00edan podido ser evaluadas.<\/p>\n\n\n\n<p class=\"wp-block-paragraph\">La Organizaci\u00f3n Mundial de la Salud (OMS) clasific\u00f3 al glifosato como una sustancia \u00abprobablemente cancer\u00edgena para los humanos\u00bb en un informe de 2015, y organizaciones ecologistas denuncian que, al no ser selectivo, este herbicida es capaz de matar a muchos organismos y perjudicar as\u00ed la biodiversidad. (20 de septiembre)<\/p>\n\n\n\n<h2 class=\"wp-block-heading\">Espa\u00f1a prioriza el catal\u00e1n al euskera y gallego, cuya oficialidad sigue su camino en la UE<\/h2>\n\n\n\n<figure class=\"wp-block-image size-large\"><img loading=\"lazy\" decoding=\"async\" width=\"1024\" height=\"683\" src=\"https:\/\/europeannewsroom.com\/wp-content\/uploads\/2023\/09\/d19ef7cf7222778804a011572387f10d7faf524cw-1024x683.jpg\" alt=\"\" class=\"wp-image-160812\" srcset=\"https:\/\/europeannewsroom.com\/wp-content\/uploads\/2023\/09\/d19ef7cf7222778804a011572387f10d7faf524cw-980x653.jpg 980w, https:\/\/europeannewsroom.com\/wp-content\/uploads\/2023\/09\/d19ef7cf7222778804a011572387f10d7faf524cw-480x320.jpg 480w\" sizes=\"(min-width: 0px) and (max-width: 480px) 480px, (min-width: 481px) and (max-width: 980px) 980px, (min-width: 981px) 1024px, 100vw\" \/><figcaption class=\"wp-element-caption\">El Ministro de Asuntos Exteriores espa\u00f1ol, Jos\u00e9 Manuel Albares Bueno, habla con la prensa durante la reuni\u00f3n del Consejo Europeo de Asuntos Generales en Bruselas, B\u00e9lgica, el 19 de septiembre de 2023.EFE\/Pablo Garrig\u00f3s<\/figcaption><\/figure>\n\n\n\n<p class=\"wp-block-paragraph\">Bruselas &#8211; El Gobierno espa\u00f1ol en funciones priorizar\u00e1 el despliegue del catal\u00e1n en la Uni\u00f3n Europea (UE) si se aprueba su oficialidad junto a la del euskera y el gallego, una cuesti\u00f3n que este martes se aplaz\u00f3 pero que sigue su camino en la UE, lo que le permiti\u00f3 al ministro de Exteriores, <strong>Jos\u00e9 Manuel Albares<\/strong>, decir que el Ejecutivo en funciones \u00abha cumplido su compromiso\u00bb.<\/p>\n\n\n\n<p class=\"wp-block-paragraph\">La reuni\u00f3n del Consejo de Asuntos Generales de este martes concluy\u00f3 con la constataci\u00f3n de que, aunque ning\u00fan Estado miembro vet\u00f3 frontalmente la propuesta, varios insistieron en pedir aclaraciones sobre el impacto legal, presupuestario y pr\u00e1ctico que tendr\u00eda incorporar a estos tres idiomas al corpus ling\u00fc\u00edstico europeo.<\/p>\n\n\n\n<p class=\"wp-block-paragraph\">La cuesti\u00f3n se remitir\u00e1 ahora a grupos de trabajo del Consejo de la UE donde se \u00abcanalizar\u00e1n\u00bb los comentarios que han planteado en la reuni\u00f3n de este martes los otros socios europeos, cuyos ministros al llegar a la reuni\u00f3n se divid\u00edan entre apoyar el multiling\u00fcismo en la Uni\u00f3n Europea y la cautela ante una propuesta \u00absin precedentes\u00bb. (19 de septiembre)<\/p>\n\n\n\n<p class=\"wp-block-paragraph\">Esta recopilaci\u00f3n es una selecci\u00f3n editorial basada en la cobertura europea de EFE. La responsabilidad editorial de esta publicaci\u00f3n es de EFE.<\/p>\n","protected":false},"excerpt":{"rendered":"<p>La decisi\u00f3n de la Euroc\u00e1mara de paralizar parte del pacto migratorio mientras los pa\u00edses de la UE no avancen en la gesti\u00f3n de crisis o las propuestas que Francia y Alemania han planteado para acoger a m\u00e1s pa\u00edses en la UE son algunos de los asuntos m\u00e1s destacados de la actualidad europea. <\/p>\n","protected":false},"author":49,"featured_media":160731,"comment_status":"closed","ping_status":"closed","sticky":false,"template":"","format":"standard","meta":{"_acf_changed":false,"_et_pb_use_builder":"","_et_pb_old_content":"","_et_gb_content_width":"","footnotes":""},"categories":[45],"tags":[7313,11380,1989,7315,11381,765,6845],"class_list":["post-160730","post","type-post","status-publish","format-standard","has-post-thumbnail","hentry","category-europe-in-brief","tag-alemania","tag-arquitectura-financiera","tag-china-2","tag-francia","tag-glifosato","tag-migracion","tag-parlamento-europeo-3"],"acf":[],"_links":{"self":[{"href":"https:\/\/europeannewsroom.com\/es\/wp-json\/wp\/v2\/posts\/160730","targetHints":{"allow":["GET"]}}],"collection":[{"href":"https:\/\/europeannewsroom.com\/es\/wp-json\/wp\/v2\/posts"}],"about":[{"href":"https:\/\/europeannewsroom.com\/es\/wp-json\/wp\/v2\/types\/post"}],"author":[{"embeddable":true,"href":"https:\/\/europeannewsroom.com\/es\/wp-json\/wp\/v2\/users\/49"}],"replies":[{"embeddable":true,"href":"https:\/\/europeannewsroom.com\/es\/wp-json\/wp\/v2\/comments?post=160730"}],"version-history":[{"count":0,"href":"https:\/\/europeannewsroom.com\/es\/wp-json\/wp\/v2\/posts\/160730\/revisions"}],"wp:featuredmedia":[{"embeddable":true,"href":"https:\/\/europeannewsroom.com\/es\/wp-json\/wp\/v2\/media\/160731"}],"wp:attachment":[{"href":"https:\/\/europeannewsroom.com\/es\/wp-json\/wp\/v2\/media?parent=160730"}],"wp:term":[{"taxonomy":"category","embeddable":true,"href":"https:\/\/europeannewsroom.com\/es\/wp-json\/wp\/v2\/categories?post=160730"},{"taxonomy":"post_tag","embeddable":true,"href":"https:\/\/europeannewsroom.com\/es\/wp-json\/wp\/v2\/tags?post=160730"}],"curies":[{"name":"wp","href":"https:\/\/api.w.org\/{rel}","templated":true}]}}