{"id":161644,"date":"2023-09-25T08:54:18","date_gmt":"2023-09-25T06:54:18","guid":{"rendered":"https:\/\/europeannewsroom.dpa.com\/?p=161644"},"modified":"2023-09-25T08:54:30","modified_gmt":"2023-09-25T06:54:30","slug":"china-y-la-ue-celebran-un-dialogo-economico-opacado-por-la-investigacion-a-los-vehiculos-electricos-chinos","status":"publish","type":"post","link":"https:\/\/europeannewsroom.com\/es\/china-y-la-ue-celebran-un-dialogo-economico-opacado-por-la-investigacion-a-los-vehiculos-electricos-chinos\/","title":{"rendered":"China y la UE celebran un di\u00e1logo econ\u00f3mico opacado por la investigaci\u00f3n a los veh\u00edculos el\u00e9ctricos chinos"},"content":{"rendered":"\n<p class=\"wp-block-paragraph\">Shangh\u00e1i \/ Pek\u00edn &#8211; El vicepresidente de la Comisi\u00f3n Europea y responsable de Comercio<strong>, Valdis Dombrovskis<\/strong>, mantendr\u00e1 este lunes un di\u00e1logo econ\u00f3mico de alto nivel con el vice primer ministro chino, <strong>He Lifeng<\/strong>, que podr\u00eda verse opacado por las pesquisas europeas sobre los subsidios del pa\u00eds asi\u00e1tico a los veh\u00edculos el\u00e9ctricos.<\/p>\n\n\n\n<p class=\"wp-block-paragraph\">El encuentro de este lunes, celebrado en la capital china, ser\u00e1 el d\u00e9cimo di\u00e1logo de alto nivel en materia de econom\u00eda y comercio entre la Uni\u00f3n Europea (UE) y China, y estar\u00e1 estructurado en torno a cuatro temas principales: asuntos macroecon\u00f3micos, comercio e inversi\u00f3n, cooperaci\u00f3n financiera y cadenas industriales y de suministro.<\/p>\n\n\n\n<figure class=\"wp-block-embed is-type-rich is-provider-twitter wp-block-embed-twitter\"><div class=\"wp-block-embed__wrapper\">\n<blockquote class=\"twitter-tweet\" data-width=\"550\" data-dnt=\"true\"><p lang=\"en\" dir=\"ltr\">Kicking off my four-day visit to China in Shanghai. <br><br>As key trading partners, the \ud83c\uddea\ud83c\uddfa and \ud83c\udde8\ud83c\uddf3 must continue to engage on shared opportunities but also address our differences.<br><br>More \ud83d\udc47 \ud83c\udfa5 <a href=\"https:\/\/t.co\/7oxx0gFOKt\">pic.twitter.com\/7oxx0gFOKt<\/a><\/p>&mdash; Valdis Dombrovskis (@VDombrovskis) <a href=\"https:\/\/twitter.com\/VDombrovskis\/status\/1705471706129654208?ref_src=twsrc%5Etfw\">September 23, 2023<\/a><\/blockquote><script async src=\"https:\/\/platform.twitter.com\/widgets.js\" charset=\"utf-8\"><\/script>\n<\/div><\/figure>\n\n\n\n<p class=\"wp-block-paragraph\">Seg\u00fan la Comisi\u00f3n, los veh\u00edculos chinos tienen una penetraci\u00f3n del 8 % en el mercado comunitario -que podr\u00eda duplicarse hasta el 15 % en 2025 de continuar al mismo ritmo- y debido a las subvenciones, cuestan un 20 % m\u00e1s barato que los europeos. (24 de septiembre)<\/p>\n\n\n\n<h2 class=\"wp-block-heading\">Kosovo responsabiliza a Serbia de un ataque a su polic\u00eda y reprocha a Borrell que no lo defina como terrorismo<\/h2>\n\n\n\n<figure class=\"wp-block-image size-large\"><img loading=\"lazy\" decoding=\"async\" width=\"1024\" height=\"683\" src=\"https:\/\/europeannewsroom.com\/wp-content\/uploads\/2023\/09\/2c4bddd211c2ecdf61881090ca0a159022eb8deew-1024x683.jpg\" alt=\"\" class=\"wp-image-161645\" srcset=\"https:\/\/europeannewsroom.com\/wp-content\/uploads\/2023\/09\/2c4bddd211c2ecdf61881090ca0a159022eb8deew-980x653.jpg 980w, https:\/\/europeannewsroom.com\/wp-content\/uploads\/2023\/09\/2c4bddd211c2ecdf61881090ca0a159022eb8deew-480x320.jpg 480w\" sizes=\"(min-width: 0px) and (max-width: 480px) 480px, (min-width: 481px) and (max-width: 980px) 980px, (min-width: 981px) 1024px, 100vw\" \/><figcaption class=\"wp-element-caption\">Cuatro muertos en tiroteo entre polic\u00edas y militantes en asedio a monasterio de Kosovo. EFE\/EPA\/STR<\/figcaption><\/figure>\n\n\n\n<p class=\"wp-block-paragraph\">Bruselas \/ Pristina \/ Belgrado &#8211; Kosovo responsabiliz\u00f3 a Serbia de un ataque a sus fuerzas de polic\u00eda y tach\u00f3 de \u00abvergonzoso\u00bb y \u00abc\u00ednico\u00bb que el alto representante para la Pol\u00edtica Exterior de la Uni\u00f3n Europea (UE), <strong>Josep Borrell<\/strong>, no definiera lo ocurrido como terrorismo.<\/p>\n\n\n\n<p class=\"wp-block-paragraph\">En un comunicado, Borrell conden\u00f3 el \u00abhorrible ataque\u00bb por parte de una banda armada en el norte de Kosovo, que dej\u00f3 un oficial muerto y tres heridos, y pidi\u00f3 que parasen \u00abinmediatamente\u00bb las hostilidades en esta zona, donde al menos tres miembros del grupo armado murieron en enfrentamientos con las fuerzas de seguridad kosovares. La ministra de Exteriores de Kosovo, <strong>Donika G\u00ebrvalla-Schwarz<\/strong>, calific\u00f3 de \u00abvergonzosa\u00bb esa reacci\u00f3n en un mensaje en la misma red social. \u00abSe\u00f1or<strong> Borrell<\/strong>, \u00bfde verdad? Unos terroristas matan a la polic\u00eda y usted hace un llamamiento a &#8216;todos los actores&#8217;? \u00bfNi una sola palabra de apoyo a la polic\u00eda? \u00bfNi siquiera contra los terroristas?\u00bb, escribi\u00f3 la ministra.<\/p>\n\n\n\n<p class=\"wp-block-paragraph\">El primer ministro de Kosovo,<strong> Albin Kurti<\/strong>, subray\u00f3 que los asaltantes no eran \u00abciudadanos serbios de Kosovo corrientes, sino tropas apoyadas por el Estado de Serbia\u00bb. El presidente de Serbia, <strong>Aleksandar Vucic<\/strong>, admiti\u00f3 que serbios armados causaron la muerte de un polic\u00eda kosovar en el norte de Kosovo, pero rechaz\u00f3 rotundamente que Serbia estuviera involucrada en la organizaci\u00f3n del incidente.(24 de septiembre)<\/p>\n\n\n\n<h2 class=\"wp-block-heading\">Los l\u00edderes de Armenia y Azerbaiy\u00e1n se reunir\u00e1n en Granada para impulsar un tratado de paz<\/h2>\n\n\n\n<figure class=\"wp-block-image size-large\"><img loading=\"lazy\" decoding=\"async\" width=\"1024\" height=\"675\" src=\"https:\/\/europeannewsroom.com\/wp-content\/uploads\/2023\/09\/4837cb9339e381c77e450d11e59e98a8ef8b1bd3w-1024x675.jpg\" alt=\"\" class=\"wp-image-161661\" srcset=\"https:\/\/europeannewsroom.com\/wp-content\/uploads\/2023\/09\/4837cb9339e381c77e450d11e59e98a8ef8b1bd3w-980x646.jpg 980w, https:\/\/europeannewsroom.com\/wp-content\/uploads\/2023\/09\/4837cb9339e381c77e450d11e59e98a8ef8b1bd3w-480x316.jpg 480w\" sizes=\"(min-width: 0px) and (max-width: 480px) 480px, (min-width: 481px) and (max-width: 980px) 980px, (min-width: 981px) 1024px, 100vw\" \/><figcaption class=\"wp-element-caption\">Habitantes de Nagorno Karabaj entrando en un campo de desplazados llevado por fuerzas rusas de mantenimiento de la paz cerca de Stepanakert. EFE\/EPA\/RUSSIAN DEFENCE MINISTRY PRESS SERVICE HANDOUT <\/figcaption><\/figure>\n\n\n\n<p class=\"wp-block-paragraph\">Tiflis &#8211; El primer ministro de Armenia, <strong>Nikol Pashini\u00e1n<\/strong>, y el presidente de Azerbaiy\u00e1n, <strong>Ilham Al\u00edev<\/strong>, se reunir\u00e1n el pr\u00f3ximo 5 de octubre en la ciudad espa\u00f1ola de Granada para abordar la firma de un tratado de paz entre ambos pa\u00edses, tras la capitulaci\u00f3n esta semana de las fuerzas de la autoproclamada rep\u00fablica de Nagorno (Alto) Karabaj, poblada por armenios pero reclamada por Bak\u00fa.<\/p>\n\n\n\n<p class=\"wp-block-paragraph\">En dicha reuni\u00f3n participar\u00e1 adem\u00e1s el presidente del Consejo Europeo, <strong>Charles Michel<\/strong>, adem\u00e1s del mandatario franc\u00e9s, <strong>Emmanuel Macron<\/strong>, y el canciller alem\u00e1n, <strong>Olaf Scholz<\/strong>, inform\u00f3 el Consejo de Seguridad armenio. La cita se producir\u00e1 en los m\u00e1rgenes de la tercera reuni\u00f3n de la Comunidad Pol\u00edtica Europea, el foro que se inaugur\u00f3 el a\u00f1o pasado a propuesta de <strong>Macron <\/strong>y que est\u00e1 prevista para ese mismo d\u00eda en Granada, donde se reunir\u00e1n cerca de 50 l\u00edderes del continente europeo para abordar su futuro com\u00fan.<\/p>\n\n\n\n<p class=\"wp-block-paragraph\">El secretario del Consejo de Seguridad de Armenia, <strong>Arm\u00e9n Grigori\u00e1n<\/strong>, viajar\u00e1 este martes a Bruselas para preparar el encuentro, y mantendr\u00e1 all\u00ed consultas con el principal asesor de la Presidencia azerbaiyana, <strong>Hikmet Gadzh\u00edev<\/strong>. (24 de septiembre)<\/p>\n\n\n\n<h2 class=\"wp-block-heading\">Macron anuncia la salida \u00abordenada\u00bb de los militares franceses en N\u00edger<\/h2>\n\n\n\n<figure class=\"wp-block-image size-full\"><img loading=\"lazy\" decoding=\"async\" width=\"800\" height=\"450\" src=\"https:\/\/europeannewsroom.com\/wp-content\/uploads\/2023\/09\/Macron.jpg\" alt=\"\" class=\"wp-image-161727\" srcset=\"https:\/\/europeannewsroom.com\/wp-content\/uploads\/2023\/09\/Macron.jpg 800w, https:\/\/europeannewsroom.com\/wp-content\/uploads\/2023\/09\/Macron-480x270.jpg 480w\" sizes=\"(min-width: 0px) and (max-width: 480px) 480px, (min-width: 481px) 800px, 100vw\" \/><\/figure>\n\n\n\n<p class=\"wp-block-paragraph\">El presidente franc\u00e9s, Emmanuel Macron, y su esposa Brigitte este s\u00e1bado en Marsella, en la ceremonia de partida del papa Francisco, tras la visita de dos d\u00edas del pont\u00edfice. EFE\/EPA\/Sebastien Nogier \/ POOL<\/p>\n\n\n\n<p class=\"wp-block-paragraph\">Par\u00eds &#8211; El presidente de Francia, <strong>Emmanuel Macron<\/strong>, anunci\u00f3 una \u00absalida ordenada de aqu\u00ed a finales de a\u00f1o\u00bb del contingente militar franc\u00e9s en N\u00edger, estimado en unos 1.500 soldados, debido al golpe de Estado que derroc\u00f3 en julio al presidente Mohamed Bazoum y puso al frente del pa\u00eds a una junta militar.<\/p>\n\n\n\n<p class=\"wp-block-paragraph\">En una entrevista concedida a TF1 y France 2, <strong>Macron<\/strong> se\u00f1al\u00f3 que Francia estar\u00e1 \u00absiempre disponible\u00bb para ayudar a \u00c1frica en la lucha contra el terrorismo yihadista, siempre y cuando sea a petici\u00f3n de gobiernos democr\u00e1ticamente electos o de organizaciones regionales. Francia, \u00abha decidido poner punto y final a la cooperaci\u00f3n militar con N\u00edger\u00bb, agreg\u00f3 el jefe de Estado franc\u00e9s, quien adelant\u00f3 que en \u00ablas pr\u00f3ximas horas\u00bb el embajador franc\u00e9s en N\u00edger \u00abregresar\u00e1\u00bb a Par\u00eds.<\/p>\n\n\n\n<p class=\"wp-block-paragraph\">Francia mantiene desde 2022 unos 1.500 soldados en N\u00edger, el \u00faltimo pa\u00eds del Sahel junto con Chad en el que dispon\u00eda de presencia militar, que consiste en los efectivos restantes de la operaci\u00f3n anti-yihadista francesa Barkhane. (24 de septiembre) <\/p>\n\n\n\n<h2 class=\"wp-block-heading\">N\u00fa\u00f1ez Feij\u00f3o defiende esta semana su investidura encaminada al fracaso<\/h2>\n\n\n\n<figure class=\"wp-block-image size-large\"><img loading=\"lazy\" decoding=\"async\" width=\"1024\" height=\"683\" src=\"https:\/\/europeannewsroom.com\/wp-content\/uploads\/2023\/09\/db7cbfd0fc3a2573b26a6cef1fbac1d03d261c43w-1024x683.jpg\" alt=\"\" class=\"wp-image-161755\" srcset=\"https:\/\/europeannewsroom.com\/wp-content\/uploads\/2023\/09\/db7cbfd0fc3a2573b26a6cef1fbac1d03d261c43w-980x653.jpg 980w, https:\/\/europeannewsroom.com\/wp-content\/uploads\/2023\/09\/db7cbfd0fc3a2573b26a6cef1fbac1d03d261c43w-480x320.jpg 480w\" sizes=\"(min-width: 0px) and (max-width: 480px) 480px, (min-width: 481px) and (max-width: 980px) 980px, (min-width: 981px) 1024px, 100vw\" \/><figcaption class=\"wp-element-caption\"> Los expresidentes del Gobierno Jos\u00e9 Mar\u00eda Aznar (i) y Mariajo Rajoy (d) junto al l\u00edder del Partido Popular, Alberto N\u00fa\u00f1ez-Feij\u00f3o (c), durante el acto del PP celebrado en la plaza de Felipe II en defensa de la igualdad de todos los espa\u00f1oles, este domingo en Madrid. EFE\/ Borja S\u00e1nchez Trillo<\/figcaption><\/figure>\n\n\n\n<p class=\"wp-block-paragraph\">Madrid &#8211; Tras una masiva demostraci\u00f3n de fuerza en la calle, el popular <strong>Alberto N\u00fa\u00f1ez Feij\u00f3o<\/strong> encara desde este martes el debate de investidura, un examen clave del que, sin embargo, y salvo enorme sorpresa, ya se sabe el resultado, pues llega sin el apoyo requerido para formar un Ejecutivo.<br>Se estrena como orador en el Congreso tras haber sacado este domingo a entre 40.000 y 60.000 personas a la calle en contra de la amnist\u00eda y transcurridos dos meses desde el rev\u00e9s en las urnas, que arrojaron una victoria insuficiente para alcanzar La Moncloa, por la necesidad de dos aliados, la extrema derecha de Vox y los nacionalistas vascos del PNV, que eran y son incompatibles entre s\u00ed. El \u00fanico giro de gui\u00f3n depende de la bancada del PSOE. Los populares han llamado expl\u00edcitamente a romper la disciplina de voto a los socialistas contrarios a que <strong>Pedro S\u00e1nchez <\/strong>pacte una amnist\u00eda con el independentismo catal\u00e1n.<br>Si en la segunda votaci\u00f3n, la del pr\u00f3ximo viernes, el Congreso rechaza su candidatura a la presidencia, como est\u00e1 previsto, llegar\u00e1 de nuevo la incertidumbre, tanto si Espa\u00f1a va a nuevas elecciones como si <strong>S\u00e1nchez<\/strong> logra un nuevo mandato, de duraci\u00f3n indeterminada. (25 de septiembre)<\/p>\n\n\n\n<p class=\"wp-block-paragraph\">Esta recopilaci\u00f3n es una selecci\u00f3n editorial basada en la cobertura europea de EFE. La responsabilidad editorial de esta publicaci\u00f3n es de EFE.<\/p>\n\n\n\n<p class=\"wp-block-paragraph\"><\/p>\n","protected":false},"excerpt":{"rendered":"<p>El di\u00e1logo econ\u00f3mico UE-China y el nuevo enfrentamiento en el norte de Kosovo que ha dejado cuatro muertos y reavivado la tensi\u00f3n con Serbia con algunos de los \u00faltimos asuntos m\u00e1s destacados de la actualidad en Europa, mientras que en Espa\u00f1a la atenci\u00f3n interna se centra en el intento esta semana del l\u00edder de los conservadores del PP, Alberto N\u00fa\u00f1ez Feij\u00f3o, a superar el debate sobre su investidura como jefe del Ejecutivo, algo que parece improbable. <\/p>\n","protected":false},"author":49,"featured_media":161677,"comment_status":"closed","ping_status":"closed","sticky":false,"template":"","format":"standard","meta":{"_acf_changed":false,"_et_pb_use_builder":"","_et_pb_old_content":"","_et_gb_content_width":"","footnotes":""},"categories":[45],"tags":[11418,6427,1989,2203,11431,10831,11433,777],"class_list":["post-161644","post","type-post","status-publish","format-standard","has-post-thumbnail","hentry","category-europe-in-brief","tag-armenia-3","tag-azerbaiyan-2","tag-china-2","tag-kosovo-2","tag-nagorno-karabaj","tag-niger-3","tag-nunez-feijoo","tag-ue-4"],"acf":[],"_links":{"self":[{"href":"https:\/\/europeannewsroom.com\/es\/wp-json\/wp\/v2\/posts\/161644","targetHints":{"allow":["GET"]}}],"collection":[{"href":"https:\/\/europeannewsroom.com\/es\/wp-json\/wp\/v2\/posts"}],"about":[{"href":"https:\/\/europeannewsroom.com\/es\/wp-json\/wp\/v2\/types\/post"}],"author":[{"embeddable":true,"href":"https:\/\/europeannewsroom.com\/es\/wp-json\/wp\/v2\/users\/49"}],"replies":[{"embeddable":true,"href":"https:\/\/europeannewsroom.com\/es\/wp-json\/wp\/v2\/comments?post=161644"}],"version-history":[{"count":0,"href":"https:\/\/europeannewsroom.com\/es\/wp-json\/wp\/v2\/posts\/161644\/revisions"}],"wp:featuredmedia":[{"embeddable":true,"href":"https:\/\/europeannewsroom.com\/es\/wp-json\/wp\/v2\/media\/161677"}],"wp:attachment":[{"href":"https:\/\/europeannewsroom.com\/es\/wp-json\/wp\/v2\/media?parent=161644"}],"wp:term":[{"taxonomy":"category","embeddable":true,"href":"https:\/\/europeannewsroom.com\/es\/wp-json\/wp\/v2\/categories?post=161644"},{"taxonomy":"post_tag","embeddable":true,"href":"https:\/\/europeannewsroom.com\/es\/wp-json\/wp\/v2\/tags?post=161644"}],"curies":[{"name":"wp","href":"https:\/\/api.w.org\/{rel}","templated":true}]}}