{"id":164808,"date":"2023-10-04T20:36:04","date_gmt":"2023-10-04T18:36:04","guid":{"rendered":"https:\/\/europeannewsroom.dpa.com\/?p=164808"},"modified":"2023-10-04T20:36:16","modified_gmt":"2023-10-04T18:36:16","slug":"la-ue-reflexiona-en-granada-sobre-su-futuro-en-una-cita-con-la-migracion-de-fondo","status":"publish","type":"post","link":"https:\/\/europeannewsroom.com\/es\/la-ue-reflexiona-en-granada-sobre-su-futuro-en-una-cita-con-la-migracion-de-fondo\/","title":{"rendered":"La UE reflexiona en Granada sobre su futuro en una cita con la migraci\u00f3n de fondo"},"content":{"rendered":"\n<p class=\"wp-block-paragraph\">Bruselas &#8211; Los jefes de Estado y de Gobierno de la UE se re\u00fanen en Granada este jueves con otros pa\u00edses europeos y el viernes en formato a Veintisiete para reflexionar sobre el futuro del bloque, con una potencial ampliaci\u00f3n y sus consecuencias sobre la mesa, en una cita en la que tambi\u00e9n abordar\u00e1n el debate migratorio a petici\u00f3n de la primera ministra italiana, <strong>Giorgia Meloni<\/strong>.<\/p>\n\n\n\n<p class=\"wp-block-paragraph\">El club dedicar\u00e1 su cita en la ciudad andaluza para debatir c\u00f3mo afrontar los desaf\u00edos geoestrat\u00e9gicos, tanto actuales como en las pr\u00f3ximas d\u00e9cadas, y lo har\u00e1n en la primera jornada acompa\u00f1ados de otros socios del continente con los que forman la Comunidad Pol\u00edtica Europea, como Ucrania, Reino Unido, Turqu\u00eda o los Balcanes Occidentales.<\/p>\n\n\n\n<p class=\"wp-block-paragraph\">Este foro, que pretende simbolizar el aislamiento de la Rusia de <strong>Vlad\u00edmir Putin<\/strong> especialmente tras su agresi\u00f3n sobre Kiev, celebrar\u00e1 en Granada su tercer encuentro y reunir\u00e1 a 51 delegaciones tras la cita inaugural en Praga (Rep\u00fablica Checa) y la segunda en Chisinau (Moldavia).  (4 de octubre)<\/p>\n\n\n\n<h2 class=\"wp-block-heading\"><strong>Aliyev echa jarro de agua fr\u00eda a esperanzas de paz con Armenia al cancelar viaje a Granada<\/strong><\/h2>\n\n\n\n<figure class=\"wp-block-image size-full\"><img loading=\"lazy\" decoding=\"async\" width=\"800\" height=\"450\" src=\"https:\/\/europeannewsroom.com\/wp-content\/uploads\/2023\/10\/Armenia.jpg\" alt=\"\" class=\"wp-image-164826\" srcset=\"https:\/\/europeannewsroom.com\/wp-content\/uploads\/2023\/10\/Armenia.jpg 800w, https:\/\/europeannewsroom.com\/wp-content\/uploads\/2023\/10\/Armenia-480x270.jpg 480w\" sizes=\"(min-width: 0px) and (max-width: 480px) 480px, (min-width: 481px) 800px, 100vw\" \/><\/figure>\n\n\n\n<p class=\"wp-block-paragraph\">Imagen de archivo de 2010 en la que el presidente turco, Recep Tayyip Erdogan (2-d), estrecha la mano de su hom\u00f3logo de Azerbay\u00e1n, Ilham Al\u00edev (2-i), en Estambul. EPA\/AHMET DUMANLI\/ANATOLIAN AGENCY<\/p>\n\n\n\n<p class=\"wp-block-paragraph\">Bak\u00fa\/Erev\u00e1n &#8211; El presidente de Azerbaiy\u00e1n,<strong> Ilham Aliyev<\/strong>, ech\u00f3 un jarro de agua fr\u00eda a las esperanzas de paz con Armenia al cancelar su viaje a Granada, donde deb\u00eda haberse reunido con el primer ministro armenio,<strong> Nikol Pashini\u00e1n<\/strong>, que s\u00ed viajar\u00e1 a Espa\u00f1a.<\/p>\n\n\n\n<p class=\"wp-block-paragraph\"><strong>Aliyev<\/strong>, que hab\u00eda calificado de \u00aboportunidad hist\u00f3rica\u00bb la posible firma de un tratado de paz, no viajar\u00e1 finalmente a la ciudad espa\u00f1ola, seg\u00fan informaron a EFE en la Administraci\u00f3n presidencial de Azerbaiy\u00e1n. La reuni\u00f3n de Granada deb\u00eda ser el primer paso para poner fin a m\u00e1s de 30 a\u00f1os de conflicto entre armenios y azerbaiyanos con la mediaci\u00f3n de la Uni\u00f3n Europea (UE) y los l\u00edderes de Francia y Alemania.<\/p>\n\n\n\n<p class=\"wp-block-paragraph\">Las autoridades azerbaiyanas no dieron explicaciones sobre la cancelaci\u00f3n, pero las tensiones entre ambos bandos hab\u00edan aumentado en los \u00faltimos d\u00edas, lo que incluye la muerte de un soldado armenio en un incidente fronterizo. La agencia APA apunt\u00f3 que la decisi\u00f3n de <strong>Aliyev<\/strong> obedece a discrepancias con Par\u00eds y Berl\u00edn, que supuestamente se opusieron a la participaci\u00f3n en la reuni\u00f3n del presidente turco, <strong>Recep Tayyip Erdogan<\/strong>, uno de los mayores abanderados de la normalizaci\u00f3n en el C\u00e1ucaso Sur y principal aliado de Azerbaiy\u00e1n. <strong>Ergogan <\/strong>tambi\u00e9n cancel\u00f3 su viaje a \u00faltima hora por \u00abmotivos de agenda\u00bb. (4 de octubre)<\/p>\n\n\n\n<h2 class=\"wp-block-heading\">La UE acuerda normas para situaciones crisis y entra en recta final de la reforma migratoria<\/h2>\n\n\n\n<figure class=\"wp-block-image size-full\"><img loading=\"lazy\" decoding=\"async\" width=\"800\" height=\"450\" src=\"https:\/\/europeannewsroom.com\/wp-content\/uploads\/2023\/10\/Lampedusa.jpg\" alt=\"\" class=\"wp-image-164842\" srcset=\"https:\/\/europeannewsroom.com\/wp-content\/uploads\/2023\/10\/Lampedusa.jpg 800w, https:\/\/europeannewsroom.com\/wp-content\/uploads\/2023\/10\/Lampedusa-480x270.jpg 480w\" sizes=\"(min-width: 0px) and (max-width: 480px) 480px, (min-width: 481px) 800px, 100vw\" \/><\/figure>\n\n\n\n<p class=\"wp-block-paragraph\">Inmigrantes en el puerto italiano de Lampedusa en abril de 2023. EFE\/ Gonzalo S\u00e1nchez<\/p>\n\n\n\n<p class=\"wp-block-paragraph\">Bruselas &#8211; Los pa\u00edses de la Uni\u00f3n Europea (UE) lograron este mi\u00e9rcoles acordar su posici\u00f3n sobre el Reglamento de Crisis, la \u00faltima pieza del Pacto europeo de Migraci\u00f3n y Asilo que los Estados miembros estaban pendientes de cerrar y entraron as\u00ed en la recta final de las negociaciones sobre la reforma migratoria.<\/p>\n\n\n\n<p class=\"wp-block-paragraph\">Espa\u00f1a, que preside este semestre el Consejo de la UE, incluy\u00f3 ese tema en una reuni\u00f3n de los embajadores permanentes de la UE (Coreper) donde se logr\u00f3 un acuerdo. Ahora que tanto el Consejo (pa\u00edses) como el Parlamento Europeo tienen fijadas sus posiciones sobre todas las normas que componen el paquete migratorio, ambas instituciones pueden negociar entre ellas para terminar de cerrar la reforma.<\/p>\n\n\n\n<figure class=\"wp-block-embed is-type-rich is-provider-twitter wp-block-embed-twitter\"><div class=\"wp-block-embed__wrapper\">\n<blockquote class=\"twitter-tweet\" data-width=\"550\" data-dnt=\"true\"><p lang=\"en\" dir=\"ltr\">I welcome the successful political agreement reached by the Member States on the Crisis Proposal.<br><br>This a real game changer that allows us to advance negotiations with <a href=\"https:\/\/twitter.com\/Europarl_EN?ref_src=twsrc%5Etfw\">@Europarl_EN<\/a> and <a href=\"https:\/\/twitter.com\/EUCouncil?ref_src=twsrc%5Etfw\">@EUCouncil<\/a>.<br><br>United we can deliver on the Pact before the end of this mandate.<br>\u00a0<a href=\"https:\/\/twitter.com\/hashtag\/MigrationEU?src=hash&amp;ref_src=twsrc%5Etfw\">#MigrationEU<\/a><\/p>&mdash; Ursula von der Leyen (@vonderleyen) <a href=\"https:\/\/twitter.com\/vonderleyen\/status\/1709529751247826953?ref_src=twsrc%5Etfw\">October 4, 2023<\/a><\/blockquote><script async src=\"https:\/\/platform.twitter.com\/widgets.js\" charset=\"utf-8\"><\/script>\n<\/div><\/figure>\n\n\n\n<p class=\"wp-block-paragraph\">Los m\u00e1ximos responsables de las instituciones europeas valoraron el acuerdo, que hace posible -al menos en cuanto a plazos se refiere- lograr el objetivo de aprobar el Pacto de Migraci\u00f3n y Asilo antes de las elecciones europeas, en junio de 2024. (4 de octubre)<\/p>\n\n\n\n<h2 class=\"wp-block-heading\">Todos los caminos conducen a que el pleno de investidura de S\u00e1nchez ser\u00e1 en noviembre<\/h2>\n\n\n\n<figure class=\"wp-block-image size-large\"><img loading=\"lazy\" decoding=\"async\" width=\"1024\" height=\"683\" src=\"https:\/\/europeannewsroom.com\/wp-content\/uploads\/2023\/10\/2909b82bd9b97bb6af6f6a6fc7aec834e3033151w-1024x683.jpg\" alt=\"\" class=\"wp-image-164810\" srcset=\"https:\/\/europeannewsroom.com\/wp-content\/uploads\/2023\/10\/2909b82bd9b97bb6af6f6a6fc7aec834e3033151w-980x653.jpg 980w, https:\/\/europeannewsroom.com\/wp-content\/uploads\/2023\/10\/2909b82bd9b97bb6af6f6a6fc7aec834e3033151w-480x320.jpg 480w\" sizes=\"(min-width: 0px) and (max-width: 480px) 480px, (min-width: 481px) and (max-width: 980px) 980px, (min-width: 981px) 1024px, 100vw\" \/><figcaption class=\"wp-element-caption\"> El presidente del Gobierno en funciones, Pedro S\u00e1nchez (i) durante su encuentro con la l\u00edder de Sumar, Yolanda D\u00edaz (d) este mi\u00e9rcoles en el Congreso durante su ronda de contactos para buscar apoyos a su investidura. EFE\/ Fernando Alvarado<\/figcaption><\/figure>\n\n\n\n<p class=\"wp-block-paragraph\">Madrid &#8211; Todos los pasos que est\u00e1 dando<strong> Pedro S\u00e1nchez<\/strong>, incluido el no fijar una fecha para el pleno de su investidura y el compromiso con su vicepresidenta <strong>Yolanda D\u00edaz <\/strong>de acordar un programa de gobierno de coalici\u00f3n a m\u00e1s tardar a finales de octubre, indican que el l\u00edder socialista no lo intentar\u00e1 hasta noviembre.<\/p>\n\n\n\n<p class=\"wp-block-paragraph\">Adem\u00e1s, <strong>S\u00e1nchez <\/strong>tiene que esperar al resultado de la consulta que llevar\u00e1 a cabo el Consejo por la Rep\u00fablica, organizaci\u00f3n que lidera el expresident catal\u00e1n <strong>Carles Puigdemont<\/strong>, sobre si \u00e9ste y los partidos independentistas deben \u00abbloquear\u00bb la investidura del secretario general del PSOE. La consulta, que se celebrar\u00e1 entre los d\u00edas 17 y 23 de octubre, no es vinculante.<\/p>\n\n\n\n<p class=\"wp-block-paragraph\"><strong>S\u00e1nchez<\/strong> ha arrancado este mi\u00e9rcoles las conversaciones con las fuerzas pol\u00edticas, salvo el ultraderechista Vox, con el fin de recabar los apoyos que necesita para repetir como jefe del Ejecutivo y lo ha hecho empezando por la l\u00edder de Sumar y vicepresidenta segunda en funciones, <strong>Yolanda D\u00edaz<\/strong>, con quien formar\u00e1 gobierno si logra el respaldo de los independentistas. (4 de octubre)<\/p>\n\n\n\n<h2 class=\"wp-block-heading\">La UE abre una investigaci\u00f3n antisubsidios a las importaciones de coches el\u00e9ctricos chinos<\/h2>\n\n\n\n<figure class=\"wp-block-image size-full\"><img loading=\"lazy\" decoding=\"async\" width=\"800\" height=\"450\" src=\"https:\/\/europeannewsroom.com\/wp-content\/uploads\/2023\/10\/coche.jpg\" alt=\"\" class=\"wp-image-164858\" srcset=\"https:\/\/europeannewsroom.com\/wp-content\/uploads\/2023\/10\/coche.jpg 800w, https:\/\/europeannewsroom.com\/wp-content\/uploads\/2023\/10\/coche-480x270.jpg 480w\" sizes=\"(min-width: 0px) and (max-width: 480px) 480px, (min-width: 481px) 800px, 100vw\" \/><\/figure>\n\n\n\n<p class=\"wp-block-paragraph\">Detalle de un coche el\u00e9ctrico fabricado en China en una imagen de archivo. EFE\/EPA\/RUNGROJ YONGRIT<\/p>\n\n\n\n<p class=\"wp-block-paragraph\">Bruselas &#8211; La Comisi\u00f3n Europea (CE) inici\u00f3 este mi\u00e9rcoles formalmente una investigaci\u00f3n antisubsidios sobre las importaciones de veh\u00edculos el\u00e9ctricos procedentes de China, como hab\u00eda anunciado previamente la presidenta del Ejecutivo comunitario, <strong>Ursula von der Leyen.<\/strong><\/p>\n\n\n\n<p class=\"wp-block-paragraph\">La investigaci\u00f3n pretende determinar si las cadenas de valor de estos veh\u00edculos en China se benefician de subsidios ilegales y si \u00e9stos causan o amenazan con causar un perjuicio econ\u00f3mico a los productores de coches el\u00e9ctricos de la UE, indic\u00f3 la CE en un comunicado.<\/p>\n\n\n\n<p class=\"wp-block-paragraph\"><strong>Von der Leyen<\/strong>, durante su discurso sobre el Estado de la Uni\u00f3n el pasado 13 de septiembre, ya avanz\u00f3 que la Comisi\u00f3n abrir\u00eda esta investigaci\u00f3n siguiendo procedimientos jur\u00eddicos estrictos de acuerdo a las normas de la UE y la Organizaci\u00f3n Mundial del Comercio (OMC), que permitir\u00e1n a todas las partes interesadas, incluidos el Gobierno y las empresas exportadoras chinas, presentar sus observaciones, pruebas y argumentos. (4 de octubre)<\/p>\n\n\n\n<p class=\"wp-block-paragraph\">Esta recopilaci\u00f3n es una selecci\u00f3n editorial basada en la cobertura europea de EFE. La responsabilidad editorial de esta publicaci\u00f3n es de EFE.<\/p>\n\n\n\n<p class=\"wp-block-paragraph\"><\/p>\n\n\n\n<p class=\"wp-block-paragraph\"><\/p>\n","protected":false},"excerpt":{"rendered":"<p>Las cumbres de Granada centran la atenci\u00f3n informativa europea, que tambi\u00e9n est\u00e1 marcada por el acuerdo logrado entre los Veintisiete sobre el Reglamento de Crisis,  la \u00faltima pieza del Pacto europeo de Migraci\u00f3n y Asilo que los Estados miembros estaban pendientes de cerrar y entran as\u00ed en la recta final de las negociaciones sobre la reforma migratoria.<\/p>\n","protected":false},"author":49,"featured_media":164874,"comment_status":"closed","ping_status":"closed","sticky":false,"template":"","format":"standard","meta":{"_acf_changed":false,"_et_pb_use_builder":"","_et_pb_old_content":"","_et_gb_content_width":"","footnotes":""},"categories":[45],"tags":[1989,3977,11554,11053,4415,4385],"class_list":["post-164808","post","type-post","status-publish","format-standard","has-post-thumbnail","hentry","category-europe-in-brief","tag-china-2","tag-comunidad-politica-europea","tag-granada","tag-investidura","tag-pacto-migratorio","tag-sanchez-5"],"acf":[],"_links":{"self":[{"href":"https:\/\/europeannewsroom.com\/es\/wp-json\/wp\/v2\/posts\/164808","targetHints":{"allow":["GET"]}}],"collection":[{"href":"https:\/\/europeannewsroom.com\/es\/wp-json\/wp\/v2\/posts"}],"about":[{"href":"https:\/\/europeannewsroom.com\/es\/wp-json\/wp\/v2\/types\/post"}],"author":[{"embeddable":true,"href":"https:\/\/europeannewsroom.com\/es\/wp-json\/wp\/v2\/users\/49"}],"replies":[{"embeddable":true,"href":"https:\/\/europeannewsroom.com\/es\/wp-json\/wp\/v2\/comments?post=164808"}],"version-history":[{"count":0,"href":"https:\/\/europeannewsroom.com\/es\/wp-json\/wp\/v2\/posts\/164808\/revisions"}],"wp:featuredmedia":[{"embeddable":true,"href":"https:\/\/europeannewsroom.com\/es\/wp-json\/wp\/v2\/media\/164874"}],"wp:attachment":[{"href":"https:\/\/europeannewsroom.com\/es\/wp-json\/wp\/v2\/media?parent=164808"}],"wp:term":[{"taxonomy":"category","embeddable":true,"href":"https:\/\/europeannewsroom.com\/es\/wp-json\/wp\/v2\/categories?post=164808"},{"taxonomy":"post_tag","embeddable":true,"href":"https:\/\/europeannewsroom.com\/es\/wp-json\/wp\/v2\/tags?post=164808"}],"curies":[{"name":"wp","href":"https:\/\/api.w.org\/{rel}","templated":true}]}}