{"id":168650,"date":"2023-10-16T15:57:55","date_gmt":"2023-10-16T13:57:55","guid":{"rendered":"https:\/\/europeannewsroom.dpa.com\/?p=168650"},"modified":"2023-10-16T16:03:08","modified_gmt":"2023-10-16T14:03:08","slug":"la-unrwa-pide-a-la-ue-redoblar-su-ayuda-a-palestina-ante-una-crisis-sin-precedentes","status":"publish","type":"post","link":"https:\/\/europeannewsroom.com\/es\/la-unrwa-pide-a-la-ue-redoblar-su-ayuda-a-palestina-ante-una-crisis-sin-precedentes\/","title":{"rendered":"La UNRWA pide a la UE redoblar su ayuda a Palestina ante una crisis sin precedentes"},"content":{"rendered":"\n<p class=\"wp-block-paragraph\">Bruselas &#8211; La Agencia de Naciones Unidas para la poblaci\u00f3n refugiada de Palestina en Oriente Pr\u00f3ximo (UNRWA) pidi\u00f3 este lunes a la Uni\u00f3n Europea (UE) y a los Estados miembros que \u00abredoblen\u00bb sus esfuerzos para atender las necesidades humanitarias de la poblaci\u00f3n palestina en la franja de Gaza en esta situaci\u00f3n \u00absin precedentes\u00bb y ante la que est\u00e1n \u00abtotalmente desbordados\u00bb.<\/p>\n\n\n\n<p class=\"wp-block-paragraph\">\u00abEs el momento de redoblar los esfuerzos tanto de la Uni\u00f3n Europea como de los pa\u00edses miembros pensando no solamente en lo que est\u00e1 pasando ahora sino en el d\u00eda despu\u00e9s\u00bb, dijo a EFE la directora de la UNRWA en Europa, <strong>Marta Lorenzo<\/strong>.<\/p>\n\n\n\n<p class=\"wp-block-paragraph\">Preguntada por la actuaci\u00f3n un tanto err\u00e1tica de la Comisi\u00f3n Europea la semana pasada sobre la ayuda de la UE a Palestina, que est\u00e1 auditando para asegurase de que indirectamente no vaya a Ham\u00e1s, <strong>Lorenzo<\/strong> recalc\u00f3 que atender \u00ablas necesidades m\u00e1s urgentes humanitarias y el cumplimiento de la ley humanitaria internacional no es una cosa opcional\u00bb. La presidenta de la Comisi\u00f3n Europea, <strong>Ursula von der Leyen<\/strong>, que el s\u00e1bado anunci\u00f3 un incremento de la ayuda humanitaria a Palestina hasta los 75 millones de euros, ha sido criticada en los \u00faltimos d\u00edas por haber defendido el derecho a Israel a defenderse sin pedir, al menos p\u00fablicamente, ante las autoridades israel\u00edes respeto al derecho internacional en su respuesta durante su visita del viernes pasado. (16 de octubre)<\/p>\n\n\n\n<h2 class=\"wp-block-heading\">Los Veintisiete piden a Israel defenderse de Ham\u00e1s de acuerdo al derecho internacional<\/h2>\n\n\n\n<figure class=\"wp-block-image size-full\"><img loading=\"lazy\" decoding=\"async\" width=\"800\" height=\"450\" src=\"https:\/\/europeannewsroom.com\/wp-content\/uploads\/2023\/10\/tanques.jpg\" alt=\"\" class=\"wp-image-169096\" srcset=\"https:\/\/europeannewsroom.com\/wp-content\/uploads\/2023\/10\/tanques.jpg 800w, https:\/\/europeannewsroom.com\/wp-content\/uploads\/2023\/10\/tanques-480x270.jpg 480w\" sizes=\"(min-width: 0px) and (max-width: 480px) 480px, (min-width: 481px) 800px, 100vw\" \/><\/figure>\n\n\n\n<p class=\"wp-block-paragraph\">Veh\u00edculos blindados de transporte de tropas israel\u00edes maniobran en una zona de la frontera con Gaza, este domingo al sur de Israel. EFE\/ Abir Sultan<\/p>\n\n\n\n<p class=\"wp-block-paragraph\">Bruselas &#8211; Los miembros del Consejo Europeo reconocieron este domingo el derecho de Israel a defenderse de ataques como el perpetrado por el movimiento islamista Ham\u00e1s la semana pasada, y subrayaron que la respuesta debe estar en l\u00ednea con \u00abel derecho humanitario e internacional\u00bb y que se debe \u00abgarantizar la protecci\u00f3n de todos los civiles\u00bb.<\/p>\n\n\n\n<p class=\"wp-block-paragraph\">Los l\u00edderes de los Veintisiete fijaron as\u00ed \u00abla posici\u00f3n com\u00fan de la UE\u00bb ante el conflicto entre Israel y Ham\u00e1s en un comunicado, previo a la cumbre extraordinaria que celebrar\u00e1n el martes por videoconferencia para abordar la crisis armada en Oriente Medio.<\/p>\n\n\n\n<figure class=\"wp-block-embed is-type-rich is-provider-twitter wp-block-embed-twitter\"><div class=\"wp-block-embed__wrapper\">\n<blockquote class=\"twitter-tweet\" data-width=\"550\" data-dnt=\"true\"><p lang=\"en\" dir=\"ltr\">Israel has the right to defend itself in full compliance with international humanitarian law. <br><br>We reiterate the importance of the provision of urgent humanitarian aid.<br><br>This conflict has many consequences, including for the EU. <br><br>The Union has always been and must always be a\u2026 <a href=\"https:\/\/t.co\/1ffMMJmW3Z\">pic.twitter.com\/1ffMMJmW3Z<\/a><\/p>&mdash; Charles Michel (@CharlesMichel) <a href=\"https:\/\/twitter.com\/CharlesMichel\/status\/1713585726560809112?ref_src=twsrc%5Etfw\">October 15, 2023<\/a><\/blockquote><script async src=\"https:\/\/platform.twitter.com\/widgets.js\" charset=\"utf-8\"><\/script>\n<\/div><\/figure>\n\n\n\n<p class=\"wp-block-paragraph\">El presidente del Consejo Europeo,<strong> Charles Michel<\/strong>, convoc\u00f3 el s\u00e1bado una cumbre extraordinaria para el martes visto que \u00abla tragedia que se est\u00e1 desencadenando tiene muchas consecuencias para Europa\u00bb. El pol\u00edtico belga advirti\u00f3 en la misiva que el conflicto \u00abpodr\u00eda tener importantes consecuencias para la seguridad de nuestras sociedades\u00bb y que, si no se gestiona \u00abcon cuidado\u00bb, puede \u00abalimentar el extremismo\u00bb o impulsar \u00aboleadas migratorias hacia Europa\u00bb. (15 de octubre)<\/p>\n\n\n\n<h2 class=\"wp-block-heading\">Polonia se abre a la posibilidad de un cambio de gobierno, seg\u00fan casi el 50% del escrutinio completado<\/h2>\n\n\n\n<figure class=\"wp-block-image size-large\"><img loading=\"lazy\" decoding=\"async\" width=\"1024\" height=\"683\" src=\"https:\/\/europeannewsroom.com\/wp-content\/uploads\/2023\/10\/3bbe794c325dbb754d50d7e8a80a33153727472bw-1-1024x683.jpg\" alt=\"\" class=\"wp-image-169128\" srcset=\"https:\/\/europeannewsroom.com\/wp-content\/uploads\/2023\/10\/3bbe794c325dbb754d50d7e8a80a33153727472bw-1-980x653.jpg 980w, https:\/\/europeannewsroom.com\/wp-content\/uploads\/2023\/10\/3bbe794c325dbb754d50d7e8a80a33153727472bw-1-480x320.jpg 480w\" sizes=\"(min-width: 0px) and (max-width: 480px) 480px, (min-width: 481px) and (max-width: 980px) 980px, (min-width: 981px) 1024px, 100vw\" \/><figcaption class=\"wp-element-caption\">El l\u00edder del principal partido de oposici\u00f3n, Plataforma C\u00edvica (PO), Donald Tusk, habla durante la reuni\u00f3n del partido Plataforma C\u00edvica con residentes locales en Katowice, Polonia, el 12 de octubre de 2023. EFE\/EPA\/ZBIGNIEW MEISSNER<\/figcaption><\/figure>\n\n\n\n<p class=\"wp-block-paragraph\">Una coalici\u00f3n de todas las fuerzas de la oposici\u00f3n que lograr\u00e1n presencia parlamentaria podr\u00eda echar del poder al PiS, a pesar de su vitoria en n\u00famero de votos, algo a lo que el l\u00edder de PO, <strong>Donald Tusk<\/strong>, se refiri\u00f3 como una posibilidad real al conocerse las primeras encuestas a pie de urna. Una vez se sepan los resultados de definitivos, el presidente <strong>Andrzej Duda<\/strong> encargar\u00e1 la formaci\u00f3n de Gobierno a una fuerza pol\u00edtica que, tradicionalmente, es la m\u00e1s votada, y a partir de ah\u00ed comenzar\u00e1 un proceso de tentativas de investidura que se podr\u00eda prolongar durante dos meses o incluso desembocar en la convocatoria de nuevos comicios. (16 de octubre) <\/p>\n\n\n\n<h2 class=\"wp-block-heading\">Michel reitera 2030 como fecha para la ampliaci\u00f3n de la UE<\/h2>\n\n\n\n<figure class=\"wp-block-image size-large\"><img loading=\"lazy\" decoding=\"async\" width=\"1024\" height=\"681\" src=\"https:\/\/europeannewsroom.com\/wp-content\/uploads\/2023\/10\/c4381e6c369dde78dbbd0936e93fef4e05dd2756w-1024x681.jpg\" alt=\"\" class=\"wp-image-169144\" srcset=\"https:\/\/europeannewsroom.com\/wp-content\/uploads\/2023\/10\/c4381e6c369dde78dbbd0936e93fef4e05dd2756w-980x652.jpg 980w, https:\/\/europeannewsroom.com\/wp-content\/uploads\/2023\/10\/c4381e6c369dde78dbbd0936e93fef4e05dd2756w-480x319.jpg 480w\" sizes=\"(min-width: 0px) and (max-width: 480px) 480px, (min-width: 481px) and (max-width: 980px) 980px, (min-width: 981px) 1024px, 100vw\" \/><figcaption class=\"wp-element-caption\">El presidente del Gobierno en funciones, Pedro S\u00e1nchez (i), y el presidente del Consejo Europeo (d), Carles Michel, este lunes durante la Cumbre de l\u00edderes del Proceso de Berl\u00edn, que se celebra en Tirana . EFE\/ Fernando Calvo\/Pool Moncloa<\/figcaption><\/figure>\n\n\n\n<p class=\"wp-block-paragraph\">Zagreb\/Tirana &#8211; El presidente del Consejo Europeo, <strong>Charles Michel<\/strong>, subray\u00f3 hoy en Tirana que la Uni\u00f3n Europea (UE) debe prepararse para recibir nuevos miembros en 2030, mientras que algunos jefes de Gobierno, como los de Alemania y Espa\u00f1a, destacaron que la invasi\u00f3n rusa de Ucrania fue un punto de inflexi\u00f3n a favor de la ampliaci\u00f3n.<\/p>\n\n\n\n<p class=\"wp-block-paragraph\">\u00abTenemos que prepararnos para recibir nuevos miembros para 2030. S\u00e9 que existe cierto escepticismo respecto a que se fije una fecha, pero necesitamos tener una fecha, que nos impulse a trabajar m\u00e1s arduamente\u00bb, explic\u00f3<strong> Michel <\/strong>en Tirana, donde participa en una reuni\u00f3n de los pa\u00edses de los Balcanes Occidentales y la UE en la que acentu\u00f3 que con ellos el club comunitario ser\u00e1 m\u00e1s fuerte.<\/p>\n\n\n\n<p class=\"wp-block-paragraph\">A la d\u00e9cima reuni\u00f3n anual del \u00abProceso de Berl\u00edn\u00bb sobre cooperaci\u00f3n regional y con la UE que se celebra hoy en la capital albanesa asisten los l\u00edderes de Albania, Bosnia-Herzegovina, Kosovo, Montenegro, Macedonia del Norte y Serbia, as\u00ed como los de destacados pa\u00edses de la Uni\u00f3n. (16 de octubre)<\/p>\n\n\n\n<h2 class=\"wp-block-heading\">Von der Leyen propone abrir el mercado de la UE a los Balcanes Occidentales a cambio de reformas<\/h2>\n\n\n\n<figure class=\"wp-block-image size-large\"><img loading=\"lazy\" decoding=\"async\" width=\"1024\" height=\"717\" src=\"https:\/\/europeannewsroom.com\/wp-content\/uploads\/2023\/10\/8ba04b6b692165b8b38d88e88d18fdf3d7a0dcd9w-1024x717.jpg\" alt=\"\" class=\"wp-image-169160\" srcset=\"https:\/\/europeannewsroom.com\/wp-content\/uploads\/2023\/10\/8ba04b6b692165b8b38d88e88d18fdf3d7a0dcd9w-980x687.jpg 980w, https:\/\/europeannewsroom.com\/wp-content\/uploads\/2023\/10\/8ba04b6b692165b8b38d88e88d18fdf3d7a0dcd9w-480x336.jpg 480w\" sizes=\"(min-width: 0px) and (max-width: 480px) 480px, (min-width: 481px) and (max-width: 980px) 980px, (min-width: 981px) 1024px, 100vw\" \/><figcaption class=\"wp-element-caption\">Edi Rama (izq) y Von der Leyen (d) en Tirana, el 16 de octubre de 2023. [EFE\/EPA\/MALTON DIBRA]<\/figcaption><\/figure>\n\n\n\n<p class=\"wp-block-paragraph\">Zagreb &#8211; La presidenta de la Comisi\u00f3n Europea,<strong> Ursula von der Leyen<\/strong>, ofreci\u00f3 este lunes la perspectiva de que los seis pa\u00edses de los Balcanes Occidentales que aspiran a entrar en la Uni\u00f3n Europea (UE) accedan al mercado \u00fanico si emprenden reformas.<\/p>\n\n\n\n<p class=\"wp-block-paragraph\">\u00abQueremos dar a las empresas de los Balcanes Occidentales acceso al mercado \u00fanico europeo, pero para ello necesitamos reformas\u00bb, declar\u00f3 <strong>Von der Leyen <\/strong>en Tirana en una reuni\u00f3n del denominado \u00abProceso de Berl\u00edn\u00bb que re\u00fane a l\u00edderes europeos y de la regi\u00f3n. \u00abAquellos que est\u00e1n dispuestos a las reformas recibir\u00e1n fondos e inversiones por parte de la UE\u00bb, indic\u00f3. Y agreg\u00f3: \u00abEs un incentivo para aquellos que realmente quieren avanzar y que quieren mejorar la econom\u00eda\u00bb.<\/p>\n\n\n\n<p class=\"wp-block-paragraph\">El plan de crecimiento de la Comisi\u00f3n para los Balcanes Occidentales busca, seg\u00fan <strong>Von der Leyen<\/strong>, fomentar la econom\u00eda regional y la convergencia con la UE, y tiene el potencial de doblar el tama\u00f1o de las econom\u00eda de la zona en una d\u00e9cada. (16 de octubre)<\/p>\n\n\n\n<p class=\"wp-block-paragraph\">Esta recopilaci\u00f3n es una selecci\u00f3n editorial basada en la cobertura europea de EFE. La responsabilidad editorial de esta publicaci\u00f3n es de EFE.<\/p>\n","protected":false},"excerpt":{"rendered":"<p>La comunidad internacional aumenta la presi\u00f3n diplom\u00e1tica para que se permita la entrada de ayuda humanitaria a Gaza, mientras que la principal agencia de la ONU de ayuda a Palestina pide a la UE que redoble sus esfuerzos frente a esta crisis \u00absin precedentes\u00bb. <\/p>\n","protected":false},"author":49,"featured_media":169062,"comment_status":"closed","ping_status":"closed","sticky":false,"template":"","format":"standard","meta":{"_acf_changed":false,"_et_pb_use_builder":"","_et_pb_old_content":"","_et_gb_content_width":"","footnotes":""},"categories":[45],"tags":[11684,9717,777],"class_list":["post-168650","post","type-post","status-publish","format-standard","has-post-thumbnail","hentry","category-europe-in-brief","tag-gaza-2","tag-polonia-3","tag-ue-4"],"acf":[],"_links":{"self":[{"href":"https:\/\/europeannewsroom.com\/es\/wp-json\/wp\/v2\/posts\/168650","targetHints":{"allow":["GET"]}}],"collection":[{"href":"https:\/\/europeannewsroom.com\/es\/wp-json\/wp\/v2\/posts"}],"about":[{"href":"https:\/\/europeannewsroom.com\/es\/wp-json\/wp\/v2\/types\/post"}],"author":[{"embeddable":true,"href":"https:\/\/europeannewsroom.com\/es\/wp-json\/wp\/v2\/users\/49"}],"replies":[{"embeddable":true,"href":"https:\/\/europeannewsroom.com\/es\/wp-json\/wp\/v2\/comments?post=168650"}],"version-history":[{"count":0,"href":"https:\/\/europeannewsroom.com\/es\/wp-json\/wp\/v2\/posts\/168650\/revisions"}],"wp:featuredmedia":[{"embeddable":true,"href":"https:\/\/europeannewsroom.com\/es\/wp-json\/wp\/v2\/media\/169062"}],"wp:attachment":[{"href":"https:\/\/europeannewsroom.com\/es\/wp-json\/wp\/v2\/media?parent=168650"}],"wp:term":[{"taxonomy":"category","embeddable":true,"href":"https:\/\/europeannewsroom.com\/es\/wp-json\/wp\/v2\/categories?post=168650"},{"taxonomy":"post_tag","embeddable":true,"href":"https:\/\/europeannewsroom.com\/es\/wp-json\/wp\/v2\/tags?post=168650"}],"curies":[{"name":"wp","href":"https:\/\/api.w.org\/{rel}","templated":true}]}}