{"id":1838640,"date":"2025-11-28T16:45:18","date_gmt":"2025-11-28T15:45:18","guid":{"rendered":"https:\/\/europeannewsroom.com\/?p=1838640"},"modified":"2025-11-28T16:45:23","modified_gmt":"2025-11-28T15:45:23","slug":"espana-compite-con-ocho-paises-para-llevar-a-malaga-la-nueva-autoridad-aduanera-de-la-ue","status":"publish","type":"post","link":"https:\/\/europeannewsroom.com\/es\/espana-compite-con-ocho-paises-para-llevar-a-malaga-la-nueva-autoridad-aduanera-de-la-ue\/","title":{"rendered":"Espa\u00f1a compite con ocho pa\u00edses para llevar a M\u00e1laga la nueva Autoridad Aduanera de la UE"},"content":{"rendered":"\n<p class=\"wp-block-paragraph\">Bruselas &#8211; La candidatura de Espa\u00f1a para que M\u00e1laga albergue la sede de la nueva Autoridad Aduanera de la Uni\u00f3n Europea competir\u00e1 con las de Roma (Italia), Lille (Francia), La Haya (Pa\u00edses Bajos), Oporto (Portugal), Varsovia (Polonia), Lieja (B\u00e9lgica), Bucarest (Ruman\u00eda) y Zagreb (Croacia).<\/p>\n\n\n\n<p class=\"wp-block-paragraph\">La nueva agencia es una de las piezas clave de la reforma aduanera de la UE, que busca responder al aumento masivo de la llegada de mercanc\u00edas hacia el bloque derivada del auge del comercio en l\u00ednea, sobre todo desde China, que est\u00e1 dificultando el control de los productos que entran a los Veintisiete y sobrecargando a las autoridades nacionales.&nbsp;<\/p>\n\n\n\n<p class=\"wp-block-paragraph\">La Autoridad Aduanera, que deber\u00e1 estar plenamente operativa en enero de 2028 y emplear\u00e1 a unas 250 personas, se encargar\u00e1 de coordinar la actividad de las autoridades nacionales y de gestionar el nuevo Centro de Datos unificado con el que la UE prev\u00e9 facilitar el control de las mercanc\u00edas.&nbsp;<\/p>\n\n\n\n<p class=\"wp-block-paragraph\">La Comisi\u00f3n Europea har\u00e1 una evaluaci\u00f3n de todas las candidaturas, que fueron anunciadas hoy despu\u00e9s de que ayer terminase el plazo para presentarlas, y posteriormente los Estados miembros y el Parlamento Europeo celebrar\u00e1n una votaci\u00f3n de la que saldar\u00e1 la elegida.&nbsp;<\/p>\n\n\n\n<p class=\"wp-block-paragraph\">Espa\u00f1a vuelve a intentar hacerse con la sede de una nueva agencia comunitaria apenas un a\u00f1o despu\u00e9s de aspirar, sin \u00e9xito, a que la Autoridad Europea contra el Blanqueo de Capitales (AMLA) se estableciese en Madrid, cuya candidatura finalmente qued\u00f3 segunda por detr\u00e1s de Fr\u00e1ncfort en la votaci\u00f3n entre los legisladores.&nbsp;<\/p>\n\n\n\n<p class=\"wp-block-paragraph\">&nbsp;En 2017, fue \u00c1msterdam quien se impuso a Barcelona como sede de la Agencia Europea del Medicamento (EMA) cuando esta tuvo que trasladarse a otro punto de la UE desde Londres debido al Brexit.&nbsp;<\/p>\n\n\n\n<p class=\"wp-block-paragraph\">A la hora de evaluar las candidaturas, la UE valorar\u00e1 que la sede elegida pueda estar operativa una vez entre en vigor el reglamento de la Autoridad, la accesibilidad a la misma, que existan instalaciones educativas adecuadas para los hijos del personal de la misma, as\u00ed como oportunidades de acceso al mercado laboral, seguridad social y sanidad tanto para sus familias.<\/p>\n\n\n\n<p class=\"wp-block-paragraph\">Adem\u00e1s se tendr\u00e1 en cuenta el equilibrio geogr\u00e1fico en la distribuci\u00f3n de las agencias de la UE en los Veintisiete, indic\u00f3 la Comisi\u00f3n.&nbsp;<\/p>\n\n\n\n<p class=\"wp-block-paragraph\">La vicepresidenta del Gobierno y ministra de Hacienda, Mar\u00eda Jes\u00fas Montero, el presidente de la Junta de Andaluc\u00eda, Juan Manuel Moreno, y el alcalde de M\u00e1laga, Francisco de la Torre, presentar\u00e1n la candidatura de M\u00e1laga en Bruselas el pr\u00f3ximo 10 de diciembre. (Viernes 28 de noviembre) <\/p>\n","protected":false},"excerpt":{"rendered":"<p>Espa\u00f1a vuelve a intentar hacerse con la sede de una nueva agencia comunitaria apenas un a\u00f1o despu\u00e9s de aspirar, sin \u00e9xito, a que la Autoridad Europea contra el Blanqueo de Capitales (AMLA) se estableciese en Madrid, cuya candidatura finalmente qued\u00f3 segunda por detr\u00e1s de Fr\u00e1ncfort en la votaci\u00f3n entre los legisladores.<\/p>\n","protected":false},"author":186,"featured_media":1838641,"comment_status":"closed","ping_status":"closed","sticky":false,"template":"","format":"standard","meta":{"_acf_changed":false,"_et_pb_use_builder":"","_et_pb_old_content":"","_et_gb_content_width":"","footnotes":""},"categories":[45],"tags":[],"class_list":["post-1838640","post","type-post","status-publish","format-standard","has-post-thumbnail","hentry","category-europe-in-brief"],"acf":[],"_links":{"self":[{"href":"https:\/\/europeannewsroom.com\/es\/wp-json\/wp\/v2\/posts\/1838640","targetHints":{"allow":["GET"]}}],"collection":[{"href":"https:\/\/europeannewsroom.com\/es\/wp-json\/wp\/v2\/posts"}],"about":[{"href":"https:\/\/europeannewsroom.com\/es\/wp-json\/wp\/v2\/types\/post"}],"author":[{"embeddable":true,"href":"https:\/\/europeannewsroom.com\/es\/wp-json\/wp\/v2\/users\/186"}],"replies":[{"embeddable":true,"href":"https:\/\/europeannewsroom.com\/es\/wp-json\/wp\/v2\/comments?post=1838640"}],"version-history":[{"count":0,"href":"https:\/\/europeannewsroom.com\/es\/wp-json\/wp\/v2\/posts\/1838640\/revisions"}],"wp:featuredmedia":[{"embeddable":true,"href":"https:\/\/europeannewsroom.com\/es\/wp-json\/wp\/v2\/media\/1838641"}],"wp:attachment":[{"href":"https:\/\/europeannewsroom.com\/es\/wp-json\/wp\/v2\/media?parent=1838640"}],"wp:term":[{"taxonomy":"category","embeddable":true,"href":"https:\/\/europeannewsroom.com\/es\/wp-json\/wp\/v2\/categories?post=1838640"},{"taxonomy":"post_tag","embeddable":true,"href":"https:\/\/europeannewsroom.com\/es\/wp-json\/wp\/v2\/tags?post=1838640"}],"curies":[{"name":"wp","href":"https:\/\/api.w.org\/{rel}","templated":true}]}}