{"id":1838663,"date":"2025-11-28T17:31:19","date_gmt":"2025-11-28T16:31:19","guid":{"rendered":"https:\/\/europeannewsroom.com\/?p=1838663"},"modified":"2025-11-28T17:31:24","modified_gmt":"2025-11-28T16:31:24","slug":"planas-voto-contra-etiquetado-de-productos-del-sahara-occidental-es-campana-politica","status":"publish","type":"post","link":"https:\/\/europeannewsroom.com\/es\/planas-voto-contra-etiquetado-de-productos-del-sahara-occidental-es-campana-politica\/","title":{"rendered":"Planas: Voto contra etiquetado de productos del S\u00e1hara Occidental es campa\u00f1a pol\u00edtica"},"content":{"rendered":"\n<p class=\"wp-block-paragraph\">Estambul &#8211; El ministro de Agricultura, Pesca y Alimentaci\u00f3n de Espa\u00f1a, <strong>Luis Planas<\/strong>, se mostr\u00f3 este viernes satisfecho de que haya fracasado la \u00abcampa\u00f1a pol\u00edtica\u00bb para frenar en el Parlamento Europeo el acuerdo sobre el etiquetado de productos procedentes del S\u00e1hara Occidental. <\/p>\n\n\n\n<p class=\"wp-block-paragraph\">En declaraciones a EFE en Estambul, Planas aludi\u00f3 a la objeci\u00f3n planteada por el Partido Popular Europeo (PEE) para descartar el reglamento negociado con Marruecos, que hubiese requerido 360 votos a favor para salir adelante en la votaci\u00f3n de la Euroc\u00e1mara celebrada el pasado mi\u00e9rcoles, pero se qued\u00f3 en 359 votos a favor, 188 en contra y 76 abstenciones. <\/p>\n\n\n\n<p class=\"wp-block-paragraph\">Se mantiene as\u00ed el acuerdo que permite importar frutas y hortalizas originarias del S\u00e1hara Occidental indicando en la etiqueta una de las dos regiones administrativas declaradas por Rabat, sin especificar a qu\u00e9 pa\u00eds pertenecen. <\/p>\n\n\n\n<p class=\"wp-block-paragraph\">\u00abCreo que ha sido una gran tormenta en un vaso de agua con una intencionalidad pol\u00edtica clara, y me alegro de que no haya triunfado esta objeci\u00f3n planteada por un sector del Parlamento Europeo porque no responde a la realidad\u00bb, dijo Planas. <\/p>\n\n\n\n<p class=\"wp-block-paragraph\">Marruecos considera el S\u00e1hara Occidental parte integral de su territorio, mientras que para la Uni\u00f3n Europea es un \u00e1rea bajo ocupaci\u00f3n marroqu\u00ed, cuyo estatus debe ser a\u00fan negociado. <\/p>\n\n\n\n<p class=\"wp-block-paragraph\">\u00abCreo que ha habido una campa\u00f1a pol\u00edtica, particularmente por parte del Partido Popular espa\u00f1ol, que ha intentado encabezar un movimiento en contra de este acuerdo\u00bb, declar\u00f3 Planas. <\/p>\n\n\n\n<p class=\"wp-block-paragraph\">Calific\u00f3 esta iniciativa contra un acuerdo en vigor desde el a\u00f1o 2000 y actualizado en 2012 de \u00absorprendente\u00bb porque \u00abni los contingentes, ni los precios de entrada, ni los flujos comerciales aparecen alterados\u00bb por la decisi\u00f3n sobre el etiquetado. <\/p>\n\n\n\n<p class=\"wp-block-paragraph\">Subray\u00f3 que \u00abcualquier producto agroalimentario que entra en la Uni\u00f3n Europea tiene que respetar estrictamente los est\u00e1ndares de la Agencia Europea de Seguridad Alimentaria\u00bb, con independencia del etiquetado sobre su origen. <\/p>\n\n\n\n<p class=\"wp-block-paragraph\">\u00abNo entra nada que no se ajuste a esos est\u00e1ndares. Esto hay que decirlo en voz alta porque muchas veces se escuchan cosas que no son ciertas a este respecto\u00bb, insisti\u00f3 el ministro. (28 de noviembre) <\/p>\n","protected":false},"excerpt":{"rendered":"<p>Marruecos considera el S\u00e1hara Occidental parte integral de su territorio, mientras que para la Uni\u00f3n Europea es un \u00e1rea bajo ocupaci\u00f3n marroqu\u00ed, cuyo estatus debe ser a\u00fan negociado. <\/p>\n","protected":false},"author":186,"featured_media":1838779,"comment_status":"closed","ping_status":"closed","sticky":false,"template":"","format":"standard","meta":{"_acf_changed":false,"_et_pb_use_builder":"","_et_pb_old_content":"","_et_gb_content_width":"","footnotes":""},"categories":[45],"tags":[],"class_list":["post-1838663","post","type-post","status-publish","format-standard","has-post-thumbnail","hentry","category-europe-in-brief"],"acf":[],"_links":{"self":[{"href":"https:\/\/europeannewsroom.com\/es\/wp-json\/wp\/v2\/posts\/1838663","targetHints":{"allow":["GET"]}}],"collection":[{"href":"https:\/\/europeannewsroom.com\/es\/wp-json\/wp\/v2\/posts"}],"about":[{"href":"https:\/\/europeannewsroom.com\/es\/wp-json\/wp\/v2\/types\/post"}],"author":[{"embeddable":true,"href":"https:\/\/europeannewsroom.com\/es\/wp-json\/wp\/v2\/users\/186"}],"replies":[{"embeddable":true,"href":"https:\/\/europeannewsroom.com\/es\/wp-json\/wp\/v2\/comments?post=1838663"}],"version-history":[{"count":0,"href":"https:\/\/europeannewsroom.com\/es\/wp-json\/wp\/v2\/posts\/1838663\/revisions"}],"wp:featuredmedia":[{"embeddable":true,"href":"https:\/\/europeannewsroom.com\/es\/wp-json\/wp\/v2\/media\/1838779"}],"wp:attachment":[{"href":"https:\/\/europeannewsroom.com\/es\/wp-json\/wp\/v2\/media?parent=1838663"}],"wp:term":[{"taxonomy":"category","embeddable":true,"href":"https:\/\/europeannewsroom.com\/es\/wp-json\/wp\/v2\/categories?post=1838663"},{"taxonomy":"post_tag","embeddable":true,"href":"https:\/\/europeannewsroom.com\/es\/wp-json\/wp\/v2\/tags?post=1838663"}],"curies":[{"name":"wp","href":"https:\/\/api.w.org\/{rel}","templated":true}]}}