{"id":1838824,"date":"2025-11-28T17:43:28","date_gmt":"2025-11-28T16:43:28","guid":{"rendered":"https:\/\/europeannewsroom.com\/?p=1838824"},"modified":"2025-11-28T17:44:29","modified_gmt":"2025-11-28T16:44:29","slug":"regiones-ultraperifericas-piden-a-la-ue-debatir-el-nuevo-marco-financiero-plurianual","status":"publish","type":"post","link":"https:\/\/europeannewsroom.com\/es\/regiones-ultraperifericas-piden-a-la-ue-debatir-el-nuevo-marco-financiero-plurianual\/","title":{"rendered":"Regiones Ultraperif\u00e9ricas piden a la\u00a0UE\u00a0debatir el nuevo marco financiero plurianual"},"content":{"rendered":"\n<p class=\"wp-block-paragraph\">Santa Cruz de Tenerife (Espa\u00f1a) &#8211; La Conferencia de presidentes de las Regiones Ultraperif\u00e9ricas (RUP) solicit\u00f3 a sus respectivos Estados y al Consejo Europeo debatir en com\u00fan el nuevo marco financiero plurianual de la UE, dada la preocupaci\u00f3n generada en estas regiones la propuesta de la Comisi\u00f3n, inform\u00f3 este viernes el Gobierno regional de las Islas Canarias (Atl\u00e1ntico, Espa\u00f1a). <\/p>\n\n\n\n<p class=\"wp-block-paragraph\">Para ello, el presidente de la Regi\u00f3n de Guadalupe (Caribe, Francia) dirigi\u00f3 una invitaci\u00f3n a los presidentes de los Estados miembros de la UE a los que pertenecen estos territorios -Francia, Portugal y Espa\u00f1a- y el Consejo Europeo, acompa\u00f1ada por la declaraci\u00f3n pol\u00edtica sobre el futuro marco financiero plurianual firmada por los presidentes de las nueve RUP el 17 de noviembre en Bruselas. <\/p>\n\n\n\n<p class=\"wp-block-paragraph\">Las RUP reclaman \u00abuna estrategia europea diferenciada\u00bb y medidas espec\u00edficas \u00abque es imprescindible restablecer y reforzar\u00bb. <\/p>\n\n\n\n<p class=\"wp-block-paragraph\">\u00abEl reconocimiento de los sobrecostes estructurales vinculados con la ultraperiferia debe seguir constituyendo un pilar para la acci\u00f3n europea y traducirse, por tanto, en partidas presupuestarias europeas concretas, estables y consagradas, unidas a los programas concebidos y gestionados a nivel regional\u00bb, reivindican los dirigentes de las RUP, que recuerdan el papel esencial de estas regiones para Europa. <\/p>\n\n\n\n<p class=\"wp-block-paragraph\">El presidente de Canarias, <strong>Fernando Clavijo<\/strong>, destac\u00f3 la importancia de implicar al Consejo Europeo, que \u00abes el \u00fanico que puede vetar la actual propuesta para el periodo 2028-2034, que vulnera el estatus RUP al centralizar los fondos que antes se gestionaban directamente con los territorios para mitigar los sobrecostes de su lejan\u00eda y singularidad\u00bb. (28 de noviembre) <\/p>\n","protected":false},"excerpt":{"rendered":"<p>Las RUP reclaman \u00abuna estrategia europea diferenciada\u00bb y medidas espec\u00edficas \u00abque es imprescindible restablecer y reforzar\u00bb. <\/p>\n","protected":false},"author":186,"featured_media":1838825,"comment_status":"closed","ping_status":"closed","sticky":false,"template":"","format":"standard","meta":{"_acf_changed":false,"_et_pb_use_builder":"","_et_pb_old_content":"","_et_gb_content_width":"","footnotes":""},"categories":[45],"tags":[],"class_list":["post-1838824","post","type-post","status-publish","format-standard","has-post-thumbnail","hentry","category-europe-in-brief"],"acf":[],"_links":{"self":[{"href":"https:\/\/europeannewsroom.com\/es\/wp-json\/wp\/v2\/posts\/1838824","targetHints":{"allow":["GET"]}}],"collection":[{"href":"https:\/\/europeannewsroom.com\/es\/wp-json\/wp\/v2\/posts"}],"about":[{"href":"https:\/\/europeannewsroom.com\/es\/wp-json\/wp\/v2\/types\/post"}],"author":[{"embeddable":true,"href":"https:\/\/europeannewsroom.com\/es\/wp-json\/wp\/v2\/users\/186"}],"replies":[{"embeddable":true,"href":"https:\/\/europeannewsroom.com\/es\/wp-json\/wp\/v2\/comments?post=1838824"}],"version-history":[{"count":0,"href":"https:\/\/europeannewsroom.com\/es\/wp-json\/wp\/v2\/posts\/1838824\/revisions"}],"wp:featuredmedia":[{"embeddable":true,"href":"https:\/\/europeannewsroom.com\/es\/wp-json\/wp\/v2\/media\/1838825"}],"wp:attachment":[{"href":"https:\/\/europeannewsroom.com\/es\/wp-json\/wp\/v2\/media?parent=1838824"}],"wp:term":[{"taxonomy":"category","embeddable":true,"href":"https:\/\/europeannewsroom.com\/es\/wp-json\/wp\/v2\/categories?post=1838824"},{"taxonomy":"post_tag","embeddable":true,"href":"https:\/\/europeannewsroom.com\/es\/wp-json\/wp\/v2\/tags?post=1838824"}],"curies":[{"name":"wp","href":"https:\/\/api.w.org\/{rel}","templated":true}]}}