{"id":1841755,"date":"2025-11-19T15:28:00","date_gmt":"2025-11-19T14:28:00","guid":{"rendered":"https:\/\/europeannewsroom.com\/?p=1841755"},"modified":"2025-12-03T15:04:06","modified_gmt":"2025-12-03T14:04:06","slug":"impuesto-al-carbono-o-evasivas-la-ue-intenta-convencer-a-los-paises-en-la-conferencia-sobre-el-clima","status":"publish","type":"post","link":"https:\/\/europeannewsroom.com\/es\/impuesto-al-carbono-o-evasivas-la-ue-intenta-convencer-a-los-paises-en-la-conferencia-sobre-el-clima\/","title":{"rendered":"Impuesto al carbono o evasivas: la UE intenta convencer a los pa\u00edses en la conferencia sobre el clima"},"content":{"rendered":"\n<p class=\"wp-block-paragraph\"><img decoding=\"async\" src=\"https:\/\/europeannewsroom.com\/wp-content\/themes\/enr\/assets\/img\/ai.svg\" width=\"20px\" height=\"20px\"><strong>OpenAI (Beta) lee el art\u00edculo.<\/strong>&nbsp;Tenga en cuenta que las traducciones de IA pueden tardar un tiempo en procesarse.<\/p>\n\n\n\n<p class=\"wp-block-paragraph\">Con el reloj a punto de acabarse en la conferencia clim\u00e1tica COP30, las naciones est\u00e1n divididas en cuestiones clave y se avecina un resultado empa\u00f1ado por compromisos clim\u00e1ticos d\u00e9biles o promesas financieras insuficientes. En particular, un impuesto al carbono \u2014la pol\u00edtica emblem\u00e1tica de la Uni\u00f3n Europea\u2014 est\u00e1 en la mira.&nbsp;<\/p>\n\n\n\n<p class=\"wp-block-paragraph\">La 30\u00aa Conferencia de las Partes (COP30) de la Convenci\u00f3n Marco de las Naciones Unidas sobre el Cambio Clim\u00e1tico (CMNUCC), que se celebra en la ciudad brasile\u00f1a de Bel\u00e9m, finalizar\u00e1 el viernes, pero las conversaciones anuales de la ONU sobre el clima normalmente se extienden a horas extras mientras los negociadores luchan por encontrar compromisos sobre c\u00f3mo abordar el cambio clim\u00e1tico.<\/p>\n\n\n\n<p class=\"wp-block-paragraph\">El anfitri\u00f3n, el presidente brasile\u00f1o&nbsp;<strong>Luiz In\u00e1cio Lula da Silva<\/strong>, advirti\u00f3 sobre un \u00abapocalipsis clim\u00e1tico\u00bb, con algunos estados desviando su atenci\u00f3n del calentamiento global hacia la seguridad o incluso neg\u00e1ndolo rotundamente. Estados Unidos, por ejemplo, no envi\u00f3 una delegaci\u00f3n.&nbsp;<\/p>\n\n\n\n<p class=\"wp-block-paragraph\">\u201cNo habr\u00e1 seguridad energ\u00e9tica en un mundo en llamas\u201d, advirti\u00f3 Lula, diciendo que el conflicto en Ucrania hab\u00eda \u201cdeshecho a\u00f1os de esfuerzos para reducir las emisiones\u201d de gases de efecto invernadero.<\/p>\n\n\n\n<h3 class=\"wp-block-heading\"><strong>\u00bfQu\u00e9 quiere Bruselas?<\/strong><\/h3>\n\n\n\n<p class=\"wp-block-paragraph\">La Uni\u00f3n Europea aspira a llenar el vac\u00edo existente y liderar la diplomacia clim\u00e1tica, tras un acuerdo arduamente alcanzado sobre sus objetivos clim\u00e1ticos. Bruselas declar\u00f3 antes de la conferencia que aspiraba a desempe\u00f1ar un papel central en el avance de los esfuerzos clim\u00e1ticos a nivel nacional e internacional.<\/p>\n\n\n\n<p class=\"wp-block-paragraph\">Sus prioridades clave incluyen fortalecer los esfuerzos globales de mitigaci\u00f3n y adaptaci\u00f3n, impulsar la movilizaci\u00f3n de financiamiento clim\u00e1tico y acelerar la transici\u00f3n energ\u00e9tica hacia una econom\u00eda clim\u00e1ticamente neutral, garantizando al mismo tiempo una transici\u00f3n justa hacia el abandono de los combustibles f\u00f3siles.<\/p>\n\n\n\n<p class=\"wp-block-paragraph\">La posici\u00f3n de la UE en la COP30 es abogar por una acci\u00f3n clim\u00e1tica global m\u00e1s fuerte mediante la presentaci\u00f3n de una nueva y ambiciosa Contribuci\u00f3n Determinada a Nivel Nacional (NDC) \u2013el esfuerzo de cada pa\u00eds para reducir sus emisiones y adaptarse a los impactos del cambio clim\u00e1tico\u2013 para reducir las emisiones netas de gases de efecto invernadero entre un 66,25 y un 72,5 por ciento para 2035.&nbsp;<\/p>\n\n\n\n<figure class=\"wp-block-image\"><img loading=\"lazy\" decoding=\"async\" width=\"1024\" height=\"652\" src=\"https:\/\/europeannewsroom.com\/wp-content\/uploads\/2025\/11\/557177075-1024x652.jpg\" alt=\"\" class=\"wp-image-1802899\" srcset=\"https:\/\/europeannewsroom.com\/wp-content\/uploads\/2025\/11\/557177075-980x624.jpg 980w, https:\/\/europeannewsroom.com\/wp-content\/uploads\/2025\/11\/557177075-480x306.jpg 480w\" sizes=\"(min-width: 0px) and (max-width: 480px) 480px, (min-width: 481px) and (max-width: 980px) 980px, (min-width: 981px) 1024px, 100vw\" \/><\/figure>\n\n\n\n<p class=\"wp-block-paragraph\"><em>Sesi\u00f3n Plenaria General de L\u00edderes en la Conferencia de las Naciones Unidas sobre el Cambio Clim\u00e1tico (COP30) en Bel\u00e9m, Brasil, el 7 de noviembre de 2025. Foto: Oficina de Prensa de la COP 30 \/ Anadolu<\/em><\/p>\n\n\n\n<h3 class=\"wp-block-heading\"><strong>Problemas con el impuesto al carbono<\/strong><\/h3>\n\n\n\n<p class=\"wp-block-paragraph\">La UE tambi\u00e9n est\u00e1 impulsando la tarificaci\u00f3n del carbono como una pol\u00edtica clave para alcanzar los objetivos clim\u00e1ticos. La presidenta de la Comisi\u00f3n,&nbsp;<strong>Ursula von der Leyen,<\/strong>&nbsp;anim\u00f3 a los pa\u00edses a crear sus propios mercados nacionales de carbono para el cumplimiento de las normas.<\/p>\n\n\n\n<blockquote class=\"wp-block-quote is-layout-flow wp-block-quote-is-layout-flow\">\n<p class=\"wp-block-paragraph\">\u201cLa fijaci\u00f3n de precios del carbono se ha convertido en una herramienta central para reducir las emisiones de gases de efecto invernadero, con un s\u00f3lido argumento comercial para la econom\u00eda y para las personas\u201d. La presidenta de la Comisi\u00f3n Europea, Ursula von der Leyen<\/p>\n<\/blockquote>\n\n\n\n<p class=\"wp-block-paragraph\">Los cr\u00e9ditos de carbono son permisos negociables que representan una reducci\u00f3n verificada de una tonelada equivalente de di\u00f3xido de carbono de la atm\u00f3sfera. La UE ha establecido un R\u00e9gimen de Comercio de Emisiones (RCDE UE) y establece un l\u00edmite a la cantidad de CO2 que se puede emitir anualmente.<\/p>\n\n\n\n<p class=\"wp-block-paragraph\">Las empresas deben comprar o recibir derechos de emisi\u00f3n correspondientes a sus emisiones de CO2. Esto, por ejemplo, abaratar\u00eda la producci\u00f3n de energ\u00eda a partir de fuentes limpias.<\/p>\n\n\n\n<p class=\"wp-block-paragraph\">Pero uno de los mayores puntos de discordia es el impuesto al carbono de la UE sobre las importaciones. \u00abFijar un precio al carbono es algo que debemos impulsar con el mayor n\u00famero posible de pa\u00edses, lo antes posible\u00bb, declar\u00f3 el comisario europeo de Clima,&nbsp;<strong>Wopke Hoekstra<\/strong>, en la reuni\u00f3n.<\/p>\n\n\n\n<p class=\"wp-block-paragraph\">Sin embargo, China, India y otros pa\u00edses aliados desean que la COP30 adopte una decisi\u00f3n contra las barreras comerciales unilaterales. Esto contrarrestar\u00eda el Mecanismo de Ajuste en Frontera de las Emisiones de Carbono (CBAM) de la UE.<\/p>\n\n\n\n<p class=\"wp-block-paragraph\">El CBAM, que se lleva a cabo en pruebas desde 2023 y se prev\u00e9 que est\u00e9 plenamente operativo en 2026, se centra en las importaciones de bienes con alto contenido de carbono, como acero, aluminio, cemento, fertilizantes, electricidad e hidr\u00f3geno.<\/p>\n\n\n\n<p class=\"wp-block-paragraph\">Las industrias europeas deben descarbonizar su producci\u00f3n, pero esto podr\u00eda poner en riesgo su ventaja competitiva. El CBAM extiende el principio de la UE de \u00abquien contamina paga\u00bb a otros pa\u00edses.<\/p>\n\n\n\n<h3 class=\"wp-block-heading\"><strong>Aumento de las temperaturas en Bruselas<\/strong><\/h3>\n\n\n\n<p class=\"wp-block-paragraph\">Antes de la COP30, los \u00e1nimos en la UE se caldearon por los nuevos objetivos clim\u00e1ticos del bloque.&nbsp;<\/p>\n\n\n\n<p class=\"wp-block-paragraph\">Los Estados miembros de la UE y el Parlamento acordaron reducir las emisiones, pero con mucha m\u00e1s flexibilidad y opciones de respaldo que las propuestas por la Comisi\u00f3n.<\/p>\n\n\n\n<p class=\"wp-block-paragraph\">El Parlamento vot\u00f3 a favor de una enmienda a la Ley del Clima de la UE, estableciendo un objetivo clim\u00e1tico para 2040 de reducci\u00f3n del 90 por ciento (incluido hasta el 5 por ciento de los cr\u00e9ditos internacionales de carbono) en las emisiones netas de gases de efecto invernadero en comparaci\u00f3n con los niveles de 1990.<\/p>\n\n\n\n<p class=\"wp-block-paragraph\">Las reacciones al nuevo objetivo clim\u00e1tico de la UE han sido diversas. Varios pa\u00edses de la UE, como Polonia y Francia, se resistieron al objetivo del 90 %, alegando cargas econ\u00f3micas, problemas para la industria y un tenso entorno geopol\u00edtico.&nbsp;<\/p>\n\n\n\n<p class=\"wp-block-paragraph\">Si bien el acuerdo se consider\u00f3 en general una se\u00f1al contundente, varios compromisos suscitaron inquietud entre los ambientalistas. La propuesta original de la Comisi\u00f3n, por ejemplo, solo preve\u00eda hasta un 3 % de cr\u00e9ditos internacionales de carbono. Adem\u00e1s, los planes para incluir los sectores de la construcci\u00f3n y el transporte por carretera en el r\u00e9gimen de comercio de emisiones de la UE se retrasar\u00e1n un a\u00f1o, hasta 2028, seg\u00fan el compromiso.<\/p>\n\n\n\n<p class=\"wp-block-paragraph\">Espa\u00f1a ha abogado constantemente por una mayor ambici\u00f3n en la lucha contra el cambio clim\u00e1tico y considera que los objetivos de reducci\u00f3n de emisiones son compatibles con el crecimiento econ\u00f3mico y la creaci\u00f3n de empleo. Si bien cree que la UE llega a Brasil con los deberes hechos, habr\u00eda preferido ir un paso m\u00e1s all\u00e1 de lo acordado finalmente.<\/p>\n\n\n\n<p class=\"wp-block-paragraph\">\u00abNo es un texto perfecto, pero es muy bueno\u00bb, afirm\u00f3 la vicepresidenta tercera y ministra para la Transici\u00f3n Ecol\u00f3gica y el Reto Demogr\u00e1fico de Espa\u00f1a,&nbsp;<strong>Sara Aagesen<\/strong>&nbsp;, sobre los objetivos europeos de reducci\u00f3n. Espa\u00f1a hab\u00eda defendido el objetivo del 90 % como una \u00abl\u00ednea roja\u00bb y se hab\u00eda mostrado a favor de limitar el uso de cr\u00e9ditos internacionales al 3 %.<\/p>\n\n\n\n<p class=\"wp-block-paragraph\">El gobierno sueco ha abogado firmemente por un objetivo del 90 % para 2040 y una s\u00f3lida Contribuci\u00f3n Determinada a Nivel Nacional (NDC) de Europa. Al mismo tiempo, la oposici\u00f3n ha criticado duramente al gobierno por no enviar a su ministro de clima a la COP30. En cambio, el rey&nbsp;<strong>Carlos Gustavo<\/strong>&nbsp;particip\u00f3 en reuniones de alto nivel, lo que tambi\u00e9n caus\u00f3 malestar, ya que, en su discurso en Bel\u00e9m, el rey expres\u00f3 sus dudas sobre si todos firmar\u00edan un documento final y afirm\u00f3 que \u00abel resto del mundo est\u00e1 mucho peor\u00bb que Europa en cuanto a emisiones.<\/p>\n\n\n\n<p class=\"wp-block-paragraph\">Adem\u00e1s, mientras la unidad se hace patente en Bel\u00e9m, en Bruselas la UE corre el riesgo de volver a dividirse en torno a su propia agenda verde. La semana pasada, los legisladores del Parlamento Europeo votaron a favor de dr\u00e1sticos recortes en las leyes de la UE sobre informes de sostenibilidad y diligencia debida. Esto incluye la eliminaci\u00f3n de la obligaci\u00f3n de las empresas de elaborar planes de transici\u00f3n clim\u00e1tica. El Partido Popular Europeo (PPE) conservador de Von der Leyen se ali\u00f3 con partidos de extrema derecha para esta votaci\u00f3n.<\/p>\n\n\n\n<h3 class=\"wp-block-heading\"><strong>Grados de oposici\u00f3n<\/strong><\/h3>\n\n\n\n<p class=\"wp-block-paragraph\">Otro tema divisivo fue la presi\u00f3n de los estados insulares, respaldados por naciones latinoamericanas y la UE, para que la conferencia respondiera a las \u00faltimas proyecciones que muestran que el mundo no lograr\u00e1 limitar el calentamiento a 1,5 grados. Sin embargo, los principales pa\u00edses emergentes, desde China hasta Arabia Saud\u00ed, se muestran recelosos de cualquier texto que insin\u00fae que no est\u00e1n haciendo lo suficiente para frenar el cambio clim\u00e1tico.<\/p>\n\n\n\n<p class=\"wp-block-paragraph\">La cumbre del a\u00f1o pasado en Bak\u00fa (Azerbaiy\u00e1n) concluy\u00f3 con un acuerdo para que los pa\u00edses desarrollados proporcionen 300&nbsp;000 millones de d\u00f3lares anuales en financiaci\u00f3n clim\u00e1tica a las naciones m\u00e1s pobres, una cifra criticada por ser sumamente insuficiente. Los pa\u00edses en desarrollo, especialmente los de \u00c1frica, quieren que la COP30 se\u00f1ale a los pa\u00edses desarrollados por su insuficiencia en la financiaci\u00f3n para la adaptaci\u00f3n al cambio clim\u00e1tico y la reducci\u00f3n de emisiones.&nbsp;<\/p>\n\n\n\n<p class=\"wp-block-paragraph\">Alemania aportar\u00e1 60 millones de euros este a\u00f1o, seg\u00fan inform\u00f3 el ministro de Medio Ambiente,&nbsp;<strong>Carsten Schneider<\/strong>. Seg\u00fan el gobierno de Berl\u00edn, Alemania ha sido el mayor donante al Fondo de Adaptaci\u00f3n desde su creaci\u00f3n en 2007.<\/p>\n\n\n\n<h3 class=\"wp-block-heading\"><strong>Esfuerzos individuales<\/strong><\/h3>\n\n\n\n<p class=\"wp-block-paragraph\">Adem\u00e1s de las pol\u00edticas conjuntas de la UE, los Estados miembros individuales brindan apoyo espec\u00edfico, o se espera que lo hagan.<\/p>\n\n\n\n<p class=\"wp-block-paragraph\">El canciller alem\u00e1n,&nbsp;<strong>Friedrich Merz,<\/strong>&nbsp;prometi\u00f3 una suma sustancial para el Fondo para la Conservaci\u00f3n de los Bosques Tropicales, creado por Brasil. Con este fondo, los pa\u00edses que preservan los bosques reciben recompensas, mientras que quienes destruyen las tierras forestales pagan penalizaciones. Las selvas tropicales desempe\u00f1an un papel crucial en la estabilizaci\u00f3n clim\u00e1tica, incluso actuando como sumideros de carbono. Seg\u00fan estimaciones de Brasil, el fondo, con un volumen objetivo de 125&nbsp;000 millones de d\u00f3lares, podr\u00eda distribuir alrededor de 4&nbsp;000 millones de d\u00f3lares anuales tras un per\u00edodo inicial de puesta en marcha.<\/p>\n\n\n\n<p class=\"wp-block-paragraph\">El gobierno portugu\u00e9s anunci\u00f3 la semana pasada 1,5 millones de euros para financiar un programa de transparencia sobre la legislaci\u00f3n clim\u00e1tica elaborado por los pa\u00edses de habla portuguesa. La ministra de Medio Ambiente,&nbsp;<strong>Maria da Gra\u00e7a Carvalho,<\/strong>&nbsp;afirm\u00f3 que el objetivo de este programa es apoyar la acci\u00f3n clim\u00e1tica y la legislaci\u00f3n concreta, y garantizar que los fondos invertidos se destinen a propuestas espec\u00edficas y tengan consecuencias reales en la mitigaci\u00f3n del cambio clim\u00e1tico. Todos los pa\u00edses de habla portuguesa se encuentran en zonas del mundo sometidas a una presi\u00f3n extrema por fen\u00f3menos meteorol\u00f3gicos extremos, principalmente en Sudam\u00e9rica y \u00c1frica.<\/p>\n\n\n\n<p class=\"wp-block-paragraph\">El ministro de Medio Ambiente de Eslovenia,&nbsp;<strong>Bojan Kumer,<\/strong>&nbsp;afirm\u00f3 que su pa\u00eds demuestra que los pa\u00edses peque\u00f1os pueden desempe\u00f1ar un papel importante en la lucha contra el cambio clim\u00e1tico. Mencion\u00f3 el objetivo de neutralidad clim\u00e1tica de Eslovenia para 2045, establecido en la primera ley clim\u00e1tica del pa\u00eds, aprobada en julio. Eslovenia est\u00e1 aumentando gradualmente la financiaci\u00f3n para la acci\u00f3n clim\u00e1tica, tanto a trav\u00e9s de proyectos bilaterales como de contribuciones multilaterales a diversos fondos, incluido el fondo para la respuesta a p\u00e9rdidas y da\u00f1os, que financia iniciativas para ayudar a las comunidades vulnerables a recuperarse de las p\u00e9rdidas y da\u00f1os relacionados con el clima.&nbsp;<\/p>\n\n\n\n<p class=\"wp-block-paragraph\"><em>Este art\u00edculo es una noticia clave de ENR. Su contenido se basa en informaci\u00f3n publicada por las agencias participantes de ENR.<\/em><\/p>\n","protected":false},"excerpt":{"rendered":"<p>La UE acudi\u00f3 a las negociaciones sobre el clima de la COP30 con objetivos ambiciosos, pero no ha logrado un consenso y sus planes emblem\u00e1ticos de fijaci\u00f3n de precios del carbono est\u00e1n resultando particularmente impopulares.<\/p>\n","protected":false},"author":188,"featured_media":1841781,"comment_status":"closed","ping_status":"closed","sticky":false,"template":"","format":"standard","meta":{"_acf_changed":true,"_et_pb_use_builder":"","_et_pb_old_content":"","_et_gb_content_width":"","footnotes":""},"categories":[39],"tags":[6823,1491,21294,22530,21909],"class_list":["post-1841755","post","type-post","status-publish","format-standard","has-post-thumbnail","hentry","category-key-story","tag-brasil","tag-cambio-climatico","tag-clima-7","tag-cop-2","tag-union-europea-2"],"acf":[],"_links":{"self":[{"href":"https:\/\/europeannewsroom.com\/es\/wp-json\/wp\/v2\/posts\/1841755","targetHints":{"allow":["GET"]}}],"collection":[{"href":"https:\/\/europeannewsroom.com\/es\/wp-json\/wp\/v2\/posts"}],"about":[{"href":"https:\/\/europeannewsroom.com\/es\/wp-json\/wp\/v2\/types\/post"}],"author":[{"embeddable":true,"href":"https:\/\/europeannewsroom.com\/es\/wp-json\/wp\/v2\/users\/188"}],"replies":[{"embeddable":true,"href":"https:\/\/europeannewsroom.com\/es\/wp-json\/wp\/v2\/comments?post=1841755"}],"version-history":[{"count":0,"href":"https:\/\/europeannewsroom.com\/es\/wp-json\/wp\/v2\/posts\/1841755\/revisions"}],"wp:featuredmedia":[{"embeddable":true,"href":"https:\/\/europeannewsroom.com\/es\/wp-json\/wp\/v2\/media\/1841781"}],"wp:attachment":[{"href":"https:\/\/europeannewsroom.com\/es\/wp-json\/wp\/v2\/media?parent=1841755"}],"wp:term":[{"taxonomy":"category","embeddable":true,"href":"https:\/\/europeannewsroom.com\/es\/wp-json\/wp\/v2\/categories?post=1841755"},{"taxonomy":"post_tag","embeddable":true,"href":"https:\/\/europeannewsroom.com\/es\/wp-json\/wp\/v2\/tags?post=1841755"}],"curies":[{"name":"wp","href":"https:\/\/api.w.org\/{rel}","templated":true}]}}