{"id":1999871,"date":"2026-01-09T17:02:35","date_gmt":"2026-01-09T16:02:35","guid":{"rendered":"https:\/\/europeannewsroom.com\/?p=1999871"},"modified":"2026-01-14T17:10:16","modified_gmt":"2026-01-14T16:10:16","slug":"la-ue-respalda-a-groenlandia-ante-el-aumento-de-la-preocupacion-por-las-amenazas-de-toma-de-control-de-ee-uu-y-la-unidad-de-la-otan","status":"publish","type":"post","link":"https:\/\/europeannewsroom.com\/es\/la-ue-respalda-a-groenlandia-ante-el-aumento-de-la-preocupacion-por-las-amenazas-de-toma-de-control-de-ee-uu-y-la-unidad-de-la-otan\/","title":{"rendered":"La UE respalda a Groenlandia ante el aumento de la preocupaci\u00f3n por las amenazas de toma de control de EE. UU. y la unidad de la OTAN"},"content":{"rendered":"\n<p class=\"wp-block-paragraph\">por enr con AFP, ANSA, BTA, CTK, dpa, Europa Press, HINA, Lusa, MIA, PAP, Ritzau, STA | 09.ene 2026 | Historias clave<\/p>\n\n\n\n<figure class=\"wp-block-image size-large\"><img loading=\"lazy\" decoding=\"async\" width=\"1024\" height=\"683\" src=\"https:\/\/europeannewsroom.com\/wp-content\/uploads\/2026\/01\/image-1024x683.png\" alt=\"\" class=\"wp-image-1999872\" srcset=\"https:\/\/europeannewsroom.com\/wp-content\/uploads\/2026\/01\/image-980x653.png 980w, https:\/\/europeannewsroom.com\/wp-content\/uploads\/2026\/01\/image-480x320.png 480w\" sizes=\"(min-width: 0px) and (max-width: 480px) 480px, (min-width: 481px) and (max-width: 980px) 980px, (min-width: 981px) 1024px, 100vw\" \/><\/figure>\n\n\n\n<p class=\"wp-block-paragraph\">Casas coloridas cubiertas de nieve en Nuuk, la capital de Groenlandia, vistas desde el mar. Foto: Evgeniy Maloletka\/AP\/dpa<br><br>Estados Unidos no se anda con rodeos: quiere Groenlandia. Dinamarca y Groenlandia \u2014con el respaldo de la UE\u2014 han rechazado con firmeza las alegaciones de \u201cseguridad nacional\u201d de Washington y han lanzado una seria advertencia sobre el posible colapso de la OTAN.<\/p>\n\n\n\n<p class=\"wp-block-paragraph\">La Uni\u00f3n Europea ha reafirmado su solidaridad con Dinamarca y Groenlandia mientras busca una respuesta eficaz a las renovadas amenazas del presidente estadounidense, Donald Trump, de apoderarse de la isla \u00e1rtica.<\/p>\n\n\n\n<p class=\"wp-block-paragraph\">\u00abEn lo que respecta a Groenlandia, perm\u00edtanme ser claro: Groenlandia pertenece a su pueblo\u00bb, declar\u00f3 el mi\u00e9rcoles el presidente del Consejo Europeo, Ant\u00f3nio Costa, ante las nuevas pretensiones estadounidenses sobre la mayor isla del mundo. \u00abNada puede decidirse sobre Dinamarca o Groenlandia sin Dinamarca, o sin Groenlandia. Cuentan con todo el apoyo y la solidaridad de la Uni\u00f3n Europea\u00bb.<\/p>\n\n\n\n<p class=\"wp-block-paragraph\">Trump ha insistido en que Estados Unidos \u00abnecesita Groenlandia por razones de seguridad nacional\u00bb, citando la creciente presencia de buques chinos y rusos en la regi\u00f3n \u00e1rtica como una amenaza. En repetidas ocasiones se ha negado a descartar el uso de la fuerza para apoderarse de la isla estrat\u00e9gica, lo que ha provocado conmoci\u00f3n e indignaci\u00f3n en Dinamarca y en otros aliados europeos tradicionales de Estados Unidos.<\/p>\n\n\n\n<p class=\"wp-block-paragraph\">El martes, la Casa Blanca afirm\u00f3 que Trump estaba \u00abdiscutiendo opciones\u00bb para tomar el control de Groenlandia, incluida una acci\u00f3n militar. El mi\u00e9rcoles dijo que hab\u00eda \u00abdiscutido activamente\u00bb con su equipo la compra de Groenlandia.<\/p>\n\n\n\n<p class=\"wp-block-paragraph\">Dinamarca, Groenlandia y la Uni\u00f3n Europea han rechazado con firmeza las reivindicaciones de Trump sobre la isla.<\/p>\n\n\n\n<p class=\"wp-block-paragraph\">La capital de Groenlandia, Nuuk, y la capital danesa, Copenhague, han reiterado que el territorio no est\u00e1 en venta y que solo Groenlandia puede decidir su futuro. Actualmente est\u00e1 gobernada por una coalici\u00f3n que no tiene planes de buscar la independencia de Dinamarca a corto plazo.<\/p>\n\n\n\n<p class=\"wp-block-paragraph\">La isla forma parte del Reino de Dinamarca, pero goza de amplia autonom\u00eda y no es miembro de la UE. Resulta estrat\u00e9gica por su riqueza en materias primas y como base para el control militar del \u00c1rtico.<\/p>\n\n\n\n<p class=\"wp-block-paragraph\">Trump hizo saltar las alarmas en Europa tras su intervenci\u00f3n militar en Venezuela, en la que fuerzas especiales estadounidenses capturaron a primera hora del s\u00e1bado al presidente Nicol\u00e1s Maduro y a su esposa, Cilia Flores. Seg\u00fan la agencia francesa AFP, la captura tambi\u00e9n desat\u00f3 oleadas de desinformaci\u00f3n en l\u00ednea.<\/p>\n\n\n\n<p class=\"wp-block-paragraph\">Hasta ahora no ha habido indicios del tipo de acumulaci\u00f3n militar observada en torno a Venezuela y algunos responsables estadounidenses han presionado para explorar otras opciones, pero en Europa los acontecimientos de Caracas han suscitado temores de que Groenlandia pueda enfrentarse a un escenario similar.<\/p>\n\n\n\n<h3 class=\"wp-block-heading\">Por qu\u00e9 Washington quiere un control m\u00e1s firme sobre Groenlandia<\/h3>\n\n\n\n<p class=\"wp-block-paragraph\">Groenlandia est\u00e1 en el punto de mira de Trump desde su primer mandato. La relaci\u00f3n entre Estados Unidos y Groenlandia se remonta a d\u00e9cadas atr\u00e1s.<\/p>\n\n\n\n<p class=\"wp-block-paragraph\">La ubicaci\u00f3n de Groenlandia es altamente estrat\u00e9gica, ya que se encuentra en la ruta m\u00e1s corta para los misiles entre Rusia y Estados Unidos. Por ello, es una pieza clave del escudo antimisiles estadounidense.<\/p>\n\n\n\n<p class=\"wp-block-paragraph\">En 1941, en pleno apogeo de la Segunda Guerra Mundial, Dinamarca \u2014entonces ocupada por la Alemania nazi\u2014 autoriz\u00f3 a Estados Unidos a construir y operar bases militares en Groenlandia, entonces colonia danesa en el \u00c1rtico, durante el tiempo que durase el conflicto, con el fin de proteger el continente americano.<\/p>\n\n\n\n<p class=\"wp-block-paragraph\">El embajador dan\u00e9s en Washington, aislado de Copenhague, negoci\u00f3 de manera independiente el acuerdo con Estados Unidos para proteger Groenlandia, que geogr\u00e1ficamente forma parte de Am\u00e9rica del Norte.<\/p>\n\n\n\n<p class=\"wp-block-paragraph\">Al final de la guerra, Estados Unidos contaba con 15 bases militares en Groenlandia. Hoy solo queda una, la base a\u00e9rea de Pituffik, en la costa noroeste.<\/p>\n\n\n\n<p class=\"wp-block-paragraph\">Desde 1951, un acuerdo dan\u00e9s con Estados Unidos \u2014revisado en 2004\u2014 otorga a las fuerzas armadas estadounidenses pr\u00e1cticamente carta blanca para actuar en territorio groenland\u00e9s, siempre que informen previamente a Dinamarca y a Groenlandia.<\/p>\n\n\n\n<p class=\"wp-block-paragraph\">Trump ha argumentado que Dinamarca no ha garantizado la seguridad de Groenlandia, que mide 2,2 millones de kil\u00f3metros cuadrados (849.424 millas cuadradas), aproximadamente una quinta parte del tama\u00f1o de todo el continente europeo.<\/p>\n\n\n\n<p class=\"wp-block-paragraph\">En el \u00faltimo a\u00f1o, Copenhague ha reforzado sus inversiones en Groenlandia. En 2025, destin\u00f3 1.200 millones de euros a la seguridad en la regi\u00f3n, record\u00f3 el lunes la primera ministra danesa, Mette Frederiksen.<\/p>\n\n\n\n<p class=\"wp-block-paragraph\">Un informe reciente del servicio de inteligencia militar dan\u00e9s se\u00f1al\u00f3 que Rusia, China y Estados Unidos compiten por desempe\u00f1ar \u00abun papel m\u00e1s importante\u00bb en el \u00c1rtico.<\/p>\n\n\n\n<p class=\"wp-block-paragraph\">Groenlandia cuenta con yacimientos de tierras raras a\u00fan sin explotar y podr\u00eda ser un actor clave a medida que el deshielo polar \u2014resultado del cambio clim\u00e1tico\u2014 abre nuevas rutas mar\u00edtimas.<\/p>\n\n\n\n<p class=\"wp-block-paragraph\">Groenlandia, situada en el hemisferio occidental, tiene el tama\u00f1o del mayor estado de Estados Unidos, Alaska, y una poblaci\u00f3n de solo 57.000 habitantes. Su integraci\u00f3n situar\u00eda a Estados Unidos por delante de China como el tercer pa\u00eds con mayor superficie terrestre, tras Rusia y Canad\u00e1.<\/p>\n\n\n\n<p class=\"wp-block-paragraph\">Sin embargo, hace un a\u00f1o, el 85 % de los groenlandeses afirm\u00f3 oponerse a unirse a Estados Unidos, seg\u00fan una encuesta publicada en la prensa danesa y groenlandesa.<\/p>\n\n\n\n<figure class=\"wp-block-image size-large\"><img loading=\"lazy\" decoding=\"async\" width=\"1024\" height=\"683\" src=\"https:\/\/europeannewsroom.com\/wp-content\/uploads\/2026\/01\/image-1-1024x683.png\" alt=\"\" class=\"wp-image-1999916\" srcset=\"https:\/\/europeannewsroom.com\/wp-content\/uploads\/2026\/01\/image-1-980x653.png 980w, https:\/\/europeannewsroom.com\/wp-content\/uploads\/2026\/01\/image-1-480x320.png 480w\" sizes=\"(min-width: 0px) and (max-width: 480px) 480px, (min-width: 481px) and (max-width: 980px) 980px, (min-width: 981px) 1024px, 100vw\" \/><\/figure>\n\n\n\n<p class=\"wp-block-paragraph\">El emblema de la OTAN en la sede de Bruselas. Al fondo, ondean las banderas de los Estados miembros. Foto: Anna Ross\/dpa<br><br>Europa teme la ruptura de la OTAN<\/p>\n\n\n\n<p class=\"wp-block-paragraph\">Representantes de seis pa\u00edses de la UE y del Reino Unido afirmaron en una declaraci\u00f3n conjunta el martes que Groenlandia pertenece a su pueblo y que solo Dinamarca y Groenlandia pueden decidir sobre cuestiones relativas a sus relaciones.<\/p>\n\n\n\n<p class=\"wp-block-paragraph\">Los l\u00edderes de Francia, Alemania, Italia, Polonia, Espa\u00f1a, Dinamarca y el Reino Unido se\u00f1alaron que la seguridad en el \u00c1rtico debe lograrse de forma colectiva, en cooperaci\u00f3n con los aliados de la OTAN, incluida Estados Unidos.<\/p>\n\n\n\n<p class=\"wp-block-paragraph\">La primera ministra danesa, Frederiksen, advirti\u00f3 de que un movimiento militar estadounidense contra Groenlandia o cualquier otro miembro de la OTAN har\u00eda a\u00f1icos la alianza, poniendo fin a \u00abtodo\u00bb, incluida la OTAN y la arquitectura de seguridad posterior a la Segunda Guerra Mundial.<\/p>\n\n\n\n<p class=\"wp-block-paragraph\">Dinamarca es miembro fundador de la OTAN y ha sido un aliado firme de Estados Unidos, incluida la controvertida decisi\u00f3n de enviar tropas para apoyar la invasi\u00f3n estadounidense de Irak en 2003.<\/p>\n\n\n\n<p class=\"wp-block-paragraph\">El presidente franc\u00e9s, Emmanuel Macron, y el primer ministro brit\u00e1nico, Keir Starmer, trataron de restar importancia a la disputa mientras asist\u00edan en Par\u00eds a las conversaciones de paz sobre Ucrania junto al enviado de Trump, Steve Witkoff, y su yerno, Jared Kushner. \u00abNo puedo imaginar un escenario en el que Estados Unidos de Am\u00e9rica se vea en la tesitura de violar la soberan\u00eda danesa\u00bb, afirm\u00f3 Macron.<\/p>\n\n\n\n<p class=\"wp-block-paragraph\">El ministro alem\u00e1n de Exteriores, Johann Wadephul, inst\u00f3 a Washington a respetar el derecho internacional, se\u00f1alando que deben mantenerse los principios de soberan\u00eda, integridad territorial e inviolabilidad de las fronteras consagrados en la Carta de la ONU.<\/p>\n\n\n\n<p class=\"wp-block-paragraph\">El presidente del Gobierno espa\u00f1ol, Pedro S\u00e1nchez, afirm\u00f3 que \u00abEspa\u00f1a estar\u00e1 siempre activamente comprometida con las Naciones Unidas y en plena solidaridad con Dinamarca y el pueblo de Groenlandia\u00bb.<\/p>\n\n\n\n<p class=\"wp-block-paragraph\">El primer ministro polaco, Donald Tusk, declar\u00f3 que ning\u00fan miembro de la OTAN deber\u00eda atacar o amenazar a otro miembro de la alianza. \u00abDe lo contrario, la OTAN perder\u00eda su sentido si dentro del pacto hubiera un conflicto o pasos agresivos mutuos\u00bb, dijo en Par\u00eds.<\/p>\n\n\n\n<p class=\"wp-block-paragraph\">Trump, en marcado contraste con anteriores presidentes estadounidenses, ha criticado a la OTAN, al verla no como un instrumento del poder estadounidense sino como pa\u00edses m\u00e1s peque\u00f1os que se aprovechan del gasto militar de Estados Unidos. \u00abSiempre estaremos ah\u00ed para la OTAN, aunque ellos no est\u00e9n ah\u00ed para nosotros\u00bb, escribi\u00f3 el mi\u00e9rcoles Trump en su plataforma Truth Social.<\/p>\n\n\n\n<h3 class=\"wp-block-heading\">Conversaciones entre Dinamarca y EE. UU. a la vista<\/h3>\n\n\n\n<p class=\"wp-block-paragraph\">Otros pa\u00edses europeos tambi\u00e9n se han pronunciado sobre la cuesti\u00f3n.<\/p>\n\n\n\n<p class=\"wp-block-paragraph\">El Gobierno portugu\u00e9s est\u00e1 totalmente alineado con la UE para rechazar los comentarios de Trump sobre Groenlandia, reafirmando que la isla \u00e1rtica \u00abpertenece a su pueblo\u00bb.<\/p>\n\n\n\n<p class=\"wp-block-paragraph\">El primer ministro esloveno, Robert Golob, expres\u00f3 su apoyo a la declaraci\u00f3n de los siete pa\u00edses. \u00abLa seguridad del \u00c1rtico puede mantenerse con los esfuerzos conjuntos de todos los aliados, incluido Estados Unidos, y sobre todo con un respeto coherente de los principios del derecho internacional y de la Carta de la ONU, como la integridad territorial, la soberan\u00eda y la inviolabilidad de las fronteras\u00bb, afirm\u00f3.<\/p>\n\n\n\n<p class=\"wp-block-paragraph\">El primer ministro croata, Andrej Plenkovi\u0107, dijo a los periodistas que no cree que deba haber \u00abuna intervenci\u00f3n estadounidense en Groenlandia\u00bb, y a\u00f1adi\u00f3 que no hay nadie dentro de la Uni\u00f3n Europea que pueda acoger o aprobar tal situaci\u00f3n. \u00abCreemos que esto no ocurrir\u00e1\u00bb, se\u00f1al\u00f3.<\/p>\n\n\n\n<p class=\"wp-block-paragraph\">Otros reaccionaron con cautela a la espera de conversaciones directas entre Dinamarca, Groenlandia y Estados Unidos.<\/p>\n\n\n\n<p class=\"wp-block-paragraph\">El primer ministro checo, Andrej Babi\u0161, afirm\u00f3: \u00abNo s\u00e9 si estas declaraciones aportar\u00e1n algo o no\u00bb, y a\u00f1adi\u00f3 que \u00abya tenemos suficientes conflictos como para tener que ocuparnos de este asunto entre aliados\u00bb. La Rep\u00fablica Checa est\u00e1 convencida de que hay margen para resolver la cuesti\u00f3n mediante el di\u00e1logo entre Dinamarca y Estados Unidos, dijo el mi\u00e9rcoles el ministro de Exteriores, Petr Macinka.<\/p>\n\n\n\n<p class=\"wp-block-paragraph\">El secretario de Estado de Estados Unidos, Marco Rubio, afirm\u00f3 el mi\u00e9rcoles que tiene previsto reunirse la pr\u00f3xima semana con representantes de Dinamarca para abordar el inter\u00e9s estadounidense en Groenlandia.<\/p>\n\n\n\n<p class=\"wp-block-paragraph\">Este art\u00edculo es una Historia Clave de ENR. El contenido se basa en informaci\u00f3n publicada por las agencias participantes en ENR.<br><\/p>\n","protected":false},"excerpt":{"rendered":"<p>por enr con AFP, ANSA, BTA, CTK, dpa, Europa Press, HINA, Lusa, MIA, PAP, Ritzau, STA | 09.ene 2026 | Historias clave Casas coloridas cubiertas de nieve en Nuuk, la capital de Groenlandia, vistas desde el mar. Foto: Evgeniy Maloletka\/AP\/dpa Estados Unidos no se anda con rodeos: quiere Groenlandia. Dinamarca y Groenlandia \u2014con el respaldo [&hellip;]<\/p>\n","protected":false},"author":193,"featured_media":2020393,"comment_status":"closed","ping_status":"closed","sticky":false,"template":"","format":"standard","meta":{"_acf_changed":true,"_et_pb_use_builder":"","_et_pb_old_content":"","_et_gb_content_width":"","footnotes":""},"categories":[39],"tags":[22959,22958,22957,16795,363],"class_list":["post-1999871","post","type-post","status-publish","format-standard","has-post-thumbnail","hentry","category-key-story","tag-dinamarca","tag-groenlandia","tag-otan","tag-trump-4","tag-ue"],"acf":[],"_links":{"self":[{"href":"https:\/\/europeannewsroom.com\/es\/wp-json\/wp\/v2\/posts\/1999871","targetHints":{"allow":["GET"]}}],"collection":[{"href":"https:\/\/europeannewsroom.com\/es\/wp-json\/wp\/v2\/posts"}],"about":[{"href":"https:\/\/europeannewsroom.com\/es\/wp-json\/wp\/v2\/types\/post"}],"author":[{"embeddable":true,"href":"https:\/\/europeannewsroom.com\/es\/wp-json\/wp\/v2\/users\/193"}],"replies":[{"embeddable":true,"href":"https:\/\/europeannewsroom.com\/es\/wp-json\/wp\/v2\/comments?post=1999871"}],"version-history":[{"count":0,"href":"https:\/\/europeannewsroom.com\/es\/wp-json\/wp\/v2\/posts\/1999871\/revisions"}],"wp:featuredmedia":[{"embeddable":true,"href":"https:\/\/europeannewsroom.com\/es\/wp-json\/wp\/v2\/media\/2020393"}],"wp:attachment":[{"href":"https:\/\/europeannewsroom.com\/es\/wp-json\/wp\/v2\/media?parent=1999871"}],"wp:term":[{"taxonomy":"category","embeddable":true,"href":"https:\/\/europeannewsroom.com\/es\/wp-json\/wp\/v2\/categories?post=1999871"},{"taxonomy":"post_tag","embeddable":true,"href":"https:\/\/europeannewsroom.com\/es\/wp-json\/wp\/v2\/tags?post=1999871"}],"curies":[{"name":"wp","href":"https:\/\/api.w.org\/{rel}","templated":true}]}}