{"id":2010356,"date":"2026-01-12T17:40:41","date_gmt":"2026-01-12T16:40:41","guid":{"rendered":"https:\/\/europeannewsroom.com\/?p=2010356"},"modified":"2026-01-12T17:40:46","modified_gmt":"2026-01-12T16:40:46","slug":"sanchez-defiende-que-la-ue-debe-mantener-relacion-de-igualdad-con-eeuu-no-de-vasallaje","status":"publish","type":"post","link":"https:\/\/europeannewsroom.com\/es\/sanchez-defiende-que-la-ue-debe-mantener-relacion-de-igualdad-con-eeuu-no-de-vasallaje\/","title":{"rendered":"S\u00e1nchez defiende que la UE debe mantener relaci\u00f3n de igualdad con EEUU, no de \u00abvasallaje\u00bb"},"content":{"rendered":"\n<p class=\"wp-block-paragraph\">El presidente del Gobierno espa\u00f1ol, <strong>Pedro S\u00e1nchez<\/strong>, defendi\u00f3 este lunes que la Uni\u00f3n Europea debe seguir una relaci\u00f3n de igual a igual con Estados Unidos, no de \u00abvasallaje\u00bb de los europeos ante la administraci\u00f3n que ahora encabeza <strong>Donald Trump<\/strong>.<\/p>\n\n\n\n<p class=\"wp-block-paragraph\">S\u00e1nchez mostr\u00f3 su convicci\u00f3n de los beneficios de ese pro-atlantismo en la rueda de prensa que ofreci\u00f3 junto a su hom\u00f3logo griego, <strong>Kyriakos Mitsotakis<\/strong>, tras la reuni\u00f3n que ambos mantuvieron en el Palacio de la Moncloa (sede presidencial) y en la que el an\u00e1lisis de la situaci\u00f3n geopol\u00edtica actual ha sido uno de sus ejes.<\/p>\n\n\n\n<p class=\"wp-block-paragraph\">Adem\u00e1s de cuestiones como Ucrania y Venezuela, ambos jefes de Gobierno abordaron las aspiraciones de Trump sobre Groenlandia, despu\u00e9s de que el presidente de Estados Unidos afirmara su determinaci\u00f3n de controlar este territorio \u00abpor las buenas o por las malas\u00bb.<\/p>\n\n\n\n<p class=\"wp-block-paragraph\">El jefe del Ejecutivo espa\u00f1ol record\u00f3 que Madrid firm\u00f3 la pasada semana una declaraci\u00f3n junto a otros pa\u00edses europeos sobre este asunto y se mostr\u00f3 convencido de que se puede garantizar la seguridad en el \u00c1rtico.<\/p>\n\n\n\n<p class=\"wp-block-paragraph\">A su juicio, lo fundamental es ser conscientes de que la seguridad colectiva no es contradictoria con la seguridad de un pa\u00eds como Estados Unidos.<\/p>\n\n\n\n<p class=\"wp-block-paragraph\">\u00abSomos un Gobierno pro-atlantista que defendemos la vigencia y el vigor de la Alianza Atl\u00e1ntica, pero esa relaci\u00f3n no admite desigualdades y es importante trabajar conjuntamente desde el respeto y teniendo en cuenta la comuni\u00f3n de valores y principios de todos los pa\u00edses occidentales\u00bb, a\u00f1adi\u00f3 antes de insistir en su idea de que no puede haber una relaci\u00f3n de \u00abvasallaje\u00bb, sino de igual a igual.<\/p>\n\n\n\n<p class=\"wp-block-paragraph\">La defensa de esos valores cree que debe aplicarse tanto ante las aspiraciones del presidente ruso, <strong>Vlad\u00edmir Putin<\/strong>, o \u00abante cualquier otra cuesti\u00f3n que tenga que ver con la violaci\u00f3n del Derecho Internacional\u00bb, en alusi\u00f3n a las pretensiones de Trump con Groenlandia.<\/p>\n\n\n\n<p class=\"wp-block-paragraph\">Por su parte, Mitsotakis apunt\u00f3 que el futuro de Groenlandia le corresponde decidirlo a este territorio y a Dinamarca, y que la Uni\u00f3n Europea debe estar en primera l\u00ednea en la defensa del territorio de todos sus estados.<\/p>\n\n\n\n<p class=\"wp-block-paragraph\">Pero se mostr\u00f3 convencido de que se pueden encontrar soluciones sobre los asuntos de seguridad en el \u00c1rtico en beneficio mutuo para ambas partes del Atl\u00e1ntico, y, ante ello, apel\u00f3 a una Uni\u00f3n Europea unida.<\/p>\n\n\n\n<p class=\"wp-block-paragraph\">Respecto a la relaci\u00f3n bilateral entre Espa\u00f1a y Grecia, los dos jefes de Gobierno destacaron el buen momento que atraviesan y la importancia de la colaboraci\u00f3n conjunta ante intereses comunes de la agenda europea.<\/p>\n\n\n\n<p class=\"wp-block-paragraph\">As\u00ed, se refirieron en concreto a la negociaci\u00f3n del pr\u00f3ximo marco presupuestario de la UE, con especial relevancia para los dos pa\u00edses sobre lo que se decida destinar a la Pol\u00edtica Agr\u00edcola Com\u00fan, o el cumplimiento del pacto migratorio<\/p>\n\n\n\n<p class=\"wp-block-paragraph\">De la misma forma, S\u00e1nchez y Mitsotakis resaltaron la transformaci\u00f3n econ\u00f3mica de Espa\u00f1a y Grecia, en cuyo contexto, el espa\u00f1ol afirm\u00f3 que ambos pa\u00edses eran considerados los \u00abenfermos de Europa\u00bb no hace muchos a\u00f1os y ahora son un referente y un motor de progreso.<\/p>\n\n\n\n<p class=\"wp-block-paragraph\">S\u00e1nchez, que destac\u00f3 asimismo la importancia del acuerdo final al que la UE ha llegado con Mercosur, coincidi\u00f3 con su hom\u00f3logo griego en la necesidad de mantener el apoyo a Ucrania y buscar la paz definitiva en Oriente Medio. (12 de enero) <\/p>\n","protected":false},"excerpt":{"rendered":"<p>El jefe del Ejecutivo espa\u00f1ol record\u00f3 que Madrid firm\u00f3 la pasada semana una declaraci\u00f3n junto a otros pa\u00edses europeos sobre este asunto y se mostr\u00f3 convencido de que se puede garantizar la seguridad en el \u00c1rtico.<\/p>\n","protected":false},"author":186,"featured_media":2010426,"comment_status":"closed","ping_status":"closed","sticky":false,"template":"","format":"standard","meta":{"_acf_changed":false,"_et_pb_use_builder":"","_et_pb_old_content":"","_et_gb_content_width":"","footnotes":""},"categories":[45],"tags":[],"class_list":["post-2010356","post","type-post","status-publish","format-standard","has-post-thumbnail","hentry","category-europe-in-brief"],"acf":[],"_links":{"self":[{"href":"https:\/\/europeannewsroom.com\/es\/wp-json\/wp\/v2\/posts\/2010356","targetHints":{"allow":["GET"]}}],"collection":[{"href":"https:\/\/europeannewsroom.com\/es\/wp-json\/wp\/v2\/posts"}],"about":[{"href":"https:\/\/europeannewsroom.com\/es\/wp-json\/wp\/v2\/types\/post"}],"author":[{"embeddable":true,"href":"https:\/\/europeannewsroom.com\/es\/wp-json\/wp\/v2\/users\/186"}],"replies":[{"embeddable":true,"href":"https:\/\/europeannewsroom.com\/es\/wp-json\/wp\/v2\/comments?post=2010356"}],"version-history":[{"count":0,"href":"https:\/\/europeannewsroom.com\/es\/wp-json\/wp\/v2\/posts\/2010356\/revisions"}],"wp:featuredmedia":[{"embeddable":true,"href":"https:\/\/europeannewsroom.com\/es\/wp-json\/wp\/v2\/media\/2010426"}],"wp:attachment":[{"href":"https:\/\/europeannewsroom.com\/es\/wp-json\/wp\/v2\/media?parent=2010356"}],"wp:term":[{"taxonomy":"category","embeddable":true,"href":"https:\/\/europeannewsroom.com\/es\/wp-json\/wp\/v2\/categories?post=2010356"},{"taxonomy":"post_tag","embeddable":true,"href":"https:\/\/europeannewsroom.com\/es\/wp-json\/wp\/v2\/tags?post=2010356"}],"curies":[{"name":"wp","href":"https:\/\/api.w.org\/{rel}","templated":true}]}}