{"id":2014763,"date":"2026-01-13T17:35:06","date_gmt":"2026-01-13T16:35:06","guid":{"rendered":"https:\/\/europeannewsroom.com\/?p=2014763"},"modified":"2026-01-13T17:35:11","modified_gmt":"2026-01-13T16:35:11","slug":"podemos-y-otros-partidos-de-izquierda-recogen-firmas-para-que-la-ue-rompa-relaciones-con-israel","status":"publish","type":"post","link":"https:\/\/europeannewsroom.com\/es\/podemos-y-otros-partidos-de-izquierda-recogen-firmas-para-que-la-ue-rompa-relaciones-con-israel\/","title":{"rendered":"Podemos y otros partidos de izquierda recogen firmas para que la UE rompa relaciones con Israel"},"content":{"rendered":"\n<p class=\"wp-block-paragraph\">Madrid \u2013 Podemos, La Francia Insumisa y el Bloco portugu\u00e9s han lanzado, junto a otras formaciones de izquierda europea, una recogida de firmas a nivel comunitario para exigir a la Uni\u00f3n Europa (UE) la ruptura del acuerdo de asociaci\u00f3n con Israel<\/p>\n\n\n\n<p class=\"wp-block-paragraph\">Seg\u00fan ha informado el partido &#8216;morado&#8217;, esta iniciativa parte de la Alianza Europea de la Izquierda (ELA), nueva formaci\u00f3n a nivel europeo que agrupa a varias formaciones de la izquierda alternativa, entre las que figura Podemos junto a sus aliados galos y portugueses.<\/p>\n\n\n\n<p class=\"wp-block-paragraph\">Concretamente, lanzan la recogida de apoyos a una Iniciativa Ciudadana Europea, similar a la Iniciativa Legislativa Popular espa\u00f1ola, y que requiere de un m\u00ednimo de un mill\u00f3n de apoyos de ciudadanos europeos para solicitar formalmente una propuesta legislatura a la Comisi\u00f3n Europea, que debe dar una respuesta de si la acepta o la rechaza.<\/p>\n\n\n\n<p class=\"wp-block-paragraph\">Esta previsto que la recogida de firmas llegue a ocho pa\u00edses europeos: Espa\u00f1a, Portugal, Francia, Italia, Suecia, Polonia, Dinamarca y Finlandia.<\/p>\n\n\n\n<p class=\"wp-block-paragraph\">En el caso de Espa\u00f1a se requiere la captaci\u00f3n de 43.290 firmas, que durante doce meses ser\u00e1n recogidas f\u00edsicamente o de forma telem\u00e1tica.<\/p>\n\n\n\n<p class=\"wp-block-paragraph\">Las formaciones han presentado esta Iniciativa Ciudadana en un acto que ha contado con la participaci\u00f3n de la eurodiputada de Podemos y exministra de Igualdad <strong>Irene Montero<\/strong>.<\/p>\n\n\n\n<p class=\"wp-block-paragraph\">\u00abLanzamos esta Iniciativa Ciudadana Europea para exigir que Europa deje de comerciar con genocidas rompiendo el acuerdo comercial con Israel, para exigir la ruptura total de las relaciones &#8211;tambi\u00e9n militares y diplom\u00e1ticas&#8211;, y un embargo total de armas\u00bb, ha apostillado.<\/p>\n\n\n\n<p class=\"wp-block-paragraph\">Es m\u00e1s, ha agregado que no deber\u00eda haber ni un solo representante en suelo europeo de Israel y que tambi\u00e9n hay que terminar con la \u00abocupaci\u00f3n ilegal de Palestina\u00bb.<\/p>\n\n\n\n<p class=\"wp-block-paragraph\">\u00abNosotras diremos que (el genocidio) no se hizo en nuestro nombre y con nuestro silencio. Les pedimos a los pueblos de Europa que con su firma en esta iniciativa act\u00faen contra el genocidio\u00bb, ha concluido <strong>Montero<\/strong>. (13 de enero)<\/p>\n","protected":false},"excerpt":{"rendered":"<p>Madrid \u2013 Podemos, La Francia Insumisa y el Bloco portugu\u00e9s han lanzado, junto a otras formaciones de izquierda europea, una recogida de firmas a nivel comunitario para exigir a la Uni\u00f3n Europa (UE) la ruptura del acuerdo de asociaci\u00f3n con Israel Seg\u00fan ha informado el partido &#8216;morado&#8217;, esta iniciativa parte de la Alianza Europea de [&hellip;]<\/p>\n","protected":false},"author":181,"featured_media":1624071,"comment_status":"closed","ping_status":"closed","sticky":false,"template":"","format":"standard","meta":{"_acf_changed":false,"_et_pb_use_builder":"","_et_pb_old_content":"","_et_gb_content_width":"","footnotes":""},"categories":[45],"tags":[],"class_list":["post-2014763","post","type-post","status-publish","format-standard","has-post-thumbnail","hentry","category-europe-in-brief"],"acf":[],"_links":{"self":[{"href":"https:\/\/europeannewsroom.com\/es\/wp-json\/wp\/v2\/posts\/2014763","targetHints":{"allow":["GET"]}}],"collection":[{"href":"https:\/\/europeannewsroom.com\/es\/wp-json\/wp\/v2\/posts"}],"about":[{"href":"https:\/\/europeannewsroom.com\/es\/wp-json\/wp\/v2\/types\/post"}],"author":[{"embeddable":true,"href":"https:\/\/europeannewsroom.com\/es\/wp-json\/wp\/v2\/users\/181"}],"replies":[{"embeddable":true,"href":"https:\/\/europeannewsroom.com\/es\/wp-json\/wp\/v2\/comments?post=2014763"}],"version-history":[{"count":0,"href":"https:\/\/europeannewsroom.com\/es\/wp-json\/wp\/v2\/posts\/2014763\/revisions"}],"wp:featuredmedia":[{"embeddable":true,"href":"https:\/\/europeannewsroom.com\/es\/wp-json\/wp\/v2\/media\/1624071"}],"wp:attachment":[{"href":"https:\/\/europeannewsroom.com\/es\/wp-json\/wp\/v2\/media?parent=2014763"}],"wp:term":[{"taxonomy":"category","embeddable":true,"href":"https:\/\/europeannewsroom.com\/es\/wp-json\/wp\/v2\/categories?post=2014763"},{"taxonomy":"post_tag","embeddable":true,"href":"https:\/\/europeannewsroom.com\/es\/wp-json\/wp\/v2\/tags?post=2014763"}],"curies":[{"name":"wp","href":"https:\/\/api.w.org\/{rel}","templated":true}]}}