{"id":2017756,"date":"2026-01-14T13:52:50","date_gmt":"2026-01-14T12:52:50","guid":{"rendered":"https:\/\/europeannewsroom.com\/?p=2017756"},"modified":"2026-01-14T14:32:29","modified_gmt":"2026-01-14T13:32:29","slug":"sanchez-anuncia-medidas-ante-el-reto-del-relevo-generacional-en-el-campo-y-pide-destinar-el-10-de-la-pac","status":"publish","type":"post","link":"https:\/\/europeannewsroom.com\/es\/sanchez-anuncia-medidas-ante-el-reto-del-relevo-generacional-en-el-campo-y-pide-destinar-el-10-de-la-pac\/","title":{"rendered":"S\u00e1nchez anuncia medidas ante el reto del relevo generacional en el campo y pide destinar el 10% de la PAC"},"content":{"rendered":"\n<p class=\"wp-block-paragraph\">Madrid \u2013 El presidente del Gobierno, <strong>Pedro S\u00e1nchez<\/strong>, ha anunciado la puesta en marcha de un paquete de medidas para impulsar el reto \u00aburgente\u00bb del relevo generacional en la agricultura y ganader\u00eda espa\u00f1ola, con la creaci\u00f3n de &#8216;Tierra Joven&#8217;, una plataforma de informaci\u00f3n y movilizaci\u00f3n de tierras agrarias, al tiempo que propondr\u00e1 que la nueva Pol\u00edtica Agraria Com\u00fan (PAC) destine un 10% de sus recursos al relevo generacional en el sector agrario.<\/p>\n\n\n\n<p class=\"wp-block-paragraph\">\u00abEl Gobierno va a apoyar decididamente a los j\u00f3venes que quieran elegir este camino, d\u00e1ndoles todas las facilidades y las posibilidades para que apliquen su talento y para que emprendan. Llevar a los j\u00f3venes a este sector, nos sale a cuenta como pa\u00eds, porque son el presente y el futuro de nuestro campo\u00bb, ha asegurado <strong>S\u00e1nchez<\/strong>, que ha reiterado la necesidad de otorgar la \u00abm\u00e1xima prioridad\u00bb a este reto \u00aburgente\u00bb y \u00abnecesario\u00bb del relevo generacional en el medio rural.<br><br>As\u00ed, lo ha anunciado durante la clausura del acto de presentaci\u00f3n de las medidas para facilitar el acceso de j\u00f3venes a la actividad agraria, que se ha celebrado en el iHub La Vega Innova, en San Fernando de Henares (Madrid), y que ha contado con la presencia del ministro de Agricultura, Pesca y Alimentaci\u00f3n, <strong>Luis Planas<\/strong>.<\/p>\n\n\n\n<p class=\"wp-block-paragraph\"><strong>S\u00e1nchez<\/strong>, que ha mantenido un encuentro con j\u00f3venes agricultores y ganaderos, ha recordado que el 40% de los titulares de explotaciones agrarias en Espa\u00f1a tiene m\u00e1s de 65 a\u00f1os de edad y s\u00f3lo el 9% tiene menos de 41 a\u00f1os, un \u00abfen\u00f3meno com\u00fan a muchos otros pa\u00edses del entorno\u00bb, y ha destacado que la motivaci\u00f3n de la Estrategia de Relevo Generacional en la Agricultura, impulsada por la Comisi\u00f3n, se ha marcado como objetivo duplicar la proporci\u00f3n de j\u00f3venes agricultores en la UE para 2040.<\/p>\n\n\n\n<p class=\"wp-block-paragraph\">\u00abCuando los j\u00f3venes se incorporan a este sector, hay explotaciones m\u00e1s productivas, m\u00e1s valor a\u00f1adido, m\u00e1s empleo, m\u00e1s innovaci\u00f3n y m\u00e1s sostenibilidad\u00bb, ha recalcado.<\/p>\n\n\n\n<h2 class=\"wp-block-heading\">Movilizaci\u00f3n de 17.000 fincas r\u00fasticas del Estado<\/h2>\n\n\n\n<p class=\"wp-block-paragraph\">Entre las medidas anunciadas por el presidente del Gobierno tambi\u00e9n destaca la movilizaci\u00f3n de tierras agrarias propiedad del Estado, que ha cifrado en cerca de 17.000 fincas r\u00fasticas, para ponerlas a disposici\u00f3n de los j\u00f3venes a trav\u00e9s de la plataforma &#8216;Tierra Joven&#8217;. \u00abEsta es una medida similar a lo que hemos hecho en la pol\u00edtica de vivienda, donde hemos dicho a todos los Ministerios, que miren que suelos tienen para ponerlos a disposici\u00f3n de una causa com\u00fan, como es la construcci\u00f3n de viviendas\u00bb, ha precisado.<\/p>\n\n\n\n<p class=\"wp-block-paragraph\"><strong>S\u00e1nchez<\/strong> ha adelantado que se abrir\u00e1 un proceso de di\u00e1logo con las comunidades aut\u00f3nomas, con el sector y con todos los actores para acordar un modelo que facilite el acceso a los j\u00f3venes a estas tierras.<br><br>\u00abVamos a predicar con el ejemplo, no nos vamos a abstraer de este reto, porque vamos a liderar esa plataforma con la puesta en com\u00fan de estas fincas, dando preferencia a j\u00f3venes y mujeres, para que esas tierras puedan convertirse en proyectos que generen empleo y econom\u00eda\u00bb, ha subrayado.<\/p>\n\n\n\n<p class=\"wp-block-paragraph\">Entre las medidas anunciadas por el Gobierno destaca la puesta en marcha de la plataforma &#8216;Tierra Joven&#8217;, que llega para atajar el \u00abgran obst\u00e1culo\u00bb para la incorporaci\u00f3n efectiva de los j\u00f3venes al sector agrario como es el acceso a la tierra.<\/p>\n\n\n\n<p class=\"wp-block-paragraph\">Esta plataforma de Informaci\u00f3n y Movilizaci\u00f3n de Tierras Agrarias, que ser\u00e1 liderada por el Ministerio de Agricultura, en colaboraci\u00f3n con el sector, las comunidades aut\u00f3nomas y otros ministerios implicados, permitir\u00e1 difundir la oferta y la demanda, y ofrecer\u00e1 informaci\u00f3n homog\u00e9nea, transparente y unificada sobre el mercado de tierras agrarias en Espa\u00f1a.<br><br>Seg\u00fan ha explicado, se pondr\u00e1 en marcha \u00abde manera inmediata\u00bb a lo largo de los primeros meses del a\u00f1o, con la aprobaci\u00f3n de un real decreto que regule sus contenidos y se consolidar\u00e1 en la futura Ley de Agricultura Familiar, con la creaci\u00f3n de una Oficina de Informaci\u00f3n y Transmisi\u00f3n de tierras agrarias, similar a las que existen en otros pa\u00edses como Francia, Alemania, Italia, B\u00e9lgica o Polonia.<\/p>\n\n\n\n<h2 class=\"wp-block-heading\">Destinar el 10% de la PAC al relevo generacional<\/h2>\n\n\n\n<p class=\"wp-block-paragraph\">Adem\u00e1s, el Gobierno va a proponer que la nueva Pol\u00edtica Agraria Com\u00fan (PAC) destine un 10% de sus recursos al relevo generacional, muy por encima del 6% propuesto por la Comisi\u00f3n Europea.<\/p>\n\n\n\n<p class=\"wp-block-paragraph\">\u00abEspa\u00f1a est\u00e1 defendiendo que el presupuesto comunitario sea del 2% de la renta nacional bruta disponible. Estamos muy solos porque hay muchos gobiernos que, bajo ese falso argumento de la renacionalizaci\u00f3n de competencias y una falsa recuperaci\u00f3n de soberan\u00eda, lo que est\u00e1n haciendo es debilitar el presupuesto comunitario. Hay que apostar por un discurso europe\u00edsta, los presupuestos comunitarios tienen que ser mayores porque los retos son cada vez mayores y m\u00e1s acuciantes\u00bb, ha defendido <strong>S\u00e1nchez<\/strong>.<\/p>\n\n\n\n<blockquote class=\"wp-block-quote is-layout-flow wp-block-quote-is-layout-flow\">\n<p class=\"wp-block-paragraph\">Espa\u00f1a no va a permitir que se debilite la PAC<\/p>\n<\/blockquote>\n\n\n\n<p class=\"wp-block-paragraph\">El presidente del Gobierno ha reiterado que la PAC \u00abes y debe seguir siendo uno de los mejores legados del proyecto europeo y es, por encima de todo, una inversi\u00f3n en seguridad y soberan\u00eda\u00bb. \u00abAquellos que defienden la renacionalizaci\u00f3n de pol\u00edticas comunitarias deben saber que la PAC es la primera pol\u00edtica com\u00fan europea y gobiernos proeruope\u00edstas, como el de Espa\u00f1a, nunca va a permitir que se debilite la PAC\u00bb, ha recalcado.<\/p>\n\n\n\n<p class=\"wp-block-paragraph\">\u00abInsisto en un presupuesto que tiene que ser necesariamente mayor y que debe representar el 2%, porque hay gobiernos que defienden un 5% para otras cosas, pues defendamos un 2% de presupuesto comunitario\u00bb, ha aseverado durante su intervenci\u00f3n.<\/p>\n\n\n\n<p class=\"wp-block-paragraph\">El presidente del Gobierno tambi\u00e9n ha recordado el 40 aniversario de la adhesi\u00f3n de Espa\u00f1a a la Uni\u00f3n Europea, que ha servido para \u00abprogresar, modernizar, construir cohesi\u00f3n social y territorial gracias a fondos que desgraciadamente hoy est\u00e1n puestos en cuesti\u00f3n, por la propuesta que se ha hecho por parte de la Comisi\u00f3n Europea, como son los Fondos de Cohesi\u00f3n o la PAC\u00bb. (14 de enero)<\/p>\n","protected":false},"excerpt":{"rendered":"<p>El Gobierno pondr\u00e1 a disposici\u00f3n de los j\u00f3venes 17.000 fincas r\u00fasticas propiedad del Estado<\/p>\n","protected":false},"author":181,"featured_media":1592753,"comment_status":"closed","ping_status":"closed","sticky":false,"template":"","format":"standard","meta":{"_acf_changed":false,"_et_pb_use_builder":"","_et_pb_old_content":"","_et_gb_content_width":"","footnotes":""},"categories":[45],"tags":[],"class_list":["post-2017756","post","type-post","status-publish","format-standard","has-post-thumbnail","hentry","category-europe-in-brief"],"acf":[],"_links":{"self":[{"href":"https:\/\/europeannewsroom.com\/es\/wp-json\/wp\/v2\/posts\/2017756","targetHints":{"allow":["GET"]}}],"collection":[{"href":"https:\/\/europeannewsroom.com\/es\/wp-json\/wp\/v2\/posts"}],"about":[{"href":"https:\/\/europeannewsroom.com\/es\/wp-json\/wp\/v2\/types\/post"}],"author":[{"embeddable":true,"href":"https:\/\/europeannewsroom.com\/es\/wp-json\/wp\/v2\/users\/181"}],"replies":[{"embeddable":true,"href":"https:\/\/europeannewsroom.com\/es\/wp-json\/wp\/v2\/comments?post=2017756"}],"version-history":[{"count":0,"href":"https:\/\/europeannewsroom.com\/es\/wp-json\/wp\/v2\/posts\/2017756\/revisions"}],"wp:featuredmedia":[{"embeddable":true,"href":"https:\/\/europeannewsroom.com\/es\/wp-json\/wp\/v2\/media\/1592753"}],"wp:attachment":[{"href":"https:\/\/europeannewsroom.com\/es\/wp-json\/wp\/v2\/media?parent=2017756"}],"wp:term":[{"taxonomy":"category","embeddable":true,"href":"https:\/\/europeannewsroom.com\/es\/wp-json\/wp\/v2\/categories?post=2017756"},{"taxonomy":"post_tag","embeddable":true,"href":"https:\/\/europeannewsroom.com\/es\/wp-json\/wp\/v2\/tags?post=2017756"}],"curies":[{"name":"wp","href":"https:\/\/api.w.org\/{rel}","templated":true}]}}