{"id":202820,"date":"2024-02-10T13:35:02","date_gmt":"2024-02-10T12:35:02","guid":{"rendered":"https:\/\/europeannewsroom.dpa.com\/?p=202820"},"modified":"2024-02-10T13:35:07","modified_gmt":"2024-02-10T12:35:07","slug":"lo-que-esta-en-juego-en-el-objetivo-climatico-de-la-ue-para-2040-2","status":"publish","type":"post","link":"https:\/\/europeannewsroom.com\/es\/lo-que-esta-en-juego-en-el-objetivo-climatico-de-la-ue-para-2040-2\/","title":{"rendered":"Lo que est\u00e1 en juego en el objetivo clim\u00e1tico de la UE para 2040"},"content":{"rendered":"\n<p class=\"wp-block-paragraph\">El bloque de los 27 se ha comprometido a ser neutro en emisiones de carbono para 2050 y ha fijado un primer objetivo intermedio para 2030: reducir las emisiones de gases de efecto invernadero en un 55% respecto a los niveles de 1990.\u00a0<\/p>\n\n\n\n<p class=\"wp-block-paragraph\">Para el siguiente objetivo, 2040, la Comisi\u00f3n Europea aspira a una reducci\u00f3n neta del 90%. Este anuncio se produjo mientras la revuelta extendida de los agricultores empa\u00f1aba la transici\u00f3n del bloque hacia un futuro m\u00e1s ecol\u00f3gico. Los agricultores protestaron ante el edificio del Parlamento Europeo, enfadados por la ca\u00edda de sus ingresos, el aumento de los costes y lo que consideran una normativa ecol\u00f3gica cada vez m\u00e1s onerosa.<\/p>\n\n\n\n<p class=\"wp-block-paragraph\">El Comisario europeo de Clima, <strong>Wopke Hoekstra<\/strong>, declar\u00f3 que el bloque se esforzar\u00e1 por lograr una \u00abtransici\u00f3n justa\u00bb que permita prosperar a las empresas y garantice que \u00abnadie se quede atr\u00e1s\u00bb.<\/p>\n\n\n\n<p class=\"wp-block-paragraph\">Como una muestra de la tensi\u00f3n pol\u00edtica que se ha vuelto el tema medioambiental, la Presidenta de la Comisi\u00f3n Europea, <strong>Ursula von der Leyen<\/strong>, el martes cedi\u00f3 al enterrar un plan para reducir a la mitad el uso de pesticidas qu\u00edmicos para finales de esta d\u00e9cada. Reconoci\u00f3 que la propuesta \u00abse ha convertido en un s\u00edmbolo de polarizaci\u00f3n\u00bb, y que la legislaci\u00f3n se ha estancado en medio de las divisiones entre los legisladores de la UE y los pa\u00edses miembros. El creciente descontento podr\u00eda obstaculizar los intentos de adoptar el objetivo de reducir las emisiones en un 90% para 2040.<\/p>\n\n\n\n<p class=\"wp-block-paragraph\">La Comisi\u00f3n declar\u00f3 que el nuevo objetivo reducir\u00eda las muertes prematuras que se producen cada a\u00f1o debido a la mala calidad del aire de 466.000 en 2015 a 196.000 en 2040. Tambi\u00e9n considera que la propuesta env\u00eda \u00abse\u00f1ales claras\u00bb y que el mercado de las tecnolog\u00edas limpias crecer\u00e1 hasta aproximadamente 600.000 millones de euros en 2030.&nbsp;<\/p>\n\n\n\n<p class=\"wp-block-paragraph\">Bruselas afirma que la UE destina actualmente el 4 % de su PIB a la importaci\u00f3n de hidrocarburos, y se\u00f1ala que entre 2030 y 2050 la UE tendr\u00e1 que invertir anualmente un 1,5 % adicional de su producto interior bruto en la transici\u00f3n energ\u00e9tica. Por ello, sugiere liberar recursos \u00abde usos menos sostenibles, como las subvenciones a los combustibles f\u00f3siles\u00bb.<\/p>\n\n\n\n<p class=\"wp-block-paragraph\">La propuesta, que alimentar\u00e1 el debate preelectoral, debe ser aprobada por los Estados miembros y el Parlamento Europeo. Rebaja ligeramente el nivel de ambici\u00f3n respecto a anteriores borradores y elimina las referencias directas a los esfuerzos que debe realizar el sector agr\u00edcola.<\/p>\n\n\n\n<p class=\"wp-block-paragraph\">Los partidos de extrema derecha y antisistema se han aferrado al movimiento de los agricultores y se prev\u00e9 que obtengan grandes ganancias en las elecciones europeas de junio. <strong>Matteo Salvini<\/strong>, l\u00edder del partido italiano de derechas y antieuropeo Liga, aprovech\u00f3 las protestas de los agricultores de toda Europa para arremeter contra la UE. \u00abVivan los agricultores, cuyos tractores obligan a Europa a dar marcha atr\u00e1s en la locura impuesta por las multinacionales y la izquierda\u00bb, dijo.&nbsp;<\/p>\n\n\n\n<h3 class=\"wp-block-heading\">Reacci\u00f3n<\/h3>\n\n\n\n<p class=\"wp-block-paragraph\">La reacci\u00f3n de algunos sectores industriales ante las pol\u00edticas clim\u00e1ticas de la UE es cada vez m\u00e1s fuerte, y varios l\u00edderes nacionales piden ahora una \u00abpausa\u00bb en las nuevas normas medioambientales.<\/p>\n\n\n\n<p class=\"wp-block-paragraph\">Once pa\u00edses de la UE, a iniciativa de Dinamarca y entre ellos Francia, Alemania, Espa\u00f1a y Eslovenia, han enviado una carta conjunta a Bruselas en la que afirmaban que la transici\u00f3n hacia un objetivo \u00abambicioso\u00bb para 2040 debe ser \u00abjusta y equitativa\u00bb y \u00abno dejar a nadie atr\u00e1s, especialmente a los ciudadanos m\u00e1s vulnerables\u00bb.<\/p>\n\n\n\n<h3 class=\"wp-block-heading\">La ambici\u00f3n se qued\u00f3 corta para los grupos ecologistas&nbsp;<\/h3>\n\n\n\n<p class=\"wp-block-paragraph\">Pero para los grupos ecologistas, la ambici\u00f3n de la Comisi\u00f3n se qued\u00f3 muy corta, por ejemplo por la ausencia de una fecha l\u00edmite para la eliminaci\u00f3n progresiva de los combustibles f\u00f3siles y las subvenciones relacionadas. \u00abEs tan significativo como un objetivo de prevenci\u00f3n del c\u00e1ncer de pulm\u00f3n sin ning\u00fan plan para acabar con el tabaquismo\u00bb, declar\u00f3 <strong>Silvia Pastorelli<\/strong>, de Greenpeace.<\/p>\n\n\n\n<p class=\"wp-block-paragraph\">El Fondo Mundial para la Naturaleza (WWF) afirm\u00f3 que, en un momento en que el organismo de la ONU encargado del cambio clim\u00e1tico aspira a limitar el calentamiento global a 1,5 grados cent\u00edgrados por encima de los niveles preindustriales y \u00abteniendo en cuenta la responsabilidad de la UE en las emisiones hist\u00f3ricas, ser\u00eda m\u00e1s justo aspirar a cero emisiones netas para 2040\u00bb.<\/p>\n\n\n\n<p class=\"wp-block-paragraph\">Lament\u00f3 que la Comisi\u00f3n abandonara el objetivo de reducir las emisiones agr\u00edcolas -que representan el 11 % de las emisiones totales de la UE- en un 30 %, como se hab\u00eda evocado en un documento de trabajo anterior.<\/p>\n\n\n\n<p class=\"wp-block-paragraph\">Por su parte, la Organizaci\u00f3n Europea de Consumidores (BEUC) afirm\u00f3 que \u00abpor mucho que la Comisi\u00f3n intente tratar a los agricultores con guantes de seda, los hechos son tozudos: nuestros sistemas alimentario y agr\u00edcola contribuyen en gran medida al impacto clim\u00e1tico de la UE\u00bb.<\/p>\n\n\n\n<h3 class=\"wp-block-heading\">Los agricultores b\u00falgaros&nbsp;<\/h3>\n\n\n\n<p class=\"wp-block-paragraph\">El gobierno b\u00falgaro negoci\u00f3 con la Asociaci\u00f3n Nacional B\u00falgara de Productores de Cereales y, seg\u00fan el Primer Ministro, <strong>Nikolay Denkov<\/strong>, ya hay consenso con los agricultores sobre los principales puntos. Sin embargo, tras la reuni\u00f3n del martes, los agricultores iniciaron protestas, bloqueando carreteras por todo el pa\u00eds, ya que dicen no estar de acuerdo en algunos de los puntos.<\/p>\n\n\n\n<p class=\"wp-block-paragraph\">Los agricultores exigen ayudas financieras, as\u00ed como cambios legislativos y una revisi\u00f3n del Pacto Verde. Una de las principales demandas es que el Gobierno b\u00falgaro impulse la equiparaci\u00f3n de las subvenciones y las ayudas a los productores de cereales en toda la UE. Adem\u00e1s, quieren cambios y una relajaci\u00f3n de las normas del Pacto Verde de la UE que exigen la rotaci\u00f3n y diversificaci\u00f3n de cultivos y minimizar la proporci\u00f3n de tierra cultivable destinada a fines no productivos.&nbsp;<\/p>\n\n\n\n<p class=\"wp-block-paragraph\">Denkov se mostr\u00f3 de acuerdo en negociar con la Comisi\u00f3n Europea una flexibilizaci\u00f3n de los nuevos requisitos medioambientales.<\/p>\n\n\n\n<h3 class=\"wp-block-heading\">El Ministro dan\u00e9s de Clima celebra el nuevo objetivo de la UE para 2040<\/h3>\n\n\n\n<p class=\"wp-block-paragraph\">El ministro dan\u00e9s de Clima, <strong>Lars Aagaard<\/strong>, afirm\u00f3 que el anuncio de la Comisi\u00f3n llega en un momento de una batalla por el clima en la UE: \u00abVemos manifestaciones en las capitales europeas y Gobiernos que reducen sus ambiciones\u00bb, dijo. A\u00f1adi\u00f3 que \u00abesto est\u00e1 ocurriendo en pa\u00edses que tradicionalmente han sido ambiciosos en la agenda clim\u00e1tica. Pero no debemos perder la batalla, y por eso me complace que la Comisi\u00f3n siga la recomendaci\u00f3n de Dinamarca de fijar un objetivo ambicioso\u00bb.<\/p>\n\n\n\n<p class=\"wp-block-paragraph\">Rechaz\u00f3 la idea de que el anuncio pueda da\u00f1ar la credibilidad del nuevo objetivo clim\u00e1tico, ya que el primero a\u00fan no se ha concretado. \u00abCrear confianza en que la pol\u00edtica clim\u00e1tica continuar\u00e1 despu\u00e9s de 2030 crea credibilidad para el objetivo de 2030\u00bb, dijo. El nuevo y elevado objetivo llega en un momento en el que varios pa\u00edses ya tienen dificultades para cumplir el objetivo de reducci\u00f3n del 55 % para 2030. Dinamarca tampoco ha mostrado a\u00fan el camino hacia una reducci\u00f3n significativa de las emisiones de CO2.<\/p>\n\n\n\n<figure class=\"wp-block-image size-full\"><img loading=\"lazy\" decoding=\"async\" width=\"1024\" height=\"561\" src=\"https:\/\/europeannewsroom.com\/wp-content\/uploads\/2024\/02\/image-8.png\" alt=\"\" class=\"wp-image-202821\" srcset=\"https:\/\/europeannewsroom.com\/wp-content\/uploads\/2024\/02\/image-8.png 1024w, https:\/\/europeannewsroom.com\/wp-content\/uploads\/2024\/02\/image-8-980x537.png 980w, https:\/\/europeannewsroom.com\/wp-content\/uploads\/2024\/02\/image-8-480x263.png 480w\" sizes=\"(min-width: 0px) and (max-width: 480px) 480px, (min-width: 481px) and (max-width: 980px) 980px, (min-width: 981px) 1024px, 100vw\" \/><figcaption class=\"wp-element-caption\">Un agricultor conduce un tractor sobre un campo de cebada y roc\u00eda pesticidas. Foto: Julian Stratenschulte\/dpa<\/figcaption><\/figure>\n\n\n\n<h3 class=\"wp-block-heading\">Eslovenia e Italia celebran que la UE retire el reglamento sobre pesticidas<\/h3>\n\n\n\n<p class=\"wp-block-paragraph\">El Ministro italiano de Agricultura, <strong>Francesco Lollobrigida<\/strong>, tambi\u00e9n se congratul\u00f3 el martes del anuncio de von der Leyen de retirar la propuesta de reglamento sobre pesticidas. \u00abS\u00f3lo debemos limitar m\u00e1s los productos agroqu\u00edmicos cuando seamos capaces de proteger la producci\u00f3n con m\u00e9todos alternativos\u00bb, dijo. \u00abDesde el primer d\u00eda nos hemos opuesto a un enfoque ideol\u00f3gico de la cuesti\u00f3n (de la transici\u00f3n ecol\u00f3gica) que habr\u00eda tenido un efecto devastador sobre la producci\u00f3n y un efecto muy limitado sobre el medioambiente\u00bb. La Primera Ministra italiana, <strong>Giorgia Meloni<\/strong>, calific\u00f3 la retirada de \u00abvictoria tambi\u00e9n italiana\u00bb.<\/p>\n\n\n\n<p class=\"wp-block-paragraph\">Tras el anuncio del Presidente de la Comisi\u00f3n, Eslovenia tambi\u00e9n abogar\u00e1 por el tratamiento individual del uso de pesticidas, declar\u00f3 la reci\u00e9n nombrada Ministra de Agricultura, <strong>Mateja \u010calu\u0161i\u0107<\/strong>. La ministra tambi\u00e9n subray\u00f3 que las zonas agr\u00edcolas de Eslovenia est\u00e1n fragmentadas y que, antes de adoptar una normativa, hay que saber cu\u00e1les son las alternativas para proteger los cultivos.&nbsp;<\/p>\n\n\n\n<p class=\"wp-block-paragraph\">Eslovenia tendr\u00e1 que redoblar sus esfuerzos para cumplir la recomendaci\u00f3n de la Comisi\u00f3n, seg\u00fan declar\u00f3 el martes el secretario de Estado del Ministerio de Medio Ambiente, <strong>Uro\u0161 Vajgl<\/strong>. Vajgl cree que el nuevo objetivo para 2040 es alcanzable, pero es necesario debatir c\u00f3mo lograrlo.&nbsp;<\/p>\n\n\n\n<p class=\"wp-block-paragraph\">Los representantes de los agricultores eslovenos se reunieron el martes con el ministro \u010calu\u0161i\u0107, quien aport\u00f3 algunas soluciones sobre los pagos directos. Dijo que respaldar\u00eda la propuesta de la Comisi\u00f3n seg\u00fan la cual los agricultores estar\u00edan exentos de tener que dejar algunas tierras sin cultivar en 2024, mientras que seguir\u00edan recibiendo ayuda financiera.<\/p>\n\n\n\n<h3 class=\"wp-block-heading\">\u00bfY ahora qu\u00e9?<\/h3>\n\n\n\n<p class=\"wp-block-paragraph\">La Comisi\u00f3n subray\u00f3 que, si bien el objetivo es reducir las emisiones de gases de efecto invernadero al menos un 90 % para 2040 en comparaci\u00f3n con los niveles de 1990, tambi\u00e9n hay que garantizar la competitividad de la industria europea y entablar un di\u00e1logo estrat\u00e9gico con la industria y los agricultores. El objetivo para 2040 no es una propuesta legislativa, sino inicialmente una recomendaci\u00f3n.&nbsp;<\/p>\n\n\n\n<p class=\"wp-block-paragraph\">Con el tiempo, el nuevo objetivo funcionar\u00e1 tambi\u00e9n como hoja de ruta para la pr\u00f3xima Comisi\u00f3n y orientar\u00e1 las inversiones a largo plazo en la carrera por la tecnolog\u00eda verde en la que est\u00e1n inmersos Estados Unidos, China, la Uni\u00f3n Europea y otras econom\u00edas desarrolladas.<\/p>\n\n\n\n<p class=\"wp-block-paragraph\">Mientras tanto, los agricultores de todo el bloque siguen con sus protestas.<\/p>\n\n\n\n<p class=\"wp-block-paragraph\"><em><font style=\"vertical-align: inherit;\"><font style=\"vertical-align: inherit;\">Este art\u00edculo se publica semanalmente. El contenido est\u00e1 basado en noticias de las agencias que participan en<\/font><\/font><\/em> <em><font style=\"vertical-align: inherit;\"><font style=\"vertical-align: inherit;\">la ENR.<\/font><\/font><\/em><\/p>\n","protected":false},"excerpt":{"rendered":"<p>Afectada por las protestas de los agricultores contra las reformas ecol\u00f3gicas, y a cuatro meses de las elecciones europeas, la Uni\u00f3n Europea ha anunciado esta semana sus objetivos clim\u00e1ticos para 2040 y una hoja de ruta para la pr\u00f3xima fase de su transici\u00f3n energ\u00e9tica.<\/p>\n","protected":false},"author":69,"featured_media":202805,"comment_status":"closed","ping_status":"closed","sticky":false,"template":"","format":"standard","meta":{"_acf_changed":false,"_et_pb_use_builder":"","_et_pb_old_content":"","_et_gb_content_width":"","footnotes":""},"categories":[39],"tags":[12836,12870,1491,10731,777,1423],"class_list":["post-202820","post","type-post","status-publish","format-standard","has-post-thumbnail","hentry","category-key-story","tag-agricultores","tag-agricultura-2","tag-cambio-climatico","tag-protestas","tag-ue-4","tag-von-der-leyen-2"],"acf":[],"_links":{"self":[{"href":"https:\/\/europeannewsroom.com\/es\/wp-json\/wp\/v2\/posts\/202820","targetHints":{"allow":["GET"]}}],"collection":[{"href":"https:\/\/europeannewsroom.com\/es\/wp-json\/wp\/v2\/posts"}],"about":[{"href":"https:\/\/europeannewsroom.com\/es\/wp-json\/wp\/v2\/types\/post"}],"author":[{"embeddable":true,"href":"https:\/\/europeannewsroom.com\/es\/wp-json\/wp\/v2\/users\/69"}],"replies":[{"embeddable":true,"href":"https:\/\/europeannewsroom.com\/es\/wp-json\/wp\/v2\/comments?post=202820"}],"version-history":[{"count":0,"href":"https:\/\/europeannewsroom.com\/es\/wp-json\/wp\/v2\/posts\/202820\/revisions"}],"wp:featuredmedia":[{"embeddable":true,"href":"https:\/\/europeannewsroom.com\/es\/wp-json\/wp\/v2\/media\/202805"}],"wp:attachment":[{"href":"https:\/\/europeannewsroom.com\/es\/wp-json\/wp\/v2\/media?parent=202820"}],"wp:term":[{"taxonomy":"category","embeddable":true,"href":"https:\/\/europeannewsroom.com\/es\/wp-json\/wp\/v2\/categories?post=202820"},{"taxonomy":"post_tag","embeddable":true,"href":"https:\/\/europeannewsroom.com\/es\/wp-json\/wp\/v2\/tags?post=202820"}],"curies":[{"name":"wp","href":"https:\/\/api.w.org\/{rel}","templated":true}]}}