{"id":204744,"date":"2024-02-16T16:06:13","date_gmt":"2024-02-16T15:06:13","guid":{"rendered":"https:\/\/europeannewsroom.dpa.com\/?p=204744"},"modified":"2024-02-16T16:06:52","modified_gmt":"2024-02-16T15:06:52","slug":"las-dudas-sobre-el-liderazgo-estadounidense-impulsan-mayores-llamadas-a-un-refuerzo-de-la-defensa-de-la-ue","status":"publish","type":"post","link":"https:\/\/europeannewsroom.com\/es\/las-dudas-sobre-el-liderazgo-estadounidense-impulsan-mayores-llamadas-a-un-refuerzo-de-la-defensa-de-la-ue\/","title":{"rendered":"Las dudas sobre el liderazgo estadounidense impulsan mayores llamadas a un refuerzo de la defensa de la UE"},"content":{"rendered":"\n<p class=\"wp-block-paragraph\"><strong>Donald Trump<\/strong>, expresidente de Estados Unidos y el presunto candidato republicano para las elecciones de noviembre en EE. UU., dijo en un acto de campa\u00f1a que \u00abalentar\u00eda\u00bb a Rusia a \u00abhacer lo que les d\u00e9 la gana\u00bb con los pa\u00edses de la OTAN que no invierten lo suficiente en defensa.<\/p>\n\n\n\n<p class=\"wp-block-paragraph\">Los comentarios de Trump sobre la alianza militar liderada por EE. UU. \u2013audaces incluso para sus est\u00e1ndares de cr\u00edticas a largo plazo a la OTAN\u2013 provocaron alarma entre los aliados y una condena feroz de la Casa Blanca, con el presidente de EE. UU., <strong>Joe Biden<\/strong>, calificando los comentarios como \u00abest\u00fapidos\u00bb y \u00abvergonzosos\u00bb.<\/p>\n\n\n\n<p class=\"wp-block-paragraph\">El jefe de la OTAN, <strong>Jens Stoltenberg<\/strong>, advirti\u00f3 que \u00abcualquier sugerencia de que los aliados no se defender\u00e1n mutuamente socava toda nuestra seguridad, incluida la de EE. UU.\u00bb. El jefe de pol\u00edtica exterior de la UE, <strong>Josep Borrell<\/strong>, dijo que \u00abla OTAN no puede ser una alianza militar a la carta\u00bb, a\u00f1adiendo que o existe o no existe. La ministra de Defensa espa\u00f1ola, <strong>Margarita Robles<\/strong>, dijo que la alianza \u00abno aceptar\u00e1 ning\u00fan acto que pueda implicar una violaci\u00f3n de los derechos m\u00ednimos incluidos en el derecho internacional y en la Carta de Derechos de la ONU\u00bb.<\/p>\n\n\n\n<p class=\"wp-block-paragraph\">Diplom\u00e1ticos de varios pa\u00edses de la OTAN insisten en que mantener a Estados Unidos a bordo sigue siendo fundamental para disuadir la amenaza de Rusia. Pero se mantienen ecu\u00e1nimes sobre cu\u00e1n genuinas son las amenazas de Trump, argumentando que la alianza emergi\u00f3 ilesa de su primer mandato.<\/p>\n\n\n\n<h3 class=\"wp-block-heading\">Del \u00abaumento sin precedentes\u00bb en el gasto en defensa a las dudas sobre la futura ayuda de EE. UU. para Ucrania<\/h3>\n\n\n\n<p class=\"wp-block-paragraph\">Stoltenberg dijo el mi\u00e9rcoles que 18 de los 31 pa\u00edses de la alianza est\u00e1n preparados para alcanzar su objetivo de gasto en defensa este a\u00f1o. Impulsado por la invasi\u00f3n total de Ucrania por parte de Rusia en 2022, el a\u00f1o pasado se vio un \u00abaumento sin precedentes\u00bb del 11 por ciento en el gasto por parte de los miembros europeos y Canad\u00e1, a\u00f1adi\u00f3 el jefe de la OTAN.<\/p>\n\n\n\n<p class=\"wp-block-paragraph\">En general, dijo que los aliados europeos y Canad\u00e1 habr\u00e1n a\u00f1adido m\u00e1s de 600 mil millones de d\u00f3lares a su gasto en defensa desde que establecieron el objetivo del dos por ciento de su PIB hace una d\u00e9cada. Estados Unidos todav\u00eda representa la mayor parte del gasto en defensa combinado por los miembros de la OTAN.<\/p>\n\n\n\n<p class=\"wp-block-paragraph\">\u00abNo debemos dejar lugar a la mala interpretaci\u00f3n o malentendido en Mosc\u00fa sobre nuestra disposici\u00f3n y nuestro compromiso, nuestra resoluci\u00f3n para proteger a los aliados\u00bb, dijo Stoltenberg.<\/p>\n\n\n\n<p class=\"wp-block-paragraph\">El secretario general adjunto de la OTAN, <strong>Mircea Geoan\u0103<\/strong>, declar\u00f3 a principios de febrero: \u00abContinuaremos apoyando a Ucrania. Este no es el momento de volverse pesimistas sobre lo que suceder\u00e1 en esta guerra, que cumplir\u00e1 dos a\u00f1os en unos d\u00edas. Tenemos los recursos, tenemos la voluntad de hacer que Ucrania tenga \u00e9xito. Es muy importante que permanezcamos unidos y continuemos apoyando a este pa\u00eds, porque su lucha es nuestra lucha, su seguridad tambi\u00e9n protege nuestra seguridad\u00bb.<\/p>\n\n\n\n<p class=\"wp-block-paragraph\">La guerra a gran escala de Mosc\u00fa en Ucrania ha servido como un llamado de atenci\u00f3n para los pa\u00edses europeos y ha llevado a la OTAN a convertir la cifra del dos por ciento en un requisito m\u00ednimo en lugar de un objetivo. Actores clave como Alemania han aumentado su gasto y est\u00e1n preparados para alcanzar el objetivo este a\u00f1o. Espa\u00f1a tiene como objetivo alcanzar el dos por ciento para 2029. La ministra de Defensa espa\u00f1ola, <strong>Margarita Robles<\/strong>, dijo que el gobierno estaba haciendo un \u00abesfuerzo extremadamente importante\u00bb en t\u00e9rminos de inversi\u00f3n en defensa, a\u00f1adiendo que el presupuesto de 2023 fue \u00abun aumento muy alto\u00bb en comparaci\u00f3n con el a\u00f1o anterior.<\/p>\n\n\n\n<p class=\"wp-block-paragraph\">Celebrando su 20\u00ba aniversario de membres\u00eda en la OTAN este a\u00f1o, se estima que el gasto en defensa de Eslovenia alcance el 1.31 por ciento de su PIB. El pa\u00eds planea elevar el gasto en defensa al dos por ciento para 2030. La modernizaci\u00f3n de las Fuerzas Armadas eslovenas gan\u00f3 impulso en los \u00faltimos a\u00f1os, pero los planes de inversi\u00f3n se vieron afectados por las catastr\u00f3ficas inundaciones del a\u00f1o pasado.<\/p>\n\n\n\n<p class=\"wp-block-paragraph\">El jueves, Stoltenberg dijo que daba la bienvenida al aumento en las inversiones en defensa por parte de los aliados europeos, pero tambi\u00e9n que esto no era una alternativa a la OTAN sino una forma de fortalecerla. El jefe de la OTAN subray\u00f3 que la fuerza radicaba en tener a Europa y Am\u00e9rica del Norte en la OTAN juntas.<\/p>\n\n\n\n<p class=\"wp-block-paragraph\">Mientras hay un enfoque en el propio gasto en defensa de la OTAN, el tema apremiante del apoyo para Ucrania tambi\u00e9n estuvo sobre la mesa en la reuni\u00f3n del mi\u00e9rcoles.<\/p>\n\n\n\n<p class=\"wp-block-paragraph\">El Senado de EE. UU. aprob\u00f3 el d\u00eda anterior la financiaci\u00f3n largamente retrasada para el esfuerzo b\u00e9lico de Ucrania, pero el paquete parece destinado a ser rechazado por la c\u00e1mara baja liderada por los republicanos. Las dudas sobre el futuro de la ayuda estadounidense surgen mientras Ucrania dice que sus fuerzas est\u00e1n siendo superadas ante un lento avance ruso a lo largo de la l\u00ednea del frente.<\/p>\n\n\n\n<p class=\"wp-block-paragraph\">Nueve meses antes de que Joe Biden se presente a la reelecci\u00f3n en noviembre, el secretario de Estado de EE. UU., <strong>Antony Blinken<\/strong>, participa en la Conferencia de Seguridad de M\u00fanich junto a la vicepresidenta Kamala Harris. Se enfrenta a una ardua tarea para disipar las dudas sobre el liderazgo estadounidense. La conferencia, que comienza el viernes, re\u00fane cada a\u00f1o a la \u00e9lite mundial de los responsables de pol\u00edticas de defensa y se considera un bar\u00f3metro de las relaciones transatl\u00e1nticas.<\/p>\n\n\n\n<p class=\"wp-block-paragraph\">\u00abMe queda muy claro dondequiera que vaya, y cuando hablo con la gente, que las personas que observan a EE. UU. parecen muy nerviosas\u00bb, dijo <strong>Comfort Ero<\/strong>, jefa del grupo de reflexi\u00f3n International Crisis Group.<\/p>\n\n\n\n<p class=\"wp-block-paragraph\">\u00abCreo que EE. UU. sigue siendo visto como un actor influyente, tanto positiva como negativamente, a nivel internacional. Pero creo que cada vez hay m\u00e1s alarma, preocupaci\u00f3n, inquietud, sobre la incertidumbre, la imprevisibilidad, simplemente la polarizaci\u00f3n, la divisi\u00f3n\u00bb, dijo.<\/p>\n\n\n\n<h3 class=\"wp-block-heading\">Llamadas a una postura europea m\u00e1s fuerte en seguridad dentro de la OTAN<\/h3>\n\n\n\n<p class=\"wp-block-paragraph\">El lunes, la presidenta del Parlamento Europeo, <strong>Roberta Metsola<\/strong>, dijo que se necesitaba hacer m\u00e1s en t\u00e9rminos de gasto en defensa de los pa\u00edses individuales, pero Europa enviar\u00eda un \u00abmensaje claro independientemente de qui\u00e9n lidere la pr\u00f3xima administraci\u00f3n estadounidense\u00bb de que la UE es \u00ablo suficientemente fuerte para poder defendernos mutuamente\u00bb.<\/p>\n\n\n\n<p class=\"wp-block-paragraph\">\u00abEl mayor activo de Occidente contra Putin es nuestra unidad. Lo \u00faltimo que deber\u00edamos hacer es desperdiciar eso\u00bb, reaccion\u00f3 el primer ministro belga, <strong>Alexander De Croo<\/strong>, a los comentarios de Trump. Sin embargo, De Croo reconoci\u00f3 que Europa tiene la responsabilidad de tomar su seguridad en sus propias manos. \u00abEn los a\u00f1os venideros tenemos que construir un pilar europeo m\u00e1s fuerte dentro de la OTAN\u00bb.<\/p>\n\n\n\n<p class=\"wp-block-paragraph\">Mientras que B\u00e9lgica est\u00e1 entre aquellos con el peor historial en gasto en defensa en a\u00f1os, De Croo insiste en que esta tendencia se ha revertido. \u00abA\u00f1o tras a\u00f1o, B\u00e9lgica est\u00e1 gastando m\u00e1s dinero en defensa ahora\u00bb, dijo el primer ministro. \u00abPero tambi\u00e9n tenemos que mirar la forma en que se est\u00e1 realizando este gasto, para asegurarnos de que nuestra propia industria, en B\u00e9lgica y en Europa, podr\u00e1 crecer tambi\u00e9n\u00bb.<\/p>\n\n\n\n<p class=\"wp-block-paragraph\"><font style=\"vertical-align: inherit;\"><font style=\"vertical-align: inherit;\">A finales de enero, el ministro de defensa b\u00falgaro, <\/font><\/font><strong><font style=\"vertical-align: inherit;\"><font style=\"vertical-align: inherit;\">Todor Tagarev<\/font><\/font><\/strong><font style=\"vertical-align: inherit;\"><font style=\"vertical-align: inherit;\"> , enfatiz\u00f3 que \u00abla Estrategia Industrial de Defensa Europea deber\u00eda esbozar formas efectivas para superar las dependencias de la UE en materias primas, energ\u00eda y tecnolog\u00edas cr\u00edticas, as\u00ed como introducir medidas e instrumentos para aumentar la producci\u00f3n de productos de defensa, promover la innovaci\u00f3n y la competitividad del sector de la defensa\u00bb.<\/font><\/font><\/p>\n\n\n\n<figure class=\"wp-block-image size-large\"><img loading=\"lazy\" decoding=\"async\" width=\"1024\" height=\"683\" src=\"https:\/\/europeannewsroom.com\/wp-content\/uploads\/2024\/02\/image-17-1024x683.png\" alt=\"\" class=\"wp-image-204790\" srcset=\"https:\/\/europeannewsroom.com\/wp-content\/uploads\/2024\/02\/image-17-980x653.png 980w, https:\/\/europeannewsroom.com\/wp-content\/uploads\/2024\/02\/image-17-480x320.png 480w\" sizes=\"(min-width: 0px) and (max-width: 480px) 480px, (min-width: 481px) and (max-width: 980px) 980px, (min-width: 981px) 1024px, 100vw\" \/><figcaption class=\"wp-element-caption\"><em>Emmanuel Macron (d), presidente de Francia, recibe a Donald Tusk, primer ministro de Polonia, en el Palacio del El\u00edseo. El primer ministro polaco, Tusk, viaj\u00f3 a Par\u00eds y Berl\u00edn para tratar de restablecer alianzas diplom\u00e1ticas importantes a nivel. Foto: Aurelien Morissard\/AP\/dpa<\/em><\/figcaption><\/figure>\n\n\n\n<h3 class=\"wp-block-heading\">Francia-Alemania-Polonia: el tri\u00e1ngulo de Weimar revivido es un \u00abnuevo impulso\u00bb para la UE<\/h3>\n\n\n\n<p class=\"wp-block-paragraph\">A principios de esta semana, el nuevo primer ministro polaco, <strong>Donald Tusk<\/strong>, visit\u00f3 al canciller alem\u00e1n <strong>Olaf Scholz<\/strong> en Berl\u00edn y al presidente franc\u00e9s Emmanuel Macron en Par\u00eds para coordinar la cooperaci\u00f3n en pol\u00edtica exterior entre los pa\u00edses y aumentar la cooperaci\u00f3n en seguridad en Europa.<\/p>\n\n\n\n<p class=\"wp-block-paragraph\">Scholz tambi\u00e9n dijo en la conferencia de prensa conjunta que Alemania y Polonia estaban trabajando juntas. La solidaridad y la acci\u00f3n conjunta eran indispensables. El canciller alem\u00e1n dijo: \u00abEspecialmente en un momento en que el imperialismo de Rusia est\u00e1 amenazando nuestra seguridad com\u00fan en Europa. Por eso nos apoyamos mutuamente en la UE y en la OTAN\u00bb.<\/p>\n\n\n\n<p class=\"wp-block-paragraph\">Tusk enfatiz\u00f3 que la UE era superior a Rusia en t\u00e9rminos econ\u00f3micos y financieros. \u00abCiertamente no es la falta de dinero lo que decidir\u00e1 el destino de esta guerra, esta confrontaci\u00f3n entre Rusia y Ucrania\u00bb. Sin embargo, Tusk agreg\u00f3, se necesita mayor determinaci\u00f3n para usar la riqueza de Europa para la seguridad y la defensa.<\/p>\n\n\n\n<p class=\"wp-block-paragraph\">Macron elogi\u00f3 a Tusk y a su gobierno como \u00absocios de confianza, proeuropeos\u00bb que tienen \u00abclaro en seguridad europea\u00bb. Tambi\u00e9n reiter\u00f3 los llamados a fortalecer la industria de defensa europea.<\/p>\n\n\n\n<p class=\"wp-block-paragraph\">\u00abEsto es lo que tambi\u00e9n har\u00e1 posible que Europa sea un poder de seguridad y defensa complementario a la OTAN, el pilar europeo de la alianza atl\u00e1ntica\u00bb, dijo. En enero, el presidente franc\u00e9s inst\u00f3 a los pa\u00edses europeos a prepararse para respaldar a Ucrania en caso de que Washington decida retirar la ayuda.<\/p>\n\n\n\n<p class=\"wp-block-paragraph\">Por separado, el reci\u00e9n nombrado ministro de Relaciones Exteriores de Francia, <strong>St\u00e9phane S\u00e9journ\u00e9<\/strong>, recibi\u00f3 a su hom\u00f3loga alemana <strong>Annalena Baerbock<\/strong> y a <strong>Rados\u0142aw Sikorski<\/strong> de Polonia en las afueras de Par\u00eds. La reuni\u00f3n, celebrada en el formato del llamado Tri\u00e1ngulo de Weimar, incluy\u00f3 una discusi\u00f3n sobre la profundizaci\u00f3n de la cooperaci\u00f3n en pol\u00edtica exterior y seguridad.<\/p>\n\n\n\n<p class=\"wp-block-paragraph\">El formato es una alianza que las tres naciones crearon en 1991 para trabajar juntas en asuntos europeos. Scholz elogi\u00f3 la revitalizada asociaci\u00f3n del tr\u00edo como \u00abmuy importante para todos nosotros\u00bb, pidiendo \u00abnuevo impulso\u00bb detr\u00e1s del Tri\u00e1ngulo de Weimar para proporcionar un \u00abnuevo impulso\u00bb a la Uni\u00f3n Europea.<\/p>\n\n\n\n<p class=\"wp-block-paragraph\">Europa necesita otra \u00abp\u00f3liza de seguro de vida\u00bb adem\u00e1s de la OTAN, dijo S\u00e9journ\u00e9, tras los comentarios de Trump. \u00abS\u00ed, necesitamos un segundo seguro de vida, no en sustituci\u00f3n o contra la OTAN sino adem\u00e1s\u00bb de la alianza, dijo. S\u00e9journ\u00e9 insisti\u00f3 en que era necesario construir sobre el elemento europeo de la OTAN y construir su propia industria de defensa y \u00abcomprar europeo dentro del marco de nuestras industrias de defensa y prepararse en caso de conflicto\u00bb.<\/p>\n\n\n\n<p class=\"wp-block-paragraph\">\u00abNecesitamos cuidar de la seguridad de los ucranianos, y eso significa cuidar de nuestra seguridad, y s\u00ed, creo que necesitamos una uni\u00f3n de defensa y seguridad, con compras conjuntas y agrupando nuestras fuerzas\u00bb, a\u00f1adi\u00f3 Annalena Baerbock.<\/p>\n\n\n\n<p class=\"wp-block-paragraph\"><em>Este art\u00edculo se publica semanalmente. El contenido se basa en noticias de agencias participantes en la ENR.<\/em><\/p>\n","protected":false},"excerpt":{"rendered":"<p>Con los recientes comentarios de Donald Trump sobre la OTAN desatando una tormenta pol\u00edtica entre los miembros de la alianza y la financiaci\u00f3n adicional de Estados Unidos para Ucrania aparentemente destinada a ser rechazada en la c\u00e1mara baja liderada por los republicanos, los l\u00edderes europeos piden mayores esfuerzos europeos para garantizar la seguridad del continente.<\/p>\n","protected":false},"author":69,"featured_media":204768,"comment_status":"closed","ping_status":"closed","sticky":false,"template":"","format":"standard","meta":{"_acf_changed":false,"_et_pb_use_builder":"","_et_pb_old_content":"","_et_gb_content_width":"","footnotes":""},"categories":[39],"tags":[7313,12258,7315,5833,767,13012,1067,777],"class_list":["post-204744","post","type-post","status-publish","format-standard","has-post-thumbnail","hentry","category-key-story","tag-alemania","tag-defensa","tag-francia","tag-guerra-2","tag-otan-2","tag-trump","tag-ucrania","tag-ue-4"],"acf":[],"_links":{"self":[{"href":"https:\/\/europeannewsroom.com\/es\/wp-json\/wp\/v2\/posts\/204744","targetHints":{"allow":["GET"]}}],"collection":[{"href":"https:\/\/europeannewsroom.com\/es\/wp-json\/wp\/v2\/posts"}],"about":[{"href":"https:\/\/europeannewsroom.com\/es\/wp-json\/wp\/v2\/types\/post"}],"author":[{"embeddable":true,"href":"https:\/\/europeannewsroom.com\/es\/wp-json\/wp\/v2\/users\/69"}],"replies":[{"embeddable":true,"href":"https:\/\/europeannewsroom.com\/es\/wp-json\/wp\/v2\/comments?post=204744"}],"version-history":[{"count":0,"href":"https:\/\/europeannewsroom.com\/es\/wp-json\/wp\/v2\/posts\/204744\/revisions"}],"wp:featuredmedia":[{"embeddable":true,"href":"https:\/\/europeannewsroom.com\/es\/wp-json\/wp\/v2\/media\/204768"}],"wp:attachment":[{"href":"https:\/\/europeannewsroom.com\/es\/wp-json\/wp\/v2\/media?parent=204744"}],"wp:term":[{"taxonomy":"category","embeddable":true,"href":"https:\/\/europeannewsroom.com\/es\/wp-json\/wp\/v2\/categories?post=204744"},{"taxonomy":"post_tag","embeddable":true,"href":"https:\/\/europeannewsroom.com\/es\/wp-json\/wp\/v2\/tags?post=204744"}],"curies":[{"name":"wp","href":"https:\/\/api.w.org\/{rel}","templated":true}]}}