{"id":206427,"date":"2024-02-21T15:30:00","date_gmt":"2024-02-21T14:30:00","guid":{"rendered":"https:\/\/europeannewsroom.dpa.com\/?p=206427"},"modified":"2024-02-21T15:30:05","modified_gmt":"2024-02-21T14:30:05","slug":"una-fragil-unidad-de-la-ue-en-medio-de-numerosas-crisis","status":"publish","type":"post","link":"https:\/\/europeannewsroom.com\/es\/una-fragil-unidad-de-la-ue-en-medio-de-numerosas-crisis\/","title":{"rendered":"\u00bfUna fr\u00e1gil unidad de la UE en medio de numerosas crisis?"},"content":{"rendered":"\n<p class=\"wp-block-paragraph\">En la Conferencia de Seguridad de M\u00fanich, el Alto Representante de la Uni\u00f3n Europea para Asuntos Exteriores, <strong>Josep Borrell<\/strong>, enfatiz\u00f3 que la agenda geopol\u00edtica de la UE est\u00e1 siendo modelada por \u00abtres desaf\u00edos geogr\u00e1ficos que son Ucrania, Gaza y el Sur Global\u00bb. Adem\u00e1s, la defensa europea ha sufrido \u00abun largo per\u00edodo de desarme silencioso\u00bb.<\/p>\n\n\n\n<p class=\"wp-block-paragraph\">Advirti\u00f3 que \u00abRusia se ver\u00e1 tentada a aumentar sus provocaciones pol\u00edticas y militares contra los pa\u00edses de la OTAN\u00bb. A\u00f1adi\u00f3: \u00abAs\u00ed que el mensaje es claro: Tenemos un problema ruso por delante\u00bb.<\/p>\n\n\n\n<p class=\"wp-block-paragraph\">El Ministro de Asuntos Exteriores portugu\u00e9s, <strong>Jo\u00e3o Gomes Cravinho<\/strong>, subray\u00f3 el martes que el presidente ruso, <strong>Vladimir Putin<\/strong>, \u00abno solo quiere un pedazo del territorio ucraniano, quiere destruir el proyecto europeo y por eso es crucial que no le permitamos ganar en Ucrania\u00bb.<\/p>\n\n\n\n<p class=\"wp-block-paragraph\">El principal diplom\u00e1tico de la UE, Borrell, subray\u00f3 que \u00abla guerra en Ucrania y en Gaza ha aumentado tremendamente el espacio pol\u00edtico del Sur Global frente a nosotros\u00bb. Se debe evitar una confrontaci\u00f3n entre \u00abel resto contra el Occidente\u00bb, ya que \u00abpara Rusia, este nuevo escenario geopol\u00edtico ha aumentado dram\u00e1ticamente su posici\u00f3n\u00bb desde la respuesta de Israel despu\u00e9s del 7 de octubre, advirti\u00f3.<\/p>\n\n\n\n<p class=\"wp-block-paragraph\">Dada la guerra Israel-Hamas, tras una reuni\u00f3n de los ministros de asuntos exteriores del bloque el lunes, Borrell llam\u00f3 a m\u00e1s unidad en la UE, si el bloque quiere desempe\u00f1ar un papel geopol\u00edtico en Oriente Medio. Dijo que vio \u00abdispersi\u00f3n de enfoques y muchos estados miembros quieren jugar su propio juego\u00bb.<\/p>\n\n\n\n<h2 class=\"wp-block-heading\">Pausa humanitaria en la Franja de Gaza vetada por Hungr\u00eda<\/h2>\n\n\n\n<p class=\"wp-block-paragraph\">El lunes, en el Consejo de Asuntos Exteriores, todos los pa\u00edses de la UE excepto Hungr\u00eda pidieron una \u00abpausa humanitaria inmediata que llevar\u00eda a un alto el fuego sostenible, a la liberaci\u00f3n incondicional de rehenes y a la provisi\u00f3n de asistencia humanitaria\u00bb. Sin embargo, fue la primera vez desde el 7 de octubre de 2023, que la gran mayor\u00eda de los estados miembros de la UE hab\u00edan podido alcanzar un consenso para un alto el fuego en Gaza.<\/p>\n\n\n\n<p class=\"wp-block-paragraph\">\u00abS\u00e9 muy bien que si no hay unanimidad, no hay posici\u00f3n de la Uni\u00f3n Europea, pero puede haber una posici\u00f3n mayoritaria suficiente, que sin ser formalmente una posici\u00f3n de la Uni\u00f3n Europea, representa la posici\u00f3n mayoritaria. Y 26 de 27 ciertamente lo es\u00bb, dijo Borrell.<\/p>\n\n\n\n<h2 class=\"wp-block-heading\"><strong>Sanciones contra colonos israel\u00edes en Cisjordania<\/strong><\/h2>\n\n\n\n<p class=\"wp-block-paragraph\">Despu\u00e9s de que Hungr\u00eda bloqueara el lunes a la UE de aprobar sanciones contra colonos israel\u00edes que han atacado a palestinos en Cisjordania, ahora Espa\u00f1a, Francia, Irlanda y B\u00e9lgica han decidido imponer sanciones unilateralmente a colonos israel\u00edes violentos.<\/p>\n\n\n\n<p class=\"wp-block-paragraph\">\u00abHe estado presionando por ello [la unanimidad] durante la reuni\u00f3n, un estado no quiso unirse. \u00c9ramos 26 los que est\u00e1bamos de acuerdo\u00bb, dijo el Ministro de Asuntos Exteriores espa\u00f1ol, <strong>Jos\u00e9 Manuel Albares<\/strong>.<\/p>\n\n\n\n<p class=\"wp-block-paragraph\">El gobierno espa\u00f1ol est\u00e1 preparando una lista inicial de decenas de personas que han realizado actos violentos contra palestinos en Cisjordania, seg\u00fan Albares, quien agreg\u00f3 que la sanci\u00f3n consistir\u00e1 en una prohibici\u00f3n de entrada a Espa\u00f1a.<\/p>\n\n\n\n<p class=\"wp-block-paragraph\">Otros pa\u00edses europeos, como Irlanda y B\u00e9lgica, tambi\u00e9n han se\u00f1alado su disposici\u00f3n a imponer sanciones a colonos individuales, algo que Estados Unidos ya ha hecho.<\/p>\n\n\n\n<p class=\"wp-block-paragraph\">Al mismo tiempo, Albares asegur\u00f3 que Espa\u00f1a continuar\u00e1 colaborando con la agencia de la ONU para los Refugiados Palestinos, UNRWA, y confirm\u00f3 que est\u00e1n preparando un nuevo paquete de apoyo financiero adem\u00e1s de los 3,5 millones de euros ya anunciados y los diez millones entregados en diciembre.<\/p>\n\n\n\n<p class=\"wp-block-paragraph\">\u00abEl trabajo de esta organizaci\u00f3n es esencial para satisfacer las necesidades de casi seis millones de palestinos desplazados\u00bb, no solo en Gaza sino tambi\u00e9n en Cisjordania y otros pa\u00edses de la regi\u00f3n, dijo, y subray\u00f3 que su papel \u00abno tiene posible sustituto\u00bb.<\/p>\n\n\n\n<p class=\"wp-block-paragraph\">Albares indic\u00f3 que pidi\u00f3 que se realizara una evaluaci\u00f3n sobre una posible violaci\u00f3n del derecho internacional humanitario por parte de Israel basada en el acuerdo de asociaci\u00f3n del bloque comunitario con ese pa\u00eds.<\/p>\n\n\n\n<h2 class=\"wp-block-heading\"><strong>La UE lanza misi\u00f3n en el Mar Rojo<\/strong><\/h2>\n\n\n\n<p class=\"wp-block-paragraph\">En respuesta a los ataques de los rebeldes hut\u00edes respaldados por Ir\u00e1n en Yemen sobre la ruta de env\u00edo del Mar Rojo, la UE decidi\u00f3 el lunes lanzar formalmente una misi\u00f3n naval para proteger la navegaci\u00f3n en la zona. Los docenas de ataques hut\u00edes han perturbado la navegaci\u00f3n en el Mar Rojo, obligando a algunas compa\u00f1\u00edas a tomar rutas alternativas incluyendo un desv\u00edo de dos semanas alrededor de la punta del sur de \u00c1frica.<\/p>\n\n\n\n<p class=\"wp-block-paragraph\">Los hut\u00edes han estado hostigando la vital ruta de navegaci\u00f3n desde noviembre en una campa\u00f1a que dicen es en solidaridad con los palestinos en Gaza durante la guerra Israel-Hamas.<\/p>\n\n\n\n<p class=\"wp-block-paragraph\">La Uni\u00f3n Europea tiene como objetivo que la misi\u00f3n, llamada Aspides (antiguo griego para \u00abescudo\u00bb) y est\u00e9 operativa en \u00abunas pocas semanas\u00bb con al menos cuatro buques, dijo un oficial el 16 de febrero de 2024.<\/p>\n\n\n\n<p class=\"wp-block-paragraph\">\u00abEuropa asegurar\u00e1 la libertad de navegaci\u00f3n en el Mar Rojo, trabajando junto a nuestros socios internacionales\u00bb, dijo la presidenta de la Comisi\u00f3n Europea, <strong>Ursula von der Leyen<\/strong>, en una publicaci\u00f3n en X.<\/p>\n\n\n\n<figure class=\"wp-block-embed is-type-rich is-provider-twitter wp-block-embed-twitter\"><div class=\"wp-block-embed__wrapper\">\n<blockquote class=\"twitter-tweet\" data-width=\"550\" data-dnt=\"true\"><p lang=\"en\" dir=\"ltr\">I welcome today\u2019s decision to launch the EU Naval Force Operation Aspides. <br><br>Europe will ensure freedom of navigation in the Red Sea, working alongside our international partners.<br><br>Beyond crisis response, it&#39;s a step towards a stronger European presence at sea to protect our\u2026<\/p>&mdash; Ursula von der Leyen (@vonderleyen) <a href=\"https:\/\/twitter.com\/vonderleyen\/status\/1759531273024913800?ref_src=twsrc%5Etfw\">February 19, 2024<\/a><\/blockquote><script async src=\"https:\/\/platform.twitter.com\/widgets.js\" charset=\"utf-8\"><\/script>\n<\/div><\/figure>\n\n\n\n<p class=\"wp-block-paragraph\">\u00abLos constantes ataques de los rebeldes hut\u00edes amenazan el comercio global y, por supuesto, ponen en peligro nuestros barcos. Y digo &#8216;nuestros barcos&#8217; porque Grecia tiene la flota m\u00e1s grande de cualquier otro pa\u00eds en t\u00e9rminos de env\u00edo comercial y es por eso que Grecia inmediatamente se mostr\u00f3 a favor de una acci\u00f3n coordinada al asumir el mando regular de la operaci\u00f3n de defensa europea &#8216;Aspides&#8217; desde el Cuartel General de Larissa\u00bb, dijo el Primer Ministro griego, <strong>Kyriakos Mitsotakis<\/strong>.<\/p>\n\n\n\n<p class=\"wp-block-paragraph\">Estados Unidos ya est\u00e1 liderando su propia coalici\u00f3n naval en la zona y ha realizado ataques de represalia contra objetivos hut\u00edes en Yemen, al igual que Gran Breta\u00f1a.<\/p>\n\n\n\n<p class=\"wp-block-paragraph\">El presidente de Egipto, <strong>Abdel Fattah al-Sisi,<\/strong> dijo que los ingresos del Canal de Suez, que conecta el Mar Rojo con el Mediterr\u00e1neo, hab\u00edan ca\u00eddo \u00abun 40 a 50 por ciento\u00bb hasta ahora este a\u00f1o. El canal, que gener\u00f3 8.6 mil millones de d\u00f3lares (7.95 millones de euros) en el a\u00f1o fiscal 2022-23, es una fuente vital de divisas para El Cairo, que est\u00e1 sufriendo una grave crisis financiera.<\/p>\n\n\n\n<p class=\"wp-block-paragraph\">Hasta ahora, Francia, Alemania, Italia y B\u00e9lgica han dicho que planean contribuir con barcos. El comandante general de la misi\u00f3n de la UE ser\u00e1 griego, mientras que el oficial principal en control operativo en el mar ser\u00e1 italiano.<\/p>\n\n\n\n<p class=\"wp-block-paragraph\">La UE dice que el mandato de la misi\u00f3n, establecido inicialmente por un a\u00f1o, se limita a proteger la navegaci\u00f3n civil en el Mar Rojo y que no se llevar\u00e1n a cabo ataques \u00aben suelo yemen\u00ed\u00bb.<\/p>\n\n\n\n<p class=\"wp-block-paragraph\">El Ministro de Defensa alem\u00e1n, <strong>Boris Pistorius<\/strong>, ve el peligroso despliegue de la fragata \u00abHessen\u00bb en el Mar Rojo como una se\u00f1al de que Alemania est\u00e1 dispuesta y es capaz de asumir responsabilidades internacionales pero tambi\u00e9n llam\u00f3 a la misi\u00f3n \u00abel despliegue m\u00e1s peligroso de la marina en d\u00e9cadas\u00bb.<\/p>\n\n\n\n<figure class=\"wp-block-image aligncenter size-full\"><img loading=\"lazy\" decoding=\"async\" width=\"1920\" height=\"1080\" src=\"https:\/\/europeannewsroom.com\/wp-content\/uploads\/2024\/02\/urnnewsmldpa.com20090101240219-935-55265-v1-s2048.jpeg\" alt=\"\" class=\"wp-image-206036\"\/><figcaption class=\"wp-element-caption\">La fragata militar alemana \u00abHessen\u00bb se dirige hacia el Mar Rojo, 8 de febrero de 2024. Foto: Sina Schuldt\/dpa<\/figcaption><\/figure>\n\n\n\n<h2 class=\"wp-block-heading\"><strong>Flanco Este de la OTAN: Bulgaria y Rep\u00fablica Checa<\/strong><\/h2>\n\n\n\n<p class=\"wp-block-paragraph\">Siguiendo la Conferencia de Seguridad de M\u00fanich, el Primer Ministro b\u00falgaro, <strong>Nikolay Denkov<\/strong>, dijo despu\u00e9s de reunirse con el Secretario de Estado de EE. UU., <strong>Anthony Blinken<\/strong>, que Bulgaria es un pa\u00eds clave en los esfuerzos por proteger la regi\u00f3n del Mar Negro y el flanco Este de la OTAN.<\/p>\n\n\n\n<p class=\"wp-block-paragraph\">El primer ministro de Bulgaria se\u00f1al\u00f3 que los problemas actuales podr\u00edan usarse como oportunidades para el desarrollo de la regi\u00f3n y para posicionar a Bulgaria y a la OTAN de una manera que asegurar\u00eda la estabilidad. \u00abEstamos muy comprometidos y por eso estamos aqu\u00ed con <strong>Mariya Gabriel<\/strong> [viceprimera ministra de Bulgaria] para trabajar juntos donde Bulgaria pertenece: en las estructuras de Europa y la OTAN, como un socio confiable\u00bb, enfatiz\u00f3 Denkov.<\/p>\n\n\n\n<p class=\"wp-block-paragraph\">El presidente checo, <strong>Petr Pavel<\/strong>, dijo en la Conferencia de Seguridad de M\u00fanich el s\u00e1bado que la Rep\u00fablica Checa hab\u00eda encontrado fuentes en el extranjero para cientos de miles de rondas de artiller\u00eda, que podr\u00eda entregar a Ucrania en cuesti\u00f3n de semanas si ella y sus socios en Estados Unidos, Alemania, Suecia u otros pa\u00edses pudieran asegurar la financiaci\u00f3n. La ministra de Defensa checa, <strong>Jana \u010cernochov\u00e1<\/strong>, a\u00f1adi\u00f3 que los pa\u00edses que podr\u00edan cooperar en los env\u00edos de municiones est\u00e1n haciendo la participaci\u00f3n condicional a no divulgar detalles espec\u00edficos sobre ellos.<\/p>\n","protected":false},"excerpt":{"rendered":"<p>Oriente Medio, Ucrania y el Sahel: la UE se enfrenta a numerosas crisis al mismo tiempo. El Alto Representante de la UE, Josep Borrell, est\u00e1 llamando a m\u00e1s unidad y quiere aumentar la capacidad de defensa de la UE, si quiere desempe\u00f1ar un papel geopol\u00edtico.<\/p>\n","protected":false},"author":147,"featured_media":200167,"comment_status":"closed","ping_status":"closed","sticky":false,"template":"","format":"standard","meta":{"_acf_changed":false,"_et_pb_use_builder":"","_et_pb_old_content":"","_et_gb_content_width":"","footnotes":""},"categories":[39],"tags":[11684,13169,12493],"class_list":["post-206427","post","type-post","status-publish","format-standard","has-post-thumbnail","hentry","category-key-story","tag-gaza-2","tag-houthis-2","tag-mar-rojo"],"acf":[],"_links":{"self":[{"href":"https:\/\/europeannewsroom.com\/es\/wp-json\/wp\/v2\/posts\/206427","targetHints":{"allow":["GET"]}}],"collection":[{"href":"https:\/\/europeannewsroom.com\/es\/wp-json\/wp\/v2\/posts"}],"about":[{"href":"https:\/\/europeannewsroom.com\/es\/wp-json\/wp\/v2\/types\/post"}],"author":[{"embeddable":true,"href":"https:\/\/europeannewsroom.com\/es\/wp-json\/wp\/v2\/users\/147"}],"replies":[{"embeddable":true,"href":"https:\/\/europeannewsroom.com\/es\/wp-json\/wp\/v2\/comments?post=206427"}],"version-history":[{"count":0,"href":"https:\/\/europeannewsroom.com\/es\/wp-json\/wp\/v2\/posts\/206427\/revisions"}],"wp:featuredmedia":[{"embeddable":true,"href":"https:\/\/europeannewsroom.com\/es\/wp-json\/wp\/v2\/media\/200167"}],"wp:attachment":[{"href":"https:\/\/europeannewsroom.com\/es\/wp-json\/wp\/v2\/media?parent=206427"}],"wp:term":[{"taxonomy":"category","embeddable":true,"href":"https:\/\/europeannewsroom.com\/es\/wp-json\/wp\/v2\/categories?post=206427"},{"taxonomy":"post_tag","embeddable":true,"href":"https:\/\/europeannewsroom.com\/es\/wp-json\/wp\/v2\/tags?post=206427"}],"curies":[{"name":"wp","href":"https:\/\/api.w.org\/{rel}","templated":true}]}}