{"id":211477,"date":"2024-03-02T09:39:18","date_gmt":"2024-03-02T08:39:18","guid":{"rendered":"https:\/\/europeannewsroom.dpa.com\/?p=211477"},"modified":"2024-03-02T09:41:41","modified_gmt":"2024-03-02T08:41:41","slug":"reintke-principal-candidata-de-los-verdes-von-der-leyen-deberia-dar-garantias-por-escrito-del-compromiso-climatico","status":"publish","type":"post","link":"https:\/\/europeannewsroom.com\/es\/reintke-principal-candidata-de-los-verdes-von-der-leyen-deberia-dar-garantias-por-escrito-del-compromiso-climatico\/","title":{"rendered":"Reintke, principal candidata de los Verdes: Von der Leyen deber\u00eda dar garant\u00edas por escrito del compromiso clim\u00e1tico"},"content":{"rendered":"\n<p class=\"wp-block-paragraph\">La principal candidata de los Verdes para las elecciones europeas,\u00a0<strong>Terry Reintke<\/strong>\u00a0, exige compromisos por escrito de la presidenta de la Comisi\u00f3n Europea,\u00a0<strong>Ursula von der Leyen,<\/strong>\u00a0para apoyar su reelecci\u00f3n.\u00a0\u201cTendr\u00e9 que ver las cosas sobre el papel antes de votar de cierta manera\u201d, dijo el mi\u00e9rcoles en una entrevista con el European Newsroom en Estrasburgo.\u00a0Dijo que cree que von der Leyen se siente actualmente presionada, especialmente por parte de su propia familia de partido, el Partido Popular Europeo (PPE).\u00a0Esto es muy tangible y ya est\u00e1 teniendo un impacto importante, afirm\u00f3 Reintke.<\/p>\n\n\n\n<p class=\"wp-block-paragraph\">Von der Leyen aspira a un segundo mandato como presidenta de la Comisi\u00f3n Europea despu\u00e9s de las elecciones europeas de verano.&nbsp;Para lograrlo, tambi\u00e9n necesitar\u00e1 una mayor\u00eda en el Parlamento Europeo despu\u00e9s de las elecciones.&nbsp;Podr\u00eda depender de los votos de los Verdes.<\/p>\n\n\n\n<p class=\"wp-block-paragraph\">Reintke afirm\u00f3 que la pol\u00edtica medioambiental y clim\u00e1tica de la UE debe continuar y ampliarse.&nbsp;Se necesitan inversiones en infraestructuras, renovaci\u00f3n y transformaci\u00f3n verde de las empresas.&nbsp;\u201cEsto ser\u00e1 clave para nosotros, adem\u00e1s, obviamente, de hacer que la transici\u00f3n sea socialmente justa\u201d, dijo.<\/p>\n\n\n\n<h2 class=\"wp-block-heading\"><strong>Elecciones europeas: \u00bfun ascenso de la extrema derecha?<\/strong><\/h2>\n\n\n\n<p class=\"wp-block-paragraph\">Reintke se neg\u00f3 a hacer un pron\u00f3stico sobre lo que considera un \u00e9xito en las elecciones al Parlamento Europeo de junio, diciendo que su objetivo era \u00abconsolidar el s\u00f3lido resultado que tuvimos en 2019 con la adici\u00f3n de tener un grupo geogr\u00e1ficamente m\u00e1s diverso\u00bb.\u00a0Esto implicar\u00e1, afirm\u00f3, lograr buenos resultados fuera de los pa\u00edses de Europa central y buscar socios en el Sur y el Este, terreno tradicionalmente poco f\u00e9rtil para los partidos verdes.<\/p>\n\n\n\n<p class=\"wp-block-paragraph\">Aunque en pa\u00edses como Espa\u00f1a el esperado ascenso del partido izquierdista espa\u00f1ol Sumar ayudar\u00e1 a los Verdes en esta estrategia, a nivel europeo las encuestas pronostican una fuerte ca\u00edda de esca\u00f1os para los partidos ecologistas en toda la UE, lo que los dejar\u00eda como el sexto mayor partido fuerza en el Parlamento Europeo.<\/p>\n\n\n\n<p class=\"wp-block-paragraph\">Para intentar luchar contra esta tendencia en toda Europa, los Verdes har\u00e1n campa\u00f1a contra el retorno de la austeridad y a favor de la inversi\u00f3n en infraestructura verde y social.&nbsp;Es parte, dijo Reintke, de una estrategia m\u00e1s amplia para frenar a la extrema derecha que tambi\u00e9n incluye alertar a los partidos de centro y de derecha sobre los peligros de no mantener los&nbsp;<em>cordones sanitarios<\/em>&nbsp;.<\/p>\n\n\n\n<p class=\"wp-block-paragraph\">En opini\u00f3n de la candidata de los Verdes, una futura coalici\u00f3n entre el PPE y, por ejemplo, el grupo de los Conservadores y Reformistas Europeos (ECR), que podr\u00eda convertirse en la tercera fuerza en la C\u00e1mara, significar\u00eda un \u00abpeligro muy claro de que los logros de esta legislatura puedan revertirse\u00bb. \u00abO al menos podr\u00eda quedar en suspenso y no avanzar\u201d en temas clim\u00e1ticos.<\/p>\n\n\n\n<p class=\"wp-block-paragraph\">\u00abCreo que ciertamente existe una amenaza de que la extrema derecha crezca en estas elecciones europeas\u00bb, dijo Reintke.&nbsp;Sin embargo, a\u00f1adi\u00f3 que el giro hacia la derecha no es un automatismo fatal y advirti\u00f3 que se trata de una profec\u00eda autocumplida.<\/p>\n\n\n\n<h2 class=\"wp-block-heading\"><strong>Las protestas de los agricultores<\/strong><\/h2>\n\n\n\n<figure class=\"wp-block-image\"><img loading=\"lazy\" decoding=\"async\" width=\"1024\" height=\"768\" src=\"https:\/\/europeannewsroom.com\/wp-content\/uploads\/2024\/02\/E93B0664-C337-4120-A438-0CE5D0C640E2-1024x768.jpg\" alt=\"\" class=\"wp-image-209373\" srcset=\"https:\/\/europeannewsroom.com\/wp-content\/uploads\/2024\/02\/E93B0664-C337-4120-A438-0CE5D0C640E2-980x735.jpg 980w, https:\/\/europeannewsroom.com\/wp-content\/uploads\/2024\/02\/E93B0664-C337-4120-A438-0CE5D0C640E2-480x360.jpg 480w\" sizes=\"(min-width: 0px) and (max-width: 480px) 480px, (min-width: 481px) and (max-width: 980px) 980px, (min-width: 981px) 1024px, 100vw\" \/><figcaption class=\"wp-element-caption\"><em>Los agricultores protestaron en el barrio europeo de Bruselas, coincidiendo con la reuni\u00f3n de ministros de agricultura europeos.\u00a0Rue de la Loi, Bruselas, 26 de febrero.\u00a0EFE\/Paula Garc\u00eda-Ajofr\u00edn<\/em><\/figcaption><\/figure>\n\n\n\n<p class=\"wp-block-paragraph\">Las protestas de los agricultores en toda Europa, que duran m\u00e1s de un mes, exigen \u00abque los escuchemos y tratemos de encontrar respuestas\u00bb, afirm\u00f3 el l\u00edder de los Verdes.&nbsp;Pero hab\u00eda una restricci\u00f3n importante: sus problemas no son resultado del Pacto Verde.<\/p>\n\n\n\n<p class=\"wp-block-paragraph\">\u201cLos Verdes dicen que la Comisi\u00f3n Europea ha tenido que cerrar un tercio de las granjas de Europa en los \u00faltimos 15 a\u00f1os, mucho antes de que se empezara a hablar del Pacto Verde en la pol\u00edtica de masas.&nbsp;Hay que ver cu\u00e1l es el problema de la pol\u00edtica agr\u00edcola europea\u201d, advirti\u00f3 Reintke.<\/p>\n\n\n\n<p class=\"wp-block-paragraph\">Los Verdes sugieren cambios en la forma en que se distribuyen los subsidios agr\u00edcolas en la UE para evitar que \u00abel 80 por ciento de los subsidios vayan al 20 por ciento de los agricultores\u00bb y para abordar el \u00absistema imposible\u00bb mediante el cual los grandes distribuidores y las cadenas de supermercados fijan los precios mientras los agricultores se ven obligados a producir a esos precios para no cerrar el negocio.<\/p>\n\n\n\n<p class=\"wp-block-paragraph\">\u201cTenemos que ver c\u00f3mo cambiamos estas estructuras para que los agricultores puedan ganarse la vida de manera sostenible (\u2026) y tambi\u00e9n medidas para proteger la biodiversidad y el clima.&nbsp;Todo esto es posible, pero tenemos que cambiar la pol\u00edtica agr\u00edcola a nivel europeo\u201d, afirm\u00f3.&nbsp;\u00abEl objetivo es aliviar la presi\u00f3n de los agricultores para que crezcan o cierren\u00bb.<\/p>\n\n\n\n<p class=\"wp-block-paragraph\">Reintke dijo que el movimiento de agricultores es un movimiento que incluye grupos muy diferentes, con \u00abalgunos agricultores radicalizados, otros incluso socavados por la extrema derecha\u00bb.&nbsp;Sin embargo, se\u00f1al\u00f3 que hay problemas que la UE debe abordar, como los problemas econ\u00f3micos y el sistema de competencia.&nbsp;&nbsp;<\/p>\n\n\n\n<p class=\"wp-block-paragraph\"><em>Este art\u00edculo se publica semanalmente.&nbsp;El contenido est\u00e1 basado en noticias de las agencias que participan en el enr<\/em>&nbsp;.<\/p>\n","protected":false},"excerpt":{"rendered":"<p>Terry Reintke, la principal candidata verde para las elecciones europeas, habl\u00f3 en la European Newsroom (ENR) sobre sus prioridades para las elecciones, el Pacto Verde, las protestas de los agricultores y el espectro inminente del extremismo de derecha.<\/p>\n","protected":false},"author":69,"featured_media":211478,"comment_status":"closed","ping_status":"closed","sticky":false,"template":"","format":"standard","meta":{"_acf_changed":false,"_et_pb_use_builder":"","_et_pb_old_content":"","_et_gb_content_width":"","footnotes":""},"categories":[12794,39],"tags":[12924,13273,777],"class_list":["post-211477","post","type-post","status-publish","format-standard","has-post-thumbnail","hentry","category-european-elections-2024","category-key-story","tag-los-verdes","tag-terry-reintke","tag-ue-4"],"acf":[],"_links":{"self":[{"href":"https:\/\/europeannewsroom.com\/es\/wp-json\/wp\/v2\/posts\/211477","targetHints":{"allow":["GET"]}}],"collection":[{"href":"https:\/\/europeannewsroom.com\/es\/wp-json\/wp\/v2\/posts"}],"about":[{"href":"https:\/\/europeannewsroom.com\/es\/wp-json\/wp\/v2\/types\/post"}],"author":[{"embeddable":true,"href":"https:\/\/europeannewsroom.com\/es\/wp-json\/wp\/v2\/users\/69"}],"replies":[{"embeddable":true,"href":"https:\/\/europeannewsroom.com\/es\/wp-json\/wp\/v2\/comments?post=211477"}],"version-history":[{"count":0,"href":"https:\/\/europeannewsroom.com\/es\/wp-json\/wp\/v2\/posts\/211477\/revisions"}],"wp:featuredmedia":[{"embeddable":true,"href":"https:\/\/europeannewsroom.com\/es\/wp-json\/wp\/v2\/media\/211478"}],"wp:attachment":[{"href":"https:\/\/europeannewsroom.com\/es\/wp-json\/wp\/v2\/media?parent=211477"}],"wp:term":[{"taxonomy":"category","embeddable":true,"href":"https:\/\/europeannewsroom.com\/es\/wp-json\/wp\/v2\/categories?post=211477"},{"taxonomy":"post_tag","embeddable":true,"href":"https:\/\/europeannewsroom.com\/es\/wp-json\/wp\/v2\/tags?post=211477"}],"curies":[{"name":"wp","href":"https:\/\/api.w.org\/{rel}","templated":true}]}}