{"id":215497,"date":"2024-03-07T16:51:56","date_gmt":"2024-03-07T15:51:56","guid":{"rendered":"https:\/\/europeannewsroom.dpa.com\/?p=215497"},"modified":"2024-03-07T16:55:01","modified_gmt":"2024-03-07T15:55:01","slug":"polonia-camino-de-restablecer-el-estado-de-derecho-y-el-acceso-a-los-fondos-de-la-ue","status":"publish","type":"post","link":"https:\/\/europeannewsroom.com\/es\/polonia-camino-de-restablecer-el-estado-de-derecho-y-el-acceso-a-los-fondos-de-la-ue\/","title":{"rendered":"Polonia, camino de restablecer el Estado de derecho y el acceso a los fondos de la UE"},"content":{"rendered":"\n<p class=\"wp-block-paragraph\">El 29 de febrero, la Comisi\u00f3n Europea aprob\u00f3 formalmente la liberaci\u00f3n de 137.000 millones de euros de fondos de la Uni\u00f3n Europea, dando luz verde al primer pago de 6.300 millones de euros en el marco del Plan de Recuperaci\u00f3n. La jefa de la Comisi\u00f3n Europea, Ursula von der Leyen, hab\u00eda anunciado la liberaci\u00f3n de fondos durante una visita a Polonia la semana anterior.&nbsp;<\/p>\n\n\n\n<p class=\"wp-block-paragraph\">Sin embargo, este anuncio no significa que Polonia reciba autom\u00e1ticamente la suma total de 137.000 millones de euros. Como los fondos congelados proceden de distintos \u00abbotes\u00bb, el reparto no se har\u00e1 de una sola vez, sino a lo largo de los pr\u00f3ximos tres a\u00f1os, hasta 2027, y hay una serie de procedimientos por seguir.&nbsp;<\/p>\n\n\n\n<p class=\"wp-block-paragraph\">\u00abHoy pasamos p\u00e1gina en los asuntos relacionados con el Estado de derecho [con Polonia], ya que reconocemos los importantes avances realizados por el Gobierno\u00bb, dijo la comisaria europea de Valores y Transparencia, <strong>V\u011bra Jourov\u00e1<\/strong> el jueves en la red social X.&nbsp;<\/p>\n\n\n\n<p class=\"wp-block-paragraph\">Los fondos hab\u00edan sido retenidos a Polonia por problemas relacionados con el Estado de derecho, acusaciones de socavar la independencia de los jueces y permitir que intereses partidistas influyeran al sistema judicial.&nbsp;<\/p>\n\n\n\n<p class=\"wp-block-paragraph\">Tras las elecciones generales polacas de octubre de 2023, el nuevo gobierno pro-UE del ex jefe del Consejo de la UE, <strong>Donald Tusk<\/strong>, ha tomado medidas para deshacer los cambios introducidos por el entonces gobierno nacionalista de Ley y Justicia (PiS). Tusk pretende cumplir las normas de la UE y restablecer el acceso de Polonia al presupuesto comunitario.<\/p>\n\n\n\n<h2 class=\"wp-block-heading\">\u00bfQu\u00e9 ha ocurrido?&nbsp;<\/h2>\n\n\n\n<p class=\"wp-block-paragraph\">La historia de la disputa entre el anterior gobierno polaco del PiS y la Comisi\u00f3n Europea se remonta a 2015, cuando el partido Ley y Justicia lleg\u00f3 al poder.&nbsp;<\/p>\n\n\n\n<p class=\"wp-block-paragraph\">A ojos de la Comisi\u00f3n, las reformas judiciales introducidas por el partido PiS compromet\u00edan la independencia judicial y no se ajustaban al Estado de derecho de la Uni\u00f3n Europea, de la que Polonia es miembro desde 2004.<\/p>\n\n\n\n<p class=\"wp-block-paragraph\">Esto llev\u00f3 a la UE a congelar una parte de los fondos de cohesi\u00f3n y todo el fondo de Recuperaci\u00f3n y Resiliencia, as\u00ed como al inicio del procedimiento del art\u00edculo 7 contra Polonia por parte de la UE en 2017. El procedimiento se refiere a infracciones graves de los valores de la UE, consagrados en el Tratado de la Uni\u00f3n Europea, y se considera un procedimiento de \u00faltimo recurso. Se utiliza en caso de amenazas al Estado de derecho y puede privar al pa\u00eds afectado de ciertos derechos, como el de voto en el Consejo.&nbsp;<\/p>\n\n\n\n<p class=\"wp-block-paragraph\">En 2022, la Comisi\u00f3n cort\u00f3 la financiaci\u00f3n a Polonia bas\u00e1ndose en las reformas judiciales del partido PiS.&nbsp;<\/p>\n\n\n\n<p class=\"wp-block-paragraph\">Desde las elecciones polacas de oto\u00f1o del a\u00f1o pasado, que pusieron fin a los ocho a\u00f1os del PiS en el poder, el nuevo gobierno pretende restaurar el Estado de derecho, cerrar el procedimiento del art\u00edculo 7 y descongelar los fondos de la UE mediante reformas.<\/p>\n\n\n\n<h2 class=\"wp-block-heading\">Las reformas de Polonia: \u00abun plan realista\u00bb con mucho trabajo por hacer<\/h2>\n\n\n\n<p class=\"wp-block-paragraph\">El 20 de febrero, el nuevo ministro polaco de Justicia, <strong>Adam Bodnar<\/strong>, expuso en Bruselas el plan de reforma judicial del nuevo gobierno a los ministros de Asuntos Europeos de los Estados miembros, acompa\u00f1ado por el ministro polaco para Europa, <strong>Adam Sz\u0142apka<\/strong>.<\/p>\n\n\n\n<p class=\"wp-block-paragraph\">El plan, que hab\u00eda sido bien recibido en Bruselas, consiste en una serie de cambios legislativos destinados a revertir las reformas del poder judicial en Polonia aplicadas por el gobierno del PiS.<\/p>\n\n\n\n<p class=\"wp-block-paragraph\">El plan de Bodnar inclu\u00eda nueve cambios legislativos, el primero de los cuales es una enmienda a la Ley sobre el Consejo Nacional de la Magistratura. Los dem\u00e1s cambios afectan al Tribunal Constitucional y al Tribunal Supremo. El Gobierno polaco tambi\u00e9n tiene previsto separar el cargo de Ministro de Justicia del Fiscal General y aprobar una ley sobre el estatuto de los empleados de tribunales y fiscal\u00edas.<\/p>\n\n\n\n<p class=\"wp-block-paragraph\">Sin embargo, partes de ese plan dependen de una nueva legislaci\u00f3n, que a\u00fan podr\u00eda ser vetada por el presidente polaco <strong>Andrzej Duda<\/strong>, pr\u00f3ximo al partido PiS, que controlaba el gobierno anterior.<\/p>\n\n\n\n<p class=\"wp-block-paragraph\">Pero altos funcionarios de la UE dijeron que la decisi\u00f3n de desbloquear la financiaci\u00f3n polaca se basaba en la evaluaci\u00f3n de la Comisi\u00f3n de que Polonia hab\u00eda logrado importantes \u00absuper hitos\u00bb. La decisi\u00f3n no significa que se haya restablecido plenamente la independencia judicial, a\u00f1adieron.<\/p>\n\n\n\n<p class=\"wp-block-paragraph\">El comisario europeo de Justicia, <strong>Didier Reynders<\/strong>, dijo que los compromisos del Gobierno polaco con la reforma eran hasta ahora \u00abmuy impresionantes\u00bb. La comisaria V\u011bra Jourov\u00e1, responsable de temas relacionados con la democracia, la desinformaci\u00f3n y el Estado de derecho, explic\u00f3 que Bodnar hab\u00eda presentado \u00abun plan de acci\u00f3n realista para restaurar la independencia del poder judicial\u00bb. Seg\u00fan ella, ese plan representaba \u00abun primer paso\u00bb hacia el cierre del procedimiento del art\u00edculo 7.<\/p>\n\n\n\n<p class=\"wp-block-paragraph\">Sin embargo, tambi\u00e9n admiti\u00f3 que \u00abqueda mucho trabajo por hacer\u00bb, dada la \u00abextensa lista de violaciones\u00bb del Estado de derecho. \u00abHay que resolver todas estas cuestiones\u00bb, afirm\u00f3, asegurando un enfoque \u00abconstructivo\u00bb por parte de la Comisi\u00f3n en su di\u00e1logo con las autoridades nacionales.<\/p>\n\n\n\n<p class=\"wp-block-paragraph\">\u00abDonde hay voluntad, hay un camino\u00bb, coment\u00f3 la ministra belga de Asuntos exteriores, <strong>Hadja Lahbib<\/strong>, en nombre de la presidencia del Consejo de la UE. Lahbib destac\u00f3 la \u00abdeterminaci\u00f3n\u00bb mostrada por el reci\u00e9n instalado gobierno de Donald Tusk para \u00abinvertir la tendencia\u00bb de los \u00faltimos a\u00f1os en Polonia. \u00abCelebramos con satisfacci\u00f3n esta din\u00e1mica positiva\u00bb, declar\u00f3 la ministra, que espera que el procedimiento del art\u00edculo 7 se cierre antes de que finalice la Presidencia belga, el 30 de junio.<\/p>\n\n\n\n<h2 class=\"wp-block-heading\">\u00bfCu\u00e1nto y cu\u00e1ndo?<\/h2>\n\n\n\n<p class=\"wp-block-paragraph\">El dinero, que asciende a 137.000 millones de euros, procede de un presupuesto de desarrollo controlado por la Comisi\u00f3n Europea (76.500 millones de euros) y de un plan de recuperaci\u00f3n post-Covid-19 (59.800 millones de euros).<\/p>\n\n\n\n<p class=\"wp-block-paragraph\">La suma puede desglosarse tanto en pagos atrasados que fueron bloqueados como en pagos que vencen en los pr\u00f3ximos a\u00f1os, que tambi\u00e9n habr\u00edan sido bloqueados si la Comisi\u00f3n no hubiera decidido restablecer la financiaci\u00f3n de Polonia.<\/p>\n\n\n\n<p class=\"wp-block-paragraph\"><em>El Fondo de Recuperaci\u00f3n y Resiliencia<\/em><\/p>\n\n\n\n<p class=\"wp-block-paragraph\">Casi 60.000 millones de euros proceden del Fondo de Recuperaci\u00f3n pospand\u00e9mica, de los cuales 25.300 millones son subvenciones y 34.500 millones pr\u00e9stamos. Polonia hab\u00eda presentado anteriormente un Plan Nacional de Recuperaci\u00f3n en el que se especificaba c\u00f3mo se utilizar\u00eda el dinero, por ejemplo en el \u00e1mbito de las pol\u00edticas clim\u00e1ticas y medioambientales o en el campo de la digitalizaci\u00f3n y la ciberseguridad.<\/p>\n\n\n\n<p class=\"wp-block-paragraph\">El dinero del fondo de recuperaci\u00f3n a\u00fan debe ser aprobado por los Estados miembros de la UE. En general, todos los pagos con cargo a este presupuesto deben ser aprobados por una mayor\u00eda suficiente de Estados miembros representados en el Consejo de la UE, previa recomendaci\u00f3n de la Comisi\u00f3n. Esto se aplica no s\u00f3lo a Polonia, sino a cualquier pa\u00eds de la UE que solicite ayuda del fondo de recuperaci\u00f3n. El 29 de febrero, la Comisi\u00f3n recomend\u00f3 al Consejo que aprobara la \u00faltima solicitud de pago de Polonia.<\/p>\n\n\n\n<p class=\"wp-block-paragraph\">\u00abUna vez confirmada por los Estados miembros, la evaluaci\u00f3n de hoy de la Comisi\u00f3n de la UE allana el camino para el desembolso del primer tramo de 6.300 millones de euros de la asignaci\u00f3n total de 59.800 millones de euros del FRR [Fondo de Recuperaci\u00f3n y Resiliencia] a Polonia\u00bb, declar\u00f3 Vera Jourov\u00e1 en X. Polonia espera recibir el primer tramo en abril.&nbsp;<\/p>\n\n\n\n<figure class=\"wp-block-embed aligncenter is-type-rich is-provider-twitter wp-block-embed-twitter\"><div class=\"wp-block-embed__wrapper\">\n<blockquote class=\"twitter-tweet\" data-width=\"550\" data-dnt=\"true\"><p lang=\"en\" dir=\"ltr\">Today we turn a page on the <a href=\"https:\/\/twitter.com\/hashtag\/RuleOfLaw?src=hash&amp;ref_src=twsrc%5Etfw\">#RuleOfLaw<\/a> issues w\/ \ud83c\uddf5\ud83c\uddf1 as we recognize the important strides made by the government.<br>\u00a0<br>The judicial milestones in the Recovery Plan have been met. EU Commission was objective and supportive as had always been in the past.<br><br>\ud83d\udc49 <a href=\"https:\/\/t.co\/WpvUeLIzar\">https:\/\/t.co\/WpvUeLIzar<\/a><\/p>&mdash; V\u011bra Jourov\u00e1 (@VeraJourova) <a href=\"https:\/\/twitter.com\/VeraJourova\/status\/1763168473058886102?ref_src=twsrc%5Etfw\">February 29, 2024<\/a><\/blockquote><script async src=\"https:\/\/platform.twitter.com\/widgets.js\" charset=\"utf-8\"><\/script>\n<\/div><\/figure>\n\n\n\n<p class=\"wp-block-paragraph\"><em>El presupuesto de desarrollo<\/em><\/p>\n\n\n\n<p class=\"wp-block-paragraph\">Los otros 76.500 millones de euros se pagar\u00e1n seg\u00fan un plan de inversiones acordado entre la Comisi\u00f3n y el Gobierno polaco para el periodo 2021-2027. El plan se enmarca en la pol\u00edtica de cohesi\u00f3n de la UE, que financia el desarrollo en los Estados miembros menos ricos de la UE. Los pagos con cargo a este presupuesto los controla la Comisi\u00f3n y no requieren la aprobaci\u00f3n del Consejo.<\/p>\n\n\n\n<p class=\"wp-block-paragraph\">Los pagos tampoco se desembolsan inmediatamente, sino que son reembolsos que se transfieren una vez que los Estados miembros han ejecutado los proyectos designados. Bruselas espera que Polonia solicite la devoluci\u00f3n de unos 600 millones de euros en las pr\u00f3ximas semanas, seg\u00fan fuentes de la Comisi\u00f3n.<\/p>\n\n\n\n<p class=\"wp-block-paragraph\"><em>Este art\u00edculo se publica semanalmente. El contenido se basa en noticias de agencias que participan en la enr.<\/em><\/p>\n\n\n\n<p class=\"wp-block-paragraph\"><em>Nota del editor: P\u00e1rrafo sobre Duda editado para aclarar que no es miembro de PiS, pero cercano al partido.<\/em><\/p>\n","protected":false},"excerpt":{"rendered":"<p>Durante el mandato del partido Ley y Justicia, Polonia experiment\u00f3 cambios jurisdiccionales que llevaron a la Uni\u00f3n Europea a cerrar el grifo del dinero. Con Donald Tusk en el poder, las reformas est\u00e1n en marcha y la UE desbloquea los fondos, dando luz verde al acceso a miles de millones.<\/p>\n","protected":false},"author":147,"featured_media":133396,"comment_status":"closed","ping_status":"closed","sticky":false,"template":"","format":"standard","meta":{"_acf_changed":false,"_et_pb_use_builder":"","_et_pb_old_content":"","_et_gb_content_width":"","footnotes":""},"categories":[39],"tags":[],"class_list":["post-215497","post","type-post","status-publish","format-standard","has-post-thumbnail","hentry","category-key-story"],"acf":[],"_links":{"self":[{"href":"https:\/\/europeannewsroom.com\/es\/wp-json\/wp\/v2\/posts\/215497","targetHints":{"allow":["GET"]}}],"collection":[{"href":"https:\/\/europeannewsroom.com\/es\/wp-json\/wp\/v2\/posts"}],"about":[{"href":"https:\/\/europeannewsroom.com\/es\/wp-json\/wp\/v2\/types\/post"}],"author":[{"embeddable":true,"href":"https:\/\/europeannewsroom.com\/es\/wp-json\/wp\/v2\/users\/147"}],"replies":[{"embeddable":true,"href":"https:\/\/europeannewsroom.com\/es\/wp-json\/wp\/v2\/comments?post=215497"}],"version-history":[{"count":0,"href":"https:\/\/europeannewsroom.com\/es\/wp-json\/wp\/v2\/posts\/215497\/revisions"}],"wp:featuredmedia":[{"embeddable":true,"href":"https:\/\/europeannewsroom.com\/es\/wp-json\/wp\/v2\/media\/133396"}],"wp:attachment":[{"href":"https:\/\/europeannewsroom.com\/es\/wp-json\/wp\/v2\/media?parent=215497"}],"wp:term":[{"taxonomy":"category","embeddable":true,"href":"https:\/\/europeannewsroom.com\/es\/wp-json\/wp\/v2\/categories?post=215497"},{"taxonomy":"post_tag","embeddable":true,"href":"https:\/\/europeannewsroom.com\/es\/wp-json\/wp\/v2\/tags?post=215497"}],"curies":[{"name":"wp","href":"https:\/\/api.w.org\/{rel}","templated":true}]}}