{"id":216235,"date":"2024-03-09T13:07:41","date_gmt":"2024-03-09T12:07:41","guid":{"rendered":"https:\/\/europeannewsroom.dpa.com\/?p=216235"},"modified":"2024-03-09T14:08:22","modified_gmt":"2024-03-09T13:08:22","slug":"derecho-al-aborto-francia-lidera-el-cambio-constitucional","status":"publish","type":"post","link":"https:\/\/europeannewsroom.com\/es\/derecho-al-aborto-francia-lidera-el-cambio-constitucional\/","title":{"rendered":"Derecho al aborto: Francia lidera el cambio constitucional"},"content":{"rendered":"\n<p class=\"wp-block-paragraph\">El Parlamento franc\u00e9s vot\u00f3 el lunes a favor de consagrar el derecho al aborto en la Constituci\u00f3n, con lo que Francia se convierte en el primer pa\u00eds del mundo que ofrece protecci\u00f3n expl\u00edcita a la interrupci\u00f3n del embarazo en su ley fundamental.<\/p>\n\n\n\n<p class=\"wp-block-paragraph\">El aborto hasta la d\u00e9cima semana de gestaci\u00f3n est\u00e1 permitido en Francia desde 1975. Desde entonces, la ley ha cambiado para permitir a las mujeres abortar hasta la semana 14 de embarazo, y los costes del procedimiento est\u00e1n cubiertos por el seguro de salud.<\/p>\n\n\n\n<p class=\"wp-block-paragraph\">El presidente <strong>Emmanuel Macron<\/strong> describi\u00f3 la medida como un \u00aborgullo franc\u00e9s\u00bb que hab\u00eda enviado un \u00abmensaje universal\u00bb, y se celebra una ceremonia p\u00fablica especial para conmemorar la medida en Par\u00eds coincidiendo con el D\u00eda Internacional de la Mujer Trabajadora, el 8 de marzo.<\/p>\n\n\n\n<p class=\"wp-block-paragraph\">Francia tambi\u00e9n tiene la intenci\u00f3n de \u00abllevar esta lucha a nivel europeo\u00bb, dijo el mi\u00e9rcoles la portavoz del Gobierno, <strong>Prisca Thevenot<\/strong>. \u00abEn 2022, el Presidente de la Rep\u00fablica anunci\u00f3 su intenci\u00f3n de incluir el derecho al aborto en la Carta de los Derechos Fundamentales de la Uni\u00f3n Europea\u00bb, declar\u00f3 la portavoz del gobierno.<\/p>\n\n\n\n<p class=\"wp-block-paragraph\">La decisi\u00f3n de los legisladores franceses se produce cuando los pa\u00edses miembros de la UE y los legisladores alcanzaron en febrero un acuerdo sobre las normas del bloque para hacer frente a la violencia contra las mujeres.<\/p>\n\n\n\n<p class=\"wp-block-paragraph\">La Organizaci\u00f3n Mundial de la Salud (OMS) salud\u00f3 el lunes el voto de los legisladores franceses. \u00abAcogemos con satisfacci\u00f3n la decisi\u00f3n de Francia de garantizar los derechos de las mujeres y salvar sus vidas\u00bb, dijo el jefe de la OMS, <strong>Tedros Adhanom Ghebreyesus<\/strong>, en un post en X.<\/p>\n\n\n\n<p class=\"wp-block-paragraph\">Sin embargo, tras la votaci\u00f3n del Parlamento franc\u00e9s, el Vaticano reiter\u00f3 su oposici\u00f3n al aborto. \u00abLa Pontificia Academia para la Vida recuerda que, en la era de los derechos humanos universales, no puede existir el &#8216;derecho&#8217; a quitar una vida humana\u00bb, dijo la instituci\u00f3n vaticana en un comunicado, haci\u00e9ndose eco de las preocupaciones ya planteadas por los obispos cat\u00f3licos franceses.<\/p>\n\n\n\n<h2 class=\"wp-block-heading\">Los derechos reproductivos, amenazados<\/h2>\n\n\n\n<p class=\"wp-block-paragraph\">Macron se comprometi\u00f3 el a\u00f1o pasado a proteger el aborto en la Constituci\u00f3n, despu\u00e9s de que el Tribunal Supremo de Estados Unidos anulara en 2022 el derecho a la interrupci\u00f3n voluntaria del embarazo, de medio siglo de antig\u00fcedad, y permitiera a los estados norteamericanos prohibirlo o restringirlo.<\/p>\n\n\n\n<p class=\"wp-block-paragraph\">En aquel momento, el primer ministro griego, el conservador <strong>Kyriakos Mitsotakis<\/strong>, dijo estar \u00abrealmente preocupado por la decisi\u00f3n del Tribunal Supremo de Estados Unidos. Es un gran paso atr\u00e1s en la lucha por los derechos de la mujer\u00bb, en un mensaje en X (entonces Twitter).<\/p>\n\n\n\n<figure class=\"wp-block-embed is-type-rich is-provider-twitter wp-block-embed-twitter\"><div class=\"wp-block-embed__wrapper\">\n<blockquote class=\"twitter-tweet\" data-width=\"550\" data-dnt=\"true\"><p lang=\"en\" dir=\"ltr\">Really troubled by the decision of the US Supreme Court. It is a major step back in the fight for women\u2019s rights.<\/p>&mdash; Prime Minister GR (@PrimeministerGR) <a href=\"https:\/\/twitter.com\/PrimeministerGR\/status\/1540639019737939970?ref_src=twsrc%5Etfw\">June 25, 2022<\/a><\/blockquote><script async src=\"https:\/\/platform.twitter.com\/widgets.js\" charset=\"utf-8\"><\/script>\n<\/div><\/figure>\n\n\n\n<p class=\"wp-block-paragraph\">El primer ministro franc\u00e9s, <strong>Gabriel Attal<\/strong>, afirm\u00f3 que el derecho a abortar sigue \u00aben peligro\u00bb en todo el mundo, con nuestras \u00ablibertades en esencia amenazadas&#8230; a merced de quienes toman las decisiones\u00bb.<\/p>\n\n\n\n<p class=\"wp-block-paragraph\">Las contracampa\u00f1as conservadoras est\u00e1n desbaratando los avances mundiales en los derechos de la mujer con \u00faltimos \u00abcontragolpes\u00bb de una serie que se remonta a la d\u00e9cada de 1980, advirtieron activistas y expertos antes del D\u00eda Internacional de la Mujer. Los observadores afirman que los avances en los derechos de la mujer han ido seguidos sistem\u00e1ticamente de una reacci\u00f3n violenta desde la d\u00e9cada de 1980.<\/p>\n\n\n\n<p class=\"wp-block-paragraph\">La teor\u00eda del \u00abcontragolpe\u00bb fue detallada por la feminista estadounidense <strong>Susan Faludi <\/strong>en su libro &#8216;Backlash: The Undeclared War Against American Women'\u00bb&#8216; (1991). Describe la estrategia de los movimientos conservadores estadounidenses tras la liberalizaci\u00f3n de las leyes del aborto y la primera incorporaci\u00f3n de la mujer al mercado laboral en los a\u00f1os setenta.<\/p>\n\n\n\n<h2 class=\"wp-block-heading\">Aumenta la violencia contra las mujeres<\/h2>\n\n\n\n<p class=\"wp-block-paragraph\">Organizado y politizado, el contramovimiento impugna el derecho al aborto, alimenta el odio y el acoso en Internet y tambi\u00e9n fomenta la violencia dom\u00e9stica, seg\u00fan los investigadores.<\/p>\n\n\n\n<p class=\"wp-block-paragraph\">La UE aprob\u00f3 en febrero su primera ley contra la violencia de g\u00e9nero. La ley pretende proteger a las mujeres de los 27 pa\u00edses de la Uni\u00f3n Europea de la violencia de g\u00e9nero, los matrimonios forzados, la mutilaci\u00f3n genital femenina y el acoso en l\u00ednea. La Comisi\u00f3n Europea propuso por primera vez esta importante legislaci\u00f3n el 8 de marzo de 2022, con motivo del D\u00eda Internacional de la Mujer.<\/p>\n\n\n\n<p class=\"wp-block-paragraph\">Sin embargo, el acuerdo no inclu\u00eda una definici\u00f3n com\u00fan de violaci\u00f3n. El acceso al aborto deber\u00eda estar disponible para las v\u00edctimas de violaci\u00f3n, pero varios Estados de todo el mundo restringen el aborto incluso en casos de violaci\u00f3n e incesto. Los Estados que se oponen a definir la violaci\u00f3n en el texto argumentaron que \u00e9sta no tiene la dimensi\u00f3n transfronteriza necesaria para ser considerada un delito que conlleve penas comunes en el bloque, cuestionando as\u00ed la competencia de la UE en la materia.<\/p>\n\n\n\n<p class=\"wp-block-paragraph\">A finales de febrero, el Instituto 8 de Marzo, una ONG eslovena, lanz\u00f3 una campa\u00f1a a favor del aborto seguro y accesible en toda Europa. La campa\u00f1a, denominada \u00abMi voz, mi elecci\u00f3n\u00bb, pretende recoger un mill\u00f3n de firmas en toda la UE, y re\u00fane a organizaciones de Espa\u00f1a, Francia, Polonia, Finlandia e Irlanda.<\/p>\n\n\n\n<p class=\"wp-block-paragraph\">Los organizadores consideran que el tema es importante de cara a las pr\u00f3ximas elecciones europeas y debido al auge del extremismo en Europa. Al igual que otros pa\u00edses, Eslovenia se enfrenta a un aumento de la violencia contra las mujeres y de los estereotipos de g\u00e9nero en muchos \u00e1mbitos.<\/p>\n\n\n\n<h2 class=\"wp-block-heading\">Derecho al aborto en Europa<\/h2>\n\n\n\n<p class=\"wp-block-paragraph\">Aunque el derecho al aborto est\u00e1 cada vez m\u00e1s amenazado, los pa\u00edses europeos tienen normas que permiten la interrupci\u00f3n precoz del embarazo, aunque algunas son m\u00e1s estrictas que otras. Una selecci\u00f3n de varios pa\u00edses muestra sus diferencias.<\/p>\n\n\n\n<p class=\"wp-block-paragraph\"><strong>Albania<\/strong>: En Albania, el aborto se permiti\u00f3 por ley a principios de los noventa, y las cifras hablan de un descenso significativo de los casos. Sin embargo, los grupos de defensa de la mujer y los especialistas en salud p\u00fablica expresan su preocupaci\u00f3n por el llamado aborto selectivo en funci\u00f3n del sexo. Seg\u00fan las estimaciones m\u00e1s modestas, en Albania \u00abfaltan\u00bb miles de ni\u00f1as, tras a\u00f1os de abortos selectivos en funci\u00f3n del sexo que provocaron la interrupci\u00f3n de embarazos por parte de familias que esperaban tener hijos varones. A pesar de una mayor concienciaci\u00f3n, los valores profundamente arraigados parecen dif\u00edciles de cambiar, y los expertos advierten de que podr\u00eda provocar un desequilibrio social.<\/p>\n\n\n\n<p class=\"wp-block-paragraph\"><strong>Bulgaria<\/strong>: El aborto a petici\u00f3n en Bulgaria se legaliz\u00f3 en 1956. En 1968, el gobierno prohibi\u00f3 abortar a las mujeres sin hijos por miedo a la despoblaci\u00f3n. Tambi\u00e9n se introdujeron otras restricciones a lo largo de los a\u00f1os, pero tras el fin del r\u00e9gimen comunista en el pa\u00eds, se volvi\u00f3 a permitir el aborto voluntario durante el primer trimestre de embarazo. Actualmente, una mujer puede optar por abortar hasta al final de la duod\u00e9cima semana de embarazo.<\/p>\n\n\n\n<p class=\"wp-block-paragraph\"><strong>Rep\u00fablica Checa<\/strong>: La Rep\u00fablica Checa tiene una ley que permite el aborto desde 1957. En caso de interrupci\u00f3n del embarazo a petici\u00f3n de la madre, la fecha l\u00edmite es la 12\u00aa semana de gestaci\u00f3n, y en caso de defectos gen\u00e9ticos, la 24\u00aa semana. Las propuestas de los legisladores para restringir los abortos no han tenido \u00e9xito. Una aplastante mayor\u00eda de checos est\u00e1 a favor de la libertad de decisi\u00f3n sobre el aborto, seg\u00fan una encuesta realizada en 2023 por el Centro de Investigaci\u00f3n de la Opini\u00f3n P\u00fablica de la Academia Checa de Ciencias (CVVM).<\/p>\n\n\n\n<p class=\"wp-block-paragraph\"><strong>Alemania<\/strong>: El aborto no est\u00e1 totalmente legalizado en Alemania, pero sigue siendo impune en las doce primeras semanas si la mujer recibe asesoramiento previo. Sin embargo, los partidos socialdem\u00f3cratas SPD, Los Verdes y el liberal FDP en el gobierno alem\u00e1n est\u00e1n estudiando la posibilidad de suprimir el art\u00edculo 218 del c\u00f3digo penal, en el que figura actualmente.<\/p>\n\n\n\n<p class=\"wp-block-paragraph\"><strong>Italia<\/strong>: Una ley promulgada en 1978 sobre la interrupci\u00f3n voluntaria del embarazo ha sido frecuentemente el centro de agrias pol\u00e9micas y duros ataques en Italia. La ley establece que s\u00f3lo es posible abortar en un centro sanitario p\u00fablico dentro de los primeros 90 d\u00edas de embarazo en determinadas &#8216;\u00bbcircunstancias en las que la continuaci\u00f3n del embarazo, el parto o la maternidad supongan un grave peligro para la salud f\u00edsica o mental de la mujer\u00bb. La ley tambi\u00e9n permite la objeci\u00f3n de conciencia de m\u00e9dicos y enfermeras, lo que dificulta el acceso al aborto, del que Italia tiene oficialmente una de las tasas m\u00e1s bajas del mundo.<\/p>\n\n\n\n<p class=\"wp-block-paragraph\"><strong>Polonia<\/strong>: Actualmente, el aborto s\u00f3lo est\u00e1 permitido en Polonia si el embarazo es consecuencia de violaci\u00f3n o incesto, o si pone en peligro la salud o la vida de la madre. El reci\u00e9n formado gobierno de coalici\u00f3n polaco quiere revocar en 2020 una sentencia del Tribunal Constitucional que ech\u00f3 por tierra un consenso sobre el aborto alcanzado durante d\u00e9cadas, influido por jueces nombrados por el entonces partido socialconservador Ley y Justicia (PiS), que llev\u00f3 a una prohibici\u00f3n casi total de las interrupciones del embarazo.<\/p>\n\n\n\n<p class=\"wp-block-paragraph\"><strong>Portugal<\/strong>: La legislaci\u00f3n sobre el aborto en Portugal se liberaliz\u00f3 el 10 de abril de 2007, permitiendo el aborto electivo a petici\u00f3n de la mujer hasta la d\u00e9cima semana de embarazo. Recientemente, la cuesti\u00f3n de un nuevo refer\u00e9ndum sobre el derecho al aborto en la legislaci\u00f3n portuguesa ha sido planteada durante la campa\u00f1a pol\u00edtica por un candidato de Alian\u00e7a Democr\u00e1tica (una coalici\u00f3n de tres partidos conservadores) para las pr\u00f3ximas elecciones legislativas que tendr\u00e1n lugar el 10 de marzo, pero el tema no ha sido incluido por ninguno de los partidos pol\u00edticos o coaliciones que se presentan al parlamento.<\/p>\n\n\n\n<p class=\"wp-block-paragraph\"><strong>Ruman\u00eda<\/strong>: En Ruman\u00eda, el aborto a petici\u00f3n est\u00e1 regulado por ley (C\u00f3digo Penal) y puede practicarse hasta la semana 14 de embarazo. Pasado este intervalo, el acto m\u00e9dico se castiga con penas de prisi\u00f3n o multa y la prohibici\u00f3n de ejercer determinados derechos, con algunas excepciones. Para el aborto no quir\u00fargico (con p\u00edldoras), las recomendaciones de las directrices m\u00e9dicas, corroboradas con las de los prospectos farmac\u00e9uticos, prev\u00e9n un l\u00edmite de nueve semanas. Despu\u00e9s de m\u00e1s de nueve semanas de embarazo, los m\u00e9dicos dejan de utilizar este m\u00e9todo.<\/p>\n\n\n\n<p class=\"wp-block-paragraph\"><strong>Eslovenia<\/strong>: Eslovenia es uno de los pocos pa\u00edses con derecho constitucional a la libertad de los progenitores para decidir sobre el nacimiento de sus hijos. Como consecuencia, el aborto es legal y est\u00e1 permitido en Eslovenia, y el n\u00famero de abortos es muy bajo. Sin embargo, la cuesti\u00f3n del aborto se plantea con frecuencia como tema en los debates pol\u00edticos y de la sociedad civil, sobre todo en el contexto de un fortalecimiento percibido de las opiniones e iniciativas m\u00e1s conservadoras sobre esta cuesti\u00f3n.<\/p>\n\n\n\n<p class=\"wp-block-paragraph\"><strong>Espa\u00f1a<\/strong>: En Espa\u00f1a, la interrupci\u00f3n voluntaria del embarazo est\u00e1 regulada desde 2010 por una ley aprobada durante el gobierno socialista de Jos\u00e9 Luis Rodr\u00edguez Zapatero. La ley fue ratificada en 2023 por el Tribunal Constitucional, que consagr\u00f3 el derecho de la mujer a decidir \u00abde forma aut\u00f3noma y sin coacciones\u00bb si contin\u00faa o no con el embarazo, un derecho exigible por la administraci\u00f3n p\u00fablica. Permite la interrupci\u00f3n voluntaria dentro de las primeras 14 semanas de gestaci\u00f3n. La ley tambi\u00e9n reconoce la posibilidad de interrumpir el embarazo hasta la semana 22 si existe \u00abgrave riesgo\u00bb de patolog\u00eda fetal o cuando la vida de la madre est\u00e1 en peligro.<\/p>\n\n\n\n<p class=\"wp-block-paragraph\"><strong>Suecia<\/strong>: En Suecia, el gobierno est\u00e1 investigando en estos momentos c\u00f3mo modernizar la ley del aborto de 1975 para facilitar que las mujeres puedan abortar en casa, de forma segura. La mayor\u00eda de los abortos ya s\u00f3lo se inician en una cl\u00ednica u hospital, con la administraci\u00f3n de f\u00e1rmacos a las pacientes, pero luego se finalizan en casa. Los abortos son legales en Suecia desde 1938, y las leyes actuales los permiten hasta la semana 18.<\/p>\n\n\n\n<p class=\"wp-block-paragraph\">Este art\u00edculo se publica semanalmente. El contenido se basa en noticias de las agencias que participan en la<em> ENR<\/em>.<\/p>\n","protected":false},"excerpt":{"rendered":"<p>Justo a tiempo para el D\u00eda Internacional de la Mujer, el 8 de marzo, los legisladores franceses han votado a favor de consagrar el derecho al aborto en la Constituci\u00f3n del pa\u00eds. Al mismo tiempo, pol\u00edticos y expertos advierten de que el derecho al aborto est\u00e1 sometido a presi\u00f3n en todo el mundo. En Europa, el derecho al aborto var\u00eda de un pa\u00eds a otro, con algunos m\u00e1s restrictivos que otros.<\/p>\n","protected":false},"author":69,"featured_media":216239,"comment_status":"closed","ping_status":"closed","sticky":false,"template":"","format":"standard","meta":{"_acf_changed":false,"_et_pb_use_builder":"","_et_pb_old_content":"","_et_gb_content_width":"","footnotes":""},"categories":[39],"tags":[13421,13420,13416,7315,13422,13423,10413,777],"class_list":["post-216235","post","type-post","status-publish","format-standard","has-post-thumbnail","hentry","category-key-story","tag-8-m","tag-aborto-2","tag-feminismo","tag-francia","tag-igualdad","tag-machismo","tag-mujer","tag-ue-4"],"acf":[],"_links":{"self":[{"href":"https:\/\/europeannewsroom.com\/es\/wp-json\/wp\/v2\/posts\/216235","targetHints":{"allow":["GET"]}}],"collection":[{"href":"https:\/\/europeannewsroom.com\/es\/wp-json\/wp\/v2\/posts"}],"about":[{"href":"https:\/\/europeannewsroom.com\/es\/wp-json\/wp\/v2\/types\/post"}],"author":[{"embeddable":true,"href":"https:\/\/europeannewsroom.com\/es\/wp-json\/wp\/v2\/users\/69"}],"replies":[{"embeddable":true,"href":"https:\/\/europeannewsroom.com\/es\/wp-json\/wp\/v2\/comments?post=216235"}],"version-history":[{"count":0,"href":"https:\/\/europeannewsroom.com\/es\/wp-json\/wp\/v2\/posts\/216235\/revisions"}],"wp:featuredmedia":[{"embeddable":true,"href":"https:\/\/europeannewsroom.com\/es\/wp-json\/wp\/v2\/media\/216239"}],"wp:attachment":[{"href":"https:\/\/europeannewsroom.com\/es\/wp-json\/wp\/v2\/media?parent=216235"}],"wp:term":[{"taxonomy":"category","embeddable":true,"href":"https:\/\/europeannewsroom.com\/es\/wp-json\/wp\/v2\/categories?post=216235"},{"taxonomy":"post_tag","embeddable":true,"href":"https:\/\/europeannewsroom.com\/es\/wp-json\/wp\/v2\/tags?post=216235"}],"curies":[{"name":"wp","href":"https:\/\/api.w.org\/{rel}","templated":true}]}}