{"id":216273,"date":"2024-03-10T16:52:42","date_gmt":"2024-03-10T15:52:42","guid":{"rendered":"https:\/\/europeannewsroom.dpa.com\/?p=216273"},"modified":"2024-03-10T16:52:49","modified_gmt":"2024-03-10T15:52:49","slug":"los-paises-de-la-ue-intentan-una-vez-mas-aprobar-la-ley-de-empleo-en-plataformas-digitales","status":"publish","type":"post","link":"https:\/\/europeannewsroom.com\/es\/los-paises-de-la-ue-intentan-una-vez-mas-aprobar-la-ley-de-empleo-en-plataformas-digitales\/","title":{"rendered":"Los pa\u00edses de la UE intentan una vez m\u00e1s aprobar la ley de empleo en plataformas digitales"},"content":{"rendered":"\n<p class=\"wp-block-paragraph\">Bruselas &#8211; Los ministros de Empleo de la Uni\u00f3n Europea (UE) intentar\u00e1n una vez m\u00e1s este lunes aprobar la directiva que pretende mejorar las condiciones laborales en plataformas digitales como Uber y reducir el n\u00famero de falsos aut\u00f3nomos en esas empresas.<\/p>\n\n\n\n<p class=\"wp-block-paragraph\">Lo har\u00e1n en una reuni\u00f3n en Bruselas, despu\u00e9s de que los embajadores de los Estados miembros ante la UE\u00a0no hayan podido lograr en dos ocasiones previas una mayor\u00eda suficiente\u00a0a favor del texto pactado con la Euroc\u00e1mara. Para aprobar la mayor\u00eda de leyes de la UE, los pa\u00edses y el Parlamento Europeo, colegisladores del club comunitario, negocian hasta lograr un acuerdo provisional sobre las normas.<\/p>\n\n\n\n<p class=\"wp-block-paragraph\">En esas conversaciones, a los pa\u00edses los representa el Estado que cada semestre ocupa de forma temporal la presidencia del Consejo de la UE. Sin embargo, los acuerdos provisionales tienen que ser despu\u00e9s confirmados por la Euroc\u00e1mara y por el conjunto de los pa\u00edses.<\/p>\n\n\n\n<p class=\"wp-block-paragraph\">En el caso de la directiva de plataformas,\u00a0los embajadores de los Estados miembros ante la UE han rechazado ya dos pactos provisionales. El\u00a0primer acuerdo, cerrado durante la presidencia espa\u00f1ola, fijaba una lista de cinco criterios y, si se cumpl\u00edan al menos dos de ellos, se consideraba que el trabajador de una plataforma lo era por cuenta ajena y no un aut\u00f3nomo.<\/p>\n\n\n\n<p class=\"wp-block-paragraph\">El pact\u00f3 no prosper\u00f3 y luego cerraron\u00a0un segundo acuerdo que establec\u00ed que se determinar\u00eda a nivel nacional, en cada Estado miembro, si los empleados de plataformas lo son por cuenta ajena o por cuenta propia, eliminando as\u00ed de la ley la lista \u00fanica de criterios que habr\u00eda servido a las plataformas en toda la UE para aclarar si los empleados eran o no aut\u00f3nomos. Sin embargo,\u00a0el pasado 16 de febrero, Alemania, Grecia y Estonia se abstuvieron en el encuentro de los embajadores para confirmar el pacto, mientras que Francia vot\u00f3 en contra. Las posiciones de esos cuatro pa\u00edses fueron suficientes para bloquear el texto. (10 de marzo)<\/p>\n\n\n\n<h2 class=\"wp-block-heading\">El Eurogrupo abre este lunes la fase de disciplina fiscal con las nuevas reglas de d\u00e9ficit<\/h2>\n\n\n\n<figure class=\"wp-block-image size-full is-resized\"><img loading=\"lazy\" decoding=\"async\" width=\"800\" height=\"450\" src=\"https:\/\/europeannewsroom.com\/wp-content\/uploads\/2024\/03\/image-4.png\" alt=\"\" class=\"wp-image-216274\" style=\"width:849px;height:auto\" srcset=\"https:\/\/europeannewsroom.com\/wp-content\/uploads\/2024\/03\/image-4.png 800w, https:\/\/europeannewsroom.com\/wp-content\/uploads\/2024\/03\/image-4-480x270.png 480w\" sizes=\"(min-width: 0px) and (max-width: 480px) 480px, (min-width: 481px) 800px, 100vw\" \/><figcaption class=\"wp-element-caption\">Imagen de archivo de la reuni\u00f3n del Eurogrupo celebrada en Bruselas el 15 de enero de 2024. EFE\/EPA\/OLIVIER HOSLET<\/figcaption><\/figure>\n\n\n\n<p class=\"wp-block-paragraph\">Bruselas &#8211; Los ministros de Econom\u00eda y Finanzas de la eurozona (Eurogrupo) arrancan este lunes una nueva etapa de disciplina fiscal en la que buscar\u00e1n sanear sus cuentas p\u00fablicas despu\u00e9s de cuatro a\u00f1os en los que desplegaron ayudas e inversiones sin el cors\u00e9 de las reglas que limitan d\u00e9ficit y deuda.<\/p>\n\n\n\n<p class=\"wp-block-paragraph\">Los titulares de Finanzas del euro mantendr\u00e1n, en concreto, un debate sobre la pol\u00edtica fiscal de la zona euro en 2025, el primer a\u00f1o en el que los presupuestos nacionales tendr\u00e1n que basarse en\u00a0las nuevas reglas fiscales\u00a0que entrar\u00e1n en vigor en mayo, salvo sorpresa, una vez sean aprobadas formalmente.<\/p>\n\n\n\n<p class=\"wp-block-paragraph\">La econom\u00eda se fren\u00f3 en 2023 con un crecimiento anual del 0,4 %, muy inferior al 3,4 % de 2022 y al 6 % de 2021, pero\u00a0los pa\u00edses del euro lograron esquivar una recesi\u00f3n t\u00e9cnica\u00a0que se daba por segura en los \u00faltimos compases del pasado a\u00f1o. Las \u00faltimas previsiones de la Comisi\u00f3n Europea\u00a0apuntan a una aceleraci\u00f3n de la actividad en la segunda mitad del a\u00f1o que previsiblemente estar\u00e1 acompa\u00f1ada de las\u00a0primeras bajadas de tipos por parte del Banco Central Europeo (BCE), a medida que la inflaci\u00f3n se acerca al objetivo del 2 %.<\/p>\n\n\n\n<p class=\"wp-block-paragraph\">Aunque reconocen que es \u00abun reto\u00bb porque esta fase tambi\u00e9n requerir\u00e1 de inversiones en las transiciones verde y digital, fuentes comunitarias asumen que\u00a0\u00abel a\u00f1o que viene ser\u00e1 el momento de la consolidaci\u00f3n fiscal\u00bb, y remarcan que \u00abalgunos Estados miembros tendr\u00e1n que dar esfuerzo de consolidaci\u00f3n m\u00e1s ambicioso que otros\u00bb. (10 de marzo)<\/p>\n\n\n\n<h2 class=\"wp-block-heading\">Doce socios europeos impulsan un proyecto de IA para mejorar la relaci\u00f3n persona-robot<\/h2>\n\n\n\n<figure class=\"wp-block-image size-full is-resized\"><img loading=\"lazy\" decoding=\"async\" width=\"800\" height=\"450\" src=\"https:\/\/europeannewsroom.com\/wp-content\/uploads\/2024\/03\/image-6.png\" alt=\"\" class=\"wp-image-216318\" style=\"width:848px;height:auto\" srcset=\"https:\/\/europeannewsroom.com\/wp-content\/uploads\/2024\/03\/image-6.png 800w, https:\/\/europeannewsroom.com\/wp-content\/uploads\/2024\/03\/image-6-480x270.png 480w\" sizes=\"(min-width: 0px) and (max-width: 480px) 480px, (min-width: 481px) 800px, 100vw\" \/><figcaption class=\"wp-element-caption\">Fotograf\u00eda del &#8216;Agente de IA&#8217;, un robot dom\u00e9stico inteligente de LG que busca crear un &#8216;hogar sin trabajo&#8217; EFE\/Sarah Y\u00e1\u00f1ez-Richards\/Archivo<\/figcaption><\/figure>\n\n\n\n<p class=\"wp-block-paragraph\">Madrid &#8211; Doce socios europeos de siete pa\u00edses, entre ellos el Consejo Superior de Investigaciones Cient\u00edficas espa\u00f1ol, han puesto en marcha un proyecto basado en la inteligencia artificial para tratar de mejorar la relaci\u00f3n entre las personas y los robots en los entornos industriales.<\/p>\n\n\n\n<p class=\"wp-block-paragraph\">El proyecto Multi-Modal and Multi-Aspect Holistic Human-Robot Interaction (FORTIS) nace con una dotaci\u00f3n de 10 millones de euros, seg\u00fan el CSIC, y pretende desarrollar tres modelos principales en los sectores de la construcci\u00f3n, los servicios de infraestructuras y la fabricaci\u00f3n para demostrar la eficacia y la seguridad de la interacci\u00f3n entre humanos y robots.<\/p>\n\n\n\n<figure class=\"wp-block-embed is-type-rich is-provider-twitter wp-block-embed-twitter\"><div class=\"wp-block-embed__wrapper\">\n<blockquote class=\"twitter-tweet\" data-width=\"550\" data-dnt=\"true\"><p lang=\"es\" dir=\"ltr\">Un proyecto europeo aporta nuevas soluciones basadas en IA a la relaci\u00f3n humano-robot en entornos industriales. El CSIC contribuye en <a href=\"https:\/\/twitter.com\/hashtag\/FORTIS?src=hash&amp;ref_src=twsrc%5Etfw\">#FORTIS<\/a> con el desarrollo de herramientas y servicios para programar tareas que prioricen la eficacia y la seguridad.<br>\u27a1\ufe0f<a href=\"https:\/\/t.co\/zCK3NohPX7\">https:\/\/t.co\/zCK3NohPX7<\/a> <a href=\"https:\/\/t.co\/el3rknwPmy\">pic.twitter.com\/el3rknwPmy<\/a><\/p>&mdash; CSIC (@CSIC) <a href=\"https:\/\/twitter.com\/CSIC\/status\/1764971605002694735?ref_src=twsrc%5Etfw\">March 5, 2024<\/a><\/blockquote><script async src=\"https:\/\/platform.twitter.com\/widgets.js\" charset=\"utf-8\"><\/script>\n<\/div><\/figure>\n\n\n\n<p class=\"wp-block-paragraph\">La poblaci\u00f3n europea est\u00e1 envejeciendo y la oficina estad\u00edstica comunitaria Eurostat ha se\u00f1alado recientemente que\u00a0Espa\u00f1a es el segundo pa\u00eds de la UE que m\u00e1s ha envejecido en la \u00faltima d\u00e9cada, ha recordado el CSIC, y ha destacado que este proyecto se ha puesto en marcha para tratar de paliar estos efectos en el mercado de trabajo, para mejorar las condiciones laborales y garantizar el bienestar.<\/p>\n\n\n\n<p class=\"wp-block-paragraph\">La iniciativa, que va a ser coordinada por el centro de investigaci\u00f3n aplicada y desarrollo tecnol\u00f3gico Tecnalia del Pa\u00eds Vasco,\u00a0pretende desarrollar con investigaci\u00f3n puntera y tecnolog\u00eda avanzada una soluci\u00f3n centrada en las personas que atienda las necesidades tanto de la mano de obra humana como de los robots en espacios de trabajo industriales\u00a0en los que la colaboraci\u00f3n e interacci\u00f3n entre ambos es clave.<\/p>\n\n\n\n<p class=\"wp-block-paragraph\">Adem\u00e1s de los tres sectores citados (construcci\u00f3n, infraestructuras ya fabricaci\u00f3n) tambi\u00e9n se financiar\u00e1n modelos que permitan interactuar a los humanos con los robots en entornos como la sanidad, los actos p\u00fablicos, los centros comerciales y los supermercados. (9 de marzo)<\/p>\n\n\n\n<h2 class=\"wp-block-heading\">El Mercosur relanzar\u00e1 en abril su negociaci\u00f3n con cuatro pa\u00edses europeos ajenos a la UE<\/h2>\n\n\n\n<figure class=\"wp-block-image size-full is-resized\"><img loading=\"lazy\" decoding=\"async\" width=\"800\" height=\"450\" src=\"https:\/\/europeannewsroom.com\/wp-content\/uploads\/2024\/03\/image-5.png\" alt=\"\" class=\"wp-image-216296\" style=\"width:851px;height:auto\" srcset=\"https:\/\/europeannewsroom.com\/wp-content\/uploads\/2024\/03\/image-5.png 800w, https:\/\/europeannewsroom.com\/wp-content\/uploads\/2024\/03\/image-5-480x270.png 480w\" sizes=\"(min-width: 0px) and (max-width: 480px) 480px, (min-width: 481px) 800px, 100vw\" \/><figcaption class=\"wp-element-caption\"><figure class=\"wp-block-image size-full is-resized\">Imagen cedida por la EFTA de una de reuni\u00f3n de su comit\u00e9 conjunto, en junio de 2022. EFE\/EFTA Secretariat<br><\/figure><figure class=\"wp-block-image size-full is-resized\"><\/figure><\/figcaption><\/figure>\n\n\n\n<p class=\"wp-block-paragraph\">Buenos Aires &#8211; El Mercosur y la Asociaci\u00f3n Europea de Libre Comercio (EFTA, por su sigla en ingl\u00e9s), formada por cuatro pa\u00edses europeos que no pertenecen a la Uni\u00f3n Europea (UE), acordaron este viernes celebrar en abril pr\u00f3ximo una reuni\u00f3n en Buenos Aires para relanzar sus negociaciones con vistas a firmar un acuerdo de libre comercio, paralizadas desde 2019.<\/p>\n\n\n\n<p class=\"wp-block-paragraph\">El anuncio se produce en un momento de estancamiento en las expectativas de culminar un acuerdo de libre comercio entre la UE y el Mercosur tras m\u00e1s de dos d\u00e9cadas de negociaciones, una posibilidad que se ha enfriado a ra\u00edz de las fuertes\u00a0manifestaciones de agricultores y ganaderos\u00a0de las \u00faltimas semanas en toda Europa.<\/p>\n\n\n\n<p class=\"wp-block-paragraph\">Eso ha llevado al Mercosur a\u00a0mirar hacia otros mercados con los que poder firmar asociaciones comerciales, y en ese marco, este viernes hubo una conversaci\u00f3n por videoconferencia entre los jefes negociadores de sus pa\u00edses miembros (Argentina, Brasil, Paraguay, Uruguay y Bolivia) y los de la\u00a0EFTA.<\/p>\n\n\n\n<p class=\"wp-block-paragraph\">Esa asociaci\u00f3n europea\u00a0est\u00e1\u00a0formada por cuatro pa\u00edses extracomunitarios: Islandia, Noruega y la uni\u00f3n aduanera de Suiza y Liechtenstein, que sin embargo -con la excepci\u00f3n de Suiza- pertenecen al espacio econ\u00f3mico europeo.<\/p>\n\n\n\n<p class=\"wp-block-paragraph\">Seg\u00fan inform\u00f3 la Canciller\u00eda argentina en un comunicado, la idea es comenzar a transitar la \u00abhoja de ruta\u00bb que, en nombre del bloque suramericano, ha propuesto Argentina para acelerar los trabajos con vistas a un futuro acuerdo de libre comercio. (8 de marzo)<\/p>\n\n\n\n<h2 class=\"wp-block-heading\">El nuevo acuerdo UE-Chile contribuir\u00e1 a un desarrollo verde y justo, dice S\u00e1nchez<\/h2>\n\n\n\n<p class=\"wp-block-paragraph\">Santiago de Chile &#8211; El presidente del Gobierno espa\u00f1ol, <strong>Pedro S\u00e1nchez<\/strong>, asegur\u00f3 este viernes que el nuevo acuerdo de asociaci\u00f3n entre Chile y la Uni\u00f3n Europea es un \u00abhito\u00bb en las relaciones comerciales con el continente americano, porque por primera vez introduce cl\u00e1usulas sobre comercio sostenible, igualdad de g\u00e9nero y cambio clim\u00e1tico.<\/p>\n\n\n\n<p class=\"wp-block-paragraph\">S\u00e1nchez, que lleg\u00f3 la noche del jueves a Santiago de Chile procedente de Brasil, explic\u00f3 en un foro empresarial ante m\u00e1s de 400 empresarios espa\u00f1oles y chilenos que el nuevo acuerdo \u00abelimina casi todos los aranceles todav\u00eda existentes\u00ab, \u00abintroduce compromisos compartidos de comercio y sostenibilidad avanzados\u00bb y \u00abestablece\u00a0nuevos est\u00e1ndares en materia de igualdad\u00a0de oportunidades entre hombres y mujeres\u00bb.<\/p>\n\n\n\n<blockquote class=\"wp-block-quote is-layout-flow wp-block-quote-is-layout-flow\">\n<p class=\"wp-block-paragraph\">\u00abNo es casual que sea Chile quien abra camino. Tampoco lo es que este pa\u00eds registre hoy los mejores datos de su historia en reducci\u00f3n de la desigualdad de ingresos\u00bb<\/p>\n<cite>Pedro S\u00e1nchez, presidente del Gobierno de Espa\u00f1a.<\/cite><\/blockquote>\n\n\n\n<p class=\"wp-block-paragraph\">Tras m\u00e1s de un lustro de negociaciones,\u00a0la UE y Chile suscribieron el 13 de diciembre un pionero acuerdo\u00a0que\u00a0moderniza el vigente desde 2003\u00a0y con el que el bloque comunitario busca diversificar el suministro de materias primas cr\u00edticas para la transici\u00f3n ecol\u00f3gica (como el litio) y reducir la dependencia de China.<\/p>\n\n\n\n<p class=\"wp-block-paragraph\">El acuerdo fue firmado la semana pasada por el Parlamento Europeo y\u00a0tiene que ser ratificado por las C\u00e1maras de los pa\u00edses europeos y de Chile\u00a0para su entrada en vigor.<\/p>\n\n\n\n<p class=\"wp-block-paragraph\">El canciller chileno,\u00a0<strong>Alberto van Klaveren<\/strong>, subray\u00f3 durante su intervenci\u00f3n en el foro que el\u00a0comercio bilateral UE-Chile creci\u00f3 alrededor de un 150 % entre 2002 y 2022,\u00a0y agradeci\u00f3 a Espa\u00f1a el empuje final que le dio al nuevo acuerdo durante su\u00a0presidencia del Consejo Europeo\u00a0en el segundo semestre de 2023. (8 de marzo)<\/p>\n\n\n\n<p class=\"wp-block-paragraph\"><em>Este art\u00edculo se basa en una selecci\u00f3n de noticias publicadas semanalmente por EFE. La responsabilidad editorial es exclusivamente de EFE.<\/em><a id=\"\" href=\"javascript:window.print()\"><\/a><\/p>\n","protected":false},"excerpt":{"rendered":"<p>Los ministros de Empleo de los Veintisiete se reunir\u00e1n este lunes para tratar de desatascar la directiva que pretende mejorar las condiciones laborales de los trabajadores de plataformas digitales como Uber y reducir el n\u00famero de falsos aut\u00f3nomos en esas empresas.<\/p>\n","protected":false},"author":69,"featured_media":216341,"comment_status":"closed","ping_status":"closed","sticky":false,"template":"","format":"standard","meta":{"_acf_changed":false,"_et_pb_use_builder":"","_et_pb_old_content":"","_et_gb_content_width":"","footnotes":""},"categories":[45],"tags":[],"class_list":["post-216273","post","type-post","status-publish","format-standard","has-post-thumbnail","hentry","category-europe-in-brief"],"acf":[],"_links":{"self":[{"href":"https:\/\/europeannewsroom.com\/es\/wp-json\/wp\/v2\/posts\/216273","targetHints":{"allow":["GET"]}}],"collection":[{"href":"https:\/\/europeannewsroom.com\/es\/wp-json\/wp\/v2\/posts"}],"about":[{"href":"https:\/\/europeannewsroom.com\/es\/wp-json\/wp\/v2\/types\/post"}],"author":[{"embeddable":true,"href":"https:\/\/europeannewsroom.com\/es\/wp-json\/wp\/v2\/users\/69"}],"replies":[{"embeddable":true,"href":"https:\/\/europeannewsroom.com\/es\/wp-json\/wp\/v2\/comments?post=216273"}],"version-history":[{"count":0,"href":"https:\/\/europeannewsroom.com\/es\/wp-json\/wp\/v2\/posts\/216273\/revisions"}],"wp:featuredmedia":[{"embeddable":true,"href":"https:\/\/europeannewsroom.com\/es\/wp-json\/wp\/v2\/media\/216341"}],"wp:attachment":[{"href":"https:\/\/europeannewsroom.com\/es\/wp-json\/wp\/v2\/media?parent=216273"}],"wp:term":[{"taxonomy":"category","embeddable":true,"href":"https:\/\/europeannewsroom.com\/es\/wp-json\/wp\/v2\/categories?post=216273"},{"taxonomy":"post_tag","embeddable":true,"href":"https:\/\/europeannewsroom.com\/es\/wp-json\/wp\/v2\/tags?post=216273"}],"curies":[{"name":"wp","href":"https:\/\/api.w.org\/{rel}","templated":true}]}}