{"id":217147,"date":"2024-03-11T18:03:48","date_gmt":"2024-03-11T17:03:48","guid":{"rendered":"https:\/\/europeannewsroom.dpa.com\/?p=217147"},"modified":"2024-03-11T18:03:59","modified_gmt":"2024-03-11T17:03:59","slug":"von-der-leyen-y-metsola-recuerdan-el-11-m-en-el-20-aniversario","status":"publish","type":"post","link":"https:\/\/europeannewsroom.com\/es\/von-der-leyen-y-metsola-recuerdan-el-11-m-en-el-20-aniversario\/","title":{"rendered":"Von der Leyen y Metsola recuerdan el 11-M en el 20 aniversario"},"content":{"rendered":"\n<p class=\"wp-block-paragraph\">Bruselas\/Madrid \u2013 La presidenta de la Comisi\u00f3n Europea, Ursula von der Leyen, y la del Parlamento Europeo, Roberta Metsola, han recordado este lunes los atentados terroristas que dejaron 193 v\u00edctimas mortales y m\u00e1s de 2.000 heridos en Madrid el 11 de marzo de 2004.<\/p>\n\n\n\n<p class=\"wp-block-paragraph\">\u201cHonramos las vidas perdidas, el valor de los supervivientes y la resistencia de una naci\u00f3n\u00bb, ha se\u00f1alado Von der Leyen en un mensaje en redes sociales en el vig\u00e9simo aniversario de los ataques del 11-M.<\/p>\n\n\n\n<p class=\"wp-block-paragraph\">En una declaraci\u00f3n por el D\u00eda Europeo en Memoria de las V\u00edctimas del Terrorismo, que se celebra en recuerdo de los atentados de Madrid, la Comisi\u00f3n ha reiterado la \u00abunidad inquebrantable\u00bb de los europeos para defender valores como \u00abla paz, respeto y solidaridad\u00bb.<\/p>\n\n\n\n<p class=\"wp-block-paragraph\">\u00abNo permitiremos que los terroristas infundan miedo y odio en nuestra sociedad\u00bb, ha subrayado el Ejecutivo comunitario, que ha reafirmado su compromiso en la lucha contra el terrorismo y ha abogado por ofrecer apoyo y protecci\u00f3n a las v\u00edctimas.<\/p>\n\n\n\n<p class=\"wp-block-paragraph\">Para Metsola, el 11-M de 2004 fue \u00abun d\u00eda negro para Europa\u00bb. \u201cEl atentado terrorista de Madrid atac\u00f3 nuestro modo de vida\u201d, pero \u201cnuestros valores vencieron al miedo\u00bb, ha escrito en un mensaje en su perfil de X.<\/p>\n\n\n\n<p class=\"wp-block-paragraph\">Hace 20 a\u00f1os, un comando yihadista hizo estallar diez mochilas cargadas de explosivos en diferentes puntos de la l\u00ednea de tren que une la localidad madrile\u00f1a de Alcal\u00e1 de Henares con la estaci\u00f3n de Atocha. D\u00edas despu\u00e9s, siete de los responsables de los atentados se inmolaron en una vivienda de Legan\u00e9s al verse rodeados por la Polic\u00eda, causando la muerte de un agente.<\/p>\n\n\n\n<p class=\"wp-block-paragraph\">En un acto organizado por la Comisi\u00f3n Europea en Madrid, el presidente del Gobierno de Espa\u00f1a, Pedro S\u00e1nchez, ha reivindicado la necesidad de recordar a las v\u00edctimas del terrorismo por su dignidad y tambi\u00e9n para defender los Derechos Humanos y reforzar el Estado de derecho con el que quieren acabar los terroristas.<\/p>\n\n\n\n<p class=\"wp-block-paragraph\">Por su parte, el rey Felipe VI ha pedido que se visibilice a las v\u00edctimas, \u00abuna referencia \u00e9tica\u00bb, que se estudie el fen\u00f3meno del terrorismo en las aulas y que se trasladen los testimonios de quienes lo han sufrido como \u00abla mejor pedagog\u00eda\u00bb contra la radicalizaci\u00f3n.<\/p>\n\n\n\n<p class=\"wp-block-paragraph\">Tambi\u00e9n ha intervenido el vicepresidente de la Comisi\u00f3n Europea para el Modo de Vida Europeo, Margaritis Schinas, que ha dejado claro que los europeos no van a dejar de defender la democracia frente a los terroristas que buscan \u201cdebilitar\u201d este sistema y las libertades de los ciudadanos. (11 de marzo)<\/p>\n","protected":false},"excerpt":{"rendered":"<p>Von der Leyen y Metsola han recordado los atentados del 11-M perpetrados en Madrid hace 20 a\u00f1os rindiendo homenaje a las v\u00edctimas y reivindicando los valores europeos y la unidad frente al terrorismo.<\/p>\n","protected":false},"author":87,"featured_media":217149,"comment_status":"closed","ping_status":"closed","sticky":false,"template":"","format":"standard","meta":{"_acf_changed":false,"_et_pb_use_builder":"","_et_pb_old_content":"","_et_gb_content_width":"","footnotes":""},"categories":[45],"tags":[],"class_list":["post-217147","post","type-post","status-publish","format-standard","has-post-thumbnail","hentry","category-europe-in-brief"],"acf":[],"_links":{"self":[{"href":"https:\/\/europeannewsroom.com\/es\/wp-json\/wp\/v2\/posts\/217147","targetHints":{"allow":["GET"]}}],"collection":[{"href":"https:\/\/europeannewsroom.com\/es\/wp-json\/wp\/v2\/posts"}],"about":[{"href":"https:\/\/europeannewsroom.com\/es\/wp-json\/wp\/v2\/types\/post"}],"author":[{"embeddable":true,"href":"https:\/\/europeannewsroom.com\/es\/wp-json\/wp\/v2\/users\/87"}],"replies":[{"embeddable":true,"href":"https:\/\/europeannewsroom.com\/es\/wp-json\/wp\/v2\/comments?post=217147"}],"version-history":[{"count":0,"href":"https:\/\/europeannewsroom.com\/es\/wp-json\/wp\/v2\/posts\/217147\/revisions"}],"wp:featuredmedia":[{"embeddable":true,"href":"https:\/\/europeannewsroom.com\/es\/wp-json\/wp\/v2\/media\/217149"}],"wp:attachment":[{"href":"https:\/\/europeannewsroom.com\/es\/wp-json\/wp\/v2\/media?parent=217147"}],"wp:term":[{"taxonomy":"category","embeddable":true,"href":"https:\/\/europeannewsroom.com\/es\/wp-json\/wp\/v2\/categories?post=217147"},{"taxonomy":"post_tag","embeddable":true,"href":"https:\/\/europeannewsroom.com\/es\/wp-json\/wp\/v2\/tags?post=217147"}],"curies":[{"name":"wp","href":"https:\/\/api.w.org\/{rel}","templated":true}]}}