{"id":217200,"date":"2024-03-11T18:25:34","date_gmt":"2024-03-11T17:25:34","guid":{"rendered":"https:\/\/europeannewsroom.dpa.com\/?p=217200"},"modified":"2024-03-11T18:27:01","modified_gmt":"2024-03-11T17:27:01","slug":"espana-y-la-ue-abogan-por-la-unidad-y-la-convivencia-como-antidoto-contra-el-terrorismo","status":"publish","type":"post","link":"https:\/\/europeannewsroom.com\/es\/espana-y-la-ue-abogan-por-la-unidad-y-la-convivencia-como-antidoto-contra-el-terrorismo\/","title":{"rendered":"Espa\u00f1a y la UE abogan por la unidad y la convivencia como ant\u00eddoto contra el terrorismo"},"content":{"rendered":"\n<p class=\"wp-block-paragraph\">Madrid\/Estrasburgo\/Bruselas &#8211;  La UE y Espa\u00f1a han coincidido este lunes en destacar el papel que las v\u00edctimas representan en la defensa de la democracia y en la necesidad de mantener la unidad y la convivencia como el mejor ant\u00eddoto para hacer frente al terrorismo y la radicalizaci\u00f3n.<\/p>\n\n\n\n<p class=\"wp-block-paragraph\">La Galer\u00eda de las Colecciones Reales de Madrid ha sido el escenario de la conmemoraci\u00f3n del D\u00eda Europeo en Recuerdo de las V\u00edctimas del Terrorismo, que la Comisi\u00f3n Europea (CE) ha organizado en la capital coincidiendo con el 20 aniversario de los atentados del 11M.<\/p>\n\n\n\n<p class=\"wp-block-paragraph\">Los reyes han presidido el acto, al que han asistido unas 250 personas, entre ellas el jefe del Gobierno espa\u00f1ol, <strong>Pedro S\u00e1nchez<\/strong>, el vicepresidente comunitario <strong>Margaritis Schinas<\/strong>, representantes de los poderes del Estado y v\u00edctimas del terrorismo y familiares.<\/p>\n\n\n\n<p class=\"wp-block-paragraph\">Familiares de las 193 v\u00edctimas de las explosiones, que adem\u00e1s provocaron m\u00e1s de 2.000 heridos, pusieron voz al recuerdo en distintos homenajes para conmemorar este aniversario en la capital de Espa\u00f1a, donde aquel d\u00eda los terroristas hicieron estallar bombas en trenes de cercan\u00edas en hora punta.<\/p>\n\n\n\n<p class=\"wp-block-paragraph\">El ataque caus\u00f3 un gran trauma social y pol\u00edtico en Espa\u00f1a y evidenci\u00f3 la amenaza del yihadismo para toda Europa, que desde entonces dedica este d\u00eda al recuerdo de las v\u00edctimas del terrorismo.<\/p>\n\n\n\n<h2 class=\"wp-block-heading\">Europa contra el terror<\/h2>\n\n\n\n<p class=\"wp-block-paragraph\"><strong>S\u00e1nchez<\/strong> apel\u00f3 a la convivencia y el respeto como el mejor ant\u00eddoto contra el terrorismo y su caldo de cultivo, el fanatismo y la intolerancia, e inst\u00f3 a velar para que nadie pueda verse atra\u00eddo por ideas de odio que circulan en redes sociales y a proteger los ideales de justicia y libertad de Europa.<\/p>\n\n\n\n<p class=\"wp-block-paragraph\"><strong>Felipe VI<\/strong> proclam\u00f3 que las v\u00edctimas son las que mejor representan \u201cla grandeza de la democracia y su fortaleza\u201d, por lo que pidi\u00f3 hacer todo lo posible para que se sientan \u201creconocidas, atendidas y protegidas\u201d. \u201cTodas ellas cuentan con nuestro m\u00e1ximo respeto, el de Espa\u00f1a y el de la UE\u201d, abund\u00f3.<\/p>\n\n\n\n<p class=\"wp-block-paragraph\">La presidenta de la Comisi\u00f3n Europea, <strong>Ursula von der Leyen<\/strong>, llam\u00f3 a combatir el terrorismo \u00aben Europa y en el extranjero\u00bb, en un mensaje en X.<\/p>\n\n\n\n<p class=\"wp-block-paragraph\">\u00abEste a\u00f1o tiene un significado particular con la conmemoraci\u00f3n del ataque en Madrid hace dos d\u00e9cadas. La memoria de las v\u00edctimas perdurar\u00e1\u00bb, subray\u00f3 en un comunicado la Comisi\u00f3n Europea.<\/p>\n\n\n\n<p class=\"wp-block-paragraph\">El presidente del Consejo Europeo, <strong>Charles Michel<\/strong>, tambi\u00e9n destac\u00f3 este lunes que hace 20 a\u00f1os fueron testigos del horror en Madrid y que, 20 a\u00f1os despu\u00e9s, \u201cno olvidamos la conmoci\u00f3n, la solidaridad mundial y a las v\u00edctimas de este odioso crimen\u201d. El pol\u00edtico belga indic\u00f3 en X que \u201cEuropa permanece unida contra el terror\u201d y que \u00abnuestra lucha nunca se detendr\u00e1\u201d.<\/p>\n\n\n\n<p class=\"wp-block-paragraph\">El D\u00eda Europeo de las V\u00edctimas de Terrorismo, que fue instaurado catorce d\u00edas despu\u00e9s del atentado, se celebr\u00f3 en las Colecciones Reales en Madrid, donde se puede ver la exposici\u00f3n \u00ab20 a\u00f1os del 11M. Memoria de dolor y solidaridad\u00bb, con fotos de la Agencia EFE, organizada por la Fundaci\u00f3n y el Centro Memorial de V\u00edctimas del Terrorismo.<\/p>\n\n\n\n<h2 class=\"wp-block-heading\">\u00abUna cicatriz en toda Europa\u00bb<\/h2>\n\n\n\n<p class=\"wp-block-paragraph\">En Estrasburgo, el pleno del Parlamento Europeo record\u00f3 a las v\u00edctimas de los atentados del 11 de marzo de 2004 en Madrid, cuya \u00abconmoci\u00f3n y profundo dolor\u00bb dejaron \u00abuna cicatriz en toda Europa\u00bb, en palabras de la presidenta de la Euroc\u00e1mara, <strong>Roberta Metsola<\/strong>.<\/p>\n\n\n\n<p class=\"wp-block-paragraph\">\u00abLloramos la p\u00e9rdida de seres queridos que nos fueron arrebatados demasiado pronto. Recordamos hoy a las v\u00edctimas y dos d\u00e9cadas despu\u00e9s reiteramos nuestro compromiso de luchar contra el extremismo y el terrorismo. Estamos con el pueblo de Madrid y de Espa\u00f1a\u00bb, dijo Metsola al comienzo del pleno en Estrasburgo (Francia).<\/p>\n\n\n\n<p class=\"wp-block-paragraph\">\u00abLa conmoci\u00f3n y el profundo dolor tras las diez bombas detonadas por Al Qaeda en la capital de Espa\u00f1a dejaron una cicatriz en toda Europa\u00bb, dijo la presidenta de la Euroc\u00e1mara. <\/p>\n\n\n\n<p class=\"wp-block-paragraph\"><em>La responsabilidad editorial de esta publicaci\u00f3n es de EFE.<\/em><\/p>\n","protected":false},"excerpt":{"rendered":"<p>Las 193 v\u00edctimas mortales del mayor atentado terrorista en la historia de Europa fueron recordadas este lunes en Espa\u00f1a, que mantiene viva su memoria veinte a\u00f1os despu\u00e9s del sanguinario ataque yihadista del 11 de marzo de 2004 en Madrid.<\/p>\n","protected":false},"author":49,"featured_media":217177,"comment_status":"closed","ping_status":"closed","sticky":false,"template":"","format":"standard","meta":{"_acf_changed":false,"_et_pb_use_builder":"","_et_pb_old_content":"","_et_gb_content_width":"","footnotes":""},"categories":[45],"tags":[13450],"class_list":["post-217200","post","type-post","status-publish","format-standard","has-post-thumbnail","hentry","category-europe-in-brief","tag-11m"],"acf":[],"_links":{"self":[{"href":"https:\/\/europeannewsroom.com\/es\/wp-json\/wp\/v2\/posts\/217200","targetHints":{"allow":["GET"]}}],"collection":[{"href":"https:\/\/europeannewsroom.com\/es\/wp-json\/wp\/v2\/posts"}],"about":[{"href":"https:\/\/europeannewsroom.com\/es\/wp-json\/wp\/v2\/types\/post"}],"author":[{"embeddable":true,"href":"https:\/\/europeannewsroom.com\/es\/wp-json\/wp\/v2\/users\/49"}],"replies":[{"embeddable":true,"href":"https:\/\/europeannewsroom.com\/es\/wp-json\/wp\/v2\/comments?post=217200"}],"version-history":[{"count":0,"href":"https:\/\/europeannewsroom.com\/es\/wp-json\/wp\/v2\/posts\/217200\/revisions"}],"wp:featuredmedia":[{"embeddable":true,"href":"https:\/\/europeannewsroom.com\/es\/wp-json\/wp\/v2\/media\/217177"}],"wp:attachment":[{"href":"https:\/\/europeannewsroom.com\/es\/wp-json\/wp\/v2\/media?parent=217200"}],"wp:term":[{"taxonomy":"category","embeddable":true,"href":"https:\/\/europeannewsroom.com\/es\/wp-json\/wp\/v2\/categories?post=217200"},{"taxonomy":"post_tag","embeddable":true,"href":"https:\/\/europeannewsroom.com\/es\/wp-json\/wp\/v2\/tags?post=217200"}],"curies":[{"name":"wp","href":"https:\/\/api.w.org\/{rel}","templated":true}]}}