{"id":220888,"date":"2024-03-21T18:22:24","date_gmt":"2024-03-21T17:22:24","guid":{"rendered":"https:\/\/europeannewsroom.dpa.com\/?p=220888"},"modified":"2024-03-21T18:22:36","modified_gmt":"2024-03-21T17:22:36","slug":"la-abogada-general-ue-propone-anular-el-acuerdo-pesquero-con-marruecos","status":"publish","type":"post","link":"https:\/\/europeannewsroom.com\/es\/la-abogada-general-ue-propone-anular-el-acuerdo-pesquero-con-marruecos\/","title":{"rendered":"La Abogada General UE propone anular el acuerdo pesquero con Marruecos"},"content":{"rendered":"\n<p class=\"wp-block-paragraph\">Bruselas\/Madrid\/Sevilla \u2013 La Abogada General de la Uni\u00f3n Europea ha propuesto este jueves al Tribunal de Justicia de la UE (TJUE) anular la decisi\u00f3n del Consejo por la que se celebra el acuerdo de asociaci\u00f3n con Marruecos para la pesca sostenible, porque considera que vulnera el principio de autodeterminaci\u00f3n del territorio del S\u00e1hara Occidental al no tratarlo como \u00abseparado y distinto\u00bb de Marruecos.<\/p>\n\n\n\n<p class=\"wp-block-paragraph\">Con esta decisi\u00f3n, la Abogada General <strong>Tamara C\u00e1peta<\/strong> respalda la sentencia del Tribunal General \u2013en primera instancia del TJUE\u2013 que ya anul\u00f3 en 2021 la decisi\u00f3n del Consejo y su protocolo y propone desestimar los recursos interpuestos por el Consejo y la Comisi\u00f3n Europea.<\/p>\n\n\n\n<p class=\"wp-block-paragraph\">La aplicaci\u00f3n de este protocolo de pesca expir\u00f3 el pasado 17 de julio de 2023 y supuso la suspensi\u00f3n de la actividad. Se trata de una situaci\u00f3n que afecta especialmente a Espa\u00f1a, ya que 92 de las 138 licencias que faenan en la zona corresponden a su pabell\u00f3n, en concreto, a las flotas andaluza, gallega y canaria.<\/p>\n\n\n\n<p class=\"wp-block-paragraph\">El sector pesquero espa\u00f1ol, representado por la Confederaci\u00f3n Espa\u00f1ola de Pesca (Cepesca), ha afirmado que respetar\u00e1 cualquier decisi\u00f3n que adopte el TJUE sobre el acuerdo pesquero entre la UE y Marruecos, pero ha advertido de que su anulaci\u00f3n definitiva tendr\u00eda un \u00abimpacto significativo\u00bb en la flota europea y la espa\u00f1ola, ya que impedir\u00eda gestionar eficazmente las actividades pesqueras de acuerdo con las normas de sostenibilidad comunitarias en esa parte espec\u00edfica de las aguas de \u00c1frica occidental.<\/p>\n\n\n\n<p class=\"wp-block-paragraph\">Por otro lado, la Abogada General ha concluido que el Tribunal General incurri\u00f3 en un error al anular la decisi\u00f3n por la que se aprueba, en nombre de la UE, un acuerdo arancelario preferencial con Marruecos relativo al territorio del S\u00e1hara Occidental, por lo que propone anular dicha sentencia.<\/p>\n\n\n\n<p class=\"wp-block-paragraph\">En este caso, la Abogada considera que el acuerdo arancelario preferencial s\u00ed trata al territorio del S\u00e1hara Occidental como separado y distinto de Marruecos y aclara que el TJUE no exig\u00eda que el Consejo obtuviera directamente del pueblo saharaui su consentimiento porque, en su organizaci\u00f3n actual, no puede consentir por s\u00ed solo la celebraci\u00f3n de un acuerdo internacional relativo a su territorio. En este caso, la UE puede aceptar que sea Marruecos, como potencia administradora, el que d\u00e9 su consentimiento al acuerdo en nombre del pueblo saharaui, seg\u00fan explica.<\/p>\n\n\n\n<p class=\"wp-block-paragraph\">Adem\u00e1s, dado que la UE y la comunidad internacional consideran al S\u00e1hara Occidental como un territorio distinto y separado de Marruecos, otro dictamen dado a conocer este jueves destaca que el etiquetado de productos alimenticios exige que se indique el territorio del S\u00e1hara Occidental como pa\u00eds de origen de los melones y tomates cultivados y cosechados en dicho territorio.<\/p>\n\n\n\n<p class=\"wp-block-paragraph\">La Federaci\u00f3n Espa\u00f1ola de Asociaciones de Productores Exportadores de Frutas y Hortalizas (Fepex) no comparte la opini\u00f3n de la Abogada General sobre el acuerdo arancelario, ya que considera que supone seguir aplicando las ventajas arancelarias del acuerdo de asociaci\u00f3n UE-Marruecos a las producciones del S\u00e1hara Occidental. Lo que s\u00ed apoya es que sea \u00abobligatorio incorporar\u00bb el origen del S\u00e1hara Occidental en todos los productos procedentes de ese territorio.<\/p>\n\n\n\n<p class=\"wp-block-paragraph\">Por su parte, la Coordinadora de Organizaciones de Agricultores y Ganaderos (COAG) ha reclamado \u00abmedidas urgentes\u00bb frente a las importaciones de Marruecos, con la revisi\u00f3n del acuerdo preferencial con la UE para evitar que se siga posibilitando \u201cenga\u00f1ar\u201d al consumidor europeo. En su opini\u00f3n, se deber\u00edan reforzar los controles en territorio comunitario para comprobar que el etiquetado refleja el origen de las frutas y hortalizas procedentes del S\u00e1hara Occidental. (21 de marzo)<\/p>\n","protected":false},"excerpt":{"rendered":"<p>La Abogada General de la Uni\u00f3n Europea ha propuesto anular el acuerdo pesquero con Marruecos, por no tratar al S\u00e1hara Occidental como un territorio separado, pero ha avalado el acuerdo arancelario preferencial.<\/p>\n","protected":false},"author":87,"featured_media":220889,"comment_status":"closed","ping_status":"closed","sticky":false,"template":"","format":"standard","meta":{"_acf_changed":false,"_et_pb_use_builder":"","_et_pb_old_content":"","_et_gb_content_width":"","footnotes":""},"categories":[45],"tags":[],"class_list":["post-220888","post","type-post","status-publish","format-standard","has-post-thumbnail","hentry","category-europe-in-brief"],"acf":[],"_links":{"self":[{"href":"https:\/\/europeannewsroom.com\/es\/wp-json\/wp\/v2\/posts\/220888","targetHints":{"allow":["GET"]}}],"collection":[{"href":"https:\/\/europeannewsroom.com\/es\/wp-json\/wp\/v2\/posts"}],"about":[{"href":"https:\/\/europeannewsroom.com\/es\/wp-json\/wp\/v2\/types\/post"}],"author":[{"embeddable":true,"href":"https:\/\/europeannewsroom.com\/es\/wp-json\/wp\/v2\/users\/87"}],"replies":[{"embeddable":true,"href":"https:\/\/europeannewsroom.com\/es\/wp-json\/wp\/v2\/comments?post=220888"}],"version-history":[{"count":0,"href":"https:\/\/europeannewsroom.com\/es\/wp-json\/wp\/v2\/posts\/220888\/revisions"}],"wp:featuredmedia":[{"embeddable":true,"href":"https:\/\/europeannewsroom.com\/es\/wp-json\/wp\/v2\/media\/220889"}],"wp:attachment":[{"href":"https:\/\/europeannewsroom.com\/es\/wp-json\/wp\/v2\/media?parent=220888"}],"wp:term":[{"taxonomy":"category","embeddable":true,"href":"https:\/\/europeannewsroom.com\/es\/wp-json\/wp\/v2\/categories?post=220888"},{"taxonomy":"post_tag","embeddable":true,"href":"https:\/\/europeannewsroom.com\/es\/wp-json\/wp\/v2\/tags?post=220888"}],"curies":[{"name":"wp","href":"https:\/\/api.w.org\/{rel}","templated":true}]}}