{"id":224204,"date":"2024-03-28T21:01:42","date_gmt":"2024-03-28T20:01:42","guid":{"rendered":"https:\/\/europeannewsroom.dpa.com\/?p=224204"},"modified":"2024-03-28T21:06:22","modified_gmt":"2024-03-28T20:06:22","slug":"bosnia-y-herzegovina-los-lideres-de-la-ue-acuerdan-iniciar-conversaciones-para-su-adhesion","status":"publish","type":"post","link":"https:\/\/europeannewsroom.com\/es\/bosnia-y-herzegovina-los-lideres-de-la-ue-acuerdan-iniciar-conversaciones-para-su-adhesion\/","title":{"rendered":"Bosnia y Herzegovina: Los l\u00edderes de la UE acuerdan iniciar conversaciones para su adhesi\u00f3n"},"content":{"rendered":"\n<p class=\"wp-block-paragraph\">Los l\u00edderes de la UE acordaron el jueves entablar conversaciones con Bosnia y Herzegovina (BiH) sobre su incorporaci\u00f3n al bloque, aunque las negociaciones no comenzar\u00e1n hasta que el pa\u00eds balc\u00e1nico haya aprobado m\u00e1s reformas clave.<\/p>\n\n\n\n<p class=\"wp-block-paragraph\">\u00ab\u00a1Felicidades! Vuestro lugar est\u00e1 en nuestra familia europea. La decisi\u00f3n de hoy es un paso clave en vuestro camino hacia la UE\u00bb, escribi\u00f3 en X (antes Twitter) el presidente del Consejo Europeo, <strong>Charles Michel<\/strong>, mientras los l\u00edderes se reun\u00edan en una cumbre en Bruselas el 22 de marzo.<\/p>\n\n\n\n<p class=\"wp-block-paragraph\">\u00abAhora hay que seguir trabajando duro para que Bosnia y Herzegovina avance con paso firme, como quiere su pueblo\u00bb, dijo Michel.<\/p>\n\n\n\n<figure class=\"wp-block-embed aligncenter is-type-rich is-provider-twitter wp-block-embed-twitter\"><div class=\"wp-block-embed__wrapper\">\n<blockquote class=\"twitter-tweet\" data-width=\"550\" data-dnt=\"true\"><p lang=\"en\" dir=\"ltr\">The European Council has just decided to open accession negotiations with Bosnia and Herzegovina. Congratulations!<br><br>Your place is in our European family. <br><br>Today\u2019s decision is a key step forward on your EU path. Now the hard work needs to continue so Bosnia and Herzegovina\u2026 <a href=\"https:\/\/t.co\/LyotNa5gGc\">pic.twitter.com\/LyotNa5gGc<\/a><\/p>&mdash; Charles Michel (@CharlesMichel) <a href=\"https:\/\/twitter.com\/CharlesMichel\/status\/1770903519828029902?ref_src=twsrc%5Etfw\">March 21, 2024<\/a><\/blockquote><script async src=\"https:\/\/platform.twitter.com\/widgets.js\" charset=\"utf-8\"><\/script>\n<\/div><\/figure>\n\n\n\n<p class=\"wp-block-paragraph\"><strong>M\u00e1s reformas<\/strong><\/p>\n\n\n\n<p class=\"wp-block-paragraph\">BiH es candidata oficial a la adhesi\u00f3n desde 2022, pero tuvo que aplicar una serie de reformas antes de recibir luz verde para pasar a la siguiente fase. La semana pasada, Bruselas dijo que el pa\u00eds hab\u00eda completado algunos de los pasos requeridos, pero a\u00fan quedan pendientes algunas reformas judiciales y electorales.<\/p>\n\n\n\n<p class=\"wp-block-paragraph\">La guerra de Rusia contra Ucrania ha dado un nuevo impulso a la ampliaci\u00f3n de la UE a Europa Central y Oriental. En diciembre, los Estados miembros acordaron iniciar conversaciones con Ucrania y Moldavia.<\/p>\n\n\n\n<p class=\"wp-block-paragraph\">La b\u00fasqueda de nuevos miembros forma parte de un esfuerzo por contrarrestar la influencia rusa y china en el patio trasero de la UE.<\/p>\n\n\n\n<p class=\"wp-block-paragraph\">La Presidenta de la Comisi\u00f3n Europea, <strong>Ursula von der Leyen<\/strong>, declar\u00f3 que Bosnia est\u00e1 ahora \u00abplenamente alineada\u00bb con la pol\u00edtica exterior y de seguridad de la UE, ha mejorado su gesti\u00f3n de los flujos migratorios y ha aprobado leyes para combatir el blanqueo de dinero y la financiaci\u00f3n del terrorismo.<\/p>\n\n\n\n<p class=\"wp-block-paragraph\">La l\u00edder europea celebr\u00f3 el acuerdo de BiH de incluir las sentencias del Tribunal Penal Internacional para la ex Yugoslavia (TPIY) en los registros penales nacionales.<\/p>\n\n\n\n<p class=\"wp-block-paragraph\">Von der Leyen se\u00f1al\u00f3 nuevos pasos hacia el di\u00e1logo y la reconciliaci\u00f3n tras la guerra que asol\u00f3 el pa\u00eds entre 1992 y 1995, con la creaci\u00f3n de un nuevo comit\u00e9 de consolidaci\u00f3n de la paz.<\/p>\n\n\n\n<p class=\"wp-block-paragraph\">El inicio de las negociaciones es s\u00f3lo el comienzo de un largo proceso de minuciosas reformas que suelen durar muchos a\u00f1os antes de que un pa\u00eds ingrese finalmente en la UE. El presidente de la entidad de mayor\u00eda serbia Republika Srpska, <strong>Milorad Dodik<\/strong>, que sigue siendo aliado del Kremlin, ha ejercido una enorme influencia sobre la entidad serbia durante a\u00f1os y ha avivado con frecuencia las tensiones \u00e9tnicas, poniendo as\u00ed en peligro el camino de Bosnia hacia la UE.<\/p>\n\n\n\n<p class=\"wp-block-paragraph\">Los vecinos regionales de Bosnia, Macedonia del Norte, Montenegro, Serbia y Albania, llevan ya ventaja en sus esfuerzos por ingresar, pero todos siguen muy lejos de la adhesi\u00f3n.<\/p>\n\n\n\n<p class=\"wp-block-paragraph\"><strong>Obst\u00e1culos a la adhesi\u00f3n<\/strong><\/p>\n\n\n\n<p class=\"wp-block-paragraph\">La decisi\u00f3n de iniciar las negociaciones de adhesi\u00f3n se encontr\u00f3 con la fuerte oposici\u00f3n de un grupo de Estados miembros, entre ellos Holanda, Dinamarca, Francia y Estonia, que argumentaron que el progreso de BiH en la senda europea era a\u00fan limitado.<\/p>\n\n\n\n<p class=\"wp-block-paragraph\">Los Pa\u00edses Bajos ve\u00edan un problema en el estancamiento de la aplicaci\u00f3n de las reformas que s\u00f3lo se aprobaron en el \u00faltimo momento. Al final, los Pa\u00edses Bajos votaron a favor de iniciar las conversaciones de adhesi\u00f3n, a pesar de que la C\u00e1mara Baja del Parlamento neerland\u00e9s quer\u00eda vetar la decisi\u00f3n.<\/p>\n\n\n\n<p class=\"wp-block-paragraph\">A pesar de la petici\u00f3n del primer ministro holand\u00e9s, <strong>Mark Rutte<\/strong>, el partido Nuevo Contrato Social (NSC), de tendencia democristiana, se neg\u00f3 a retirar la moci\u00f3n.<\/p>\n\n\n\n<p class=\"wp-block-paragraph\">Seg\u00fan Rutte, un veto causar\u00eda un \u00abda\u00f1o enorme\u00bb a los Pa\u00edses Bajos. <strong>Isa Kahraman<\/strong>, del NSC, por su parte, quiere un aplazamiento de seis meses de la decisi\u00f3n para dar tiempo a BiH a cumplir ocho requisitos adicionales establecidos por la Comisi\u00f3n Europea a finales del a\u00f1o pasado.<\/p>\n\n\n\n<p class=\"wp-block-paragraph\">Por otro lado, el grupo \u00abAmigos de los Balcanes\u00bb, que incluye a varios estados como Austria, Croacia, Italia, Hungr\u00eda y Eslovenia, ha acelerado los avances de Sarajevo en el proceso de integraci\u00f3n. \u00abEs un gran paso adelante, en lo que llamamos reunificaci\u00f3n, la apertura de negociaciones para la adhesi\u00f3n de Bosnia y Herzegovina a la UE\u00bb, declar\u00f3 la primera ministra italiana, <strong>Giorgia Meloni<\/strong>.<\/p>\n\n\n\n<p class=\"wp-block-paragraph\">El primer ministro esloveno, <strong>Robert Golob<\/strong>, describi\u00f3 la decisi\u00f3n del Consejo Europeo de abrir las negociaciones de adhesi\u00f3n con la UE como un paso importante en el camino de Bosnia y Herzegovina hacia la familia europea. La decisi\u00f3n, dijo, es tambi\u00e9n un mensaje importante y alentador para toda la regi\u00f3n de los Balcanes Occidentales, que contribuye a su estabilidad, desarrollo y mejor futuro.<\/p>\n\n\n\n<p class=\"wp-block-paragraph\">Seg\u00fan <strong>Juraj Blan\u00e1r<\/strong>, el ministro de Asuntos Exteriores y Europeos de Eslovaquia, la adhesi\u00f3n de Bosnia a la UE tambi\u00e9n interesa a Eslovaquia. Record\u00f3 que los pa\u00edses de los Balcanes Occidentales llevan m\u00e1s de dos d\u00e9cadas esperando su adhesi\u00f3n a la UE.<\/p>\n\n\n\n<p class=\"wp-block-paragraph\"><strong>Pide reformas y calendarios de adhesi\u00f3n previsibles para Ucrania y Moldavia<\/strong><\/p>\n\n\n\n<p class=\"wp-block-paragraph\">El primer ministro portugu\u00e9s saliente,<strong> Ant\u00f3nio Costa<\/strong>, fue uno de los que adopt\u00f3 una postura m\u00e1s prudente ante la ampliaci\u00f3n: Aunque no se opon\u00eda a la adhesi\u00f3n a la UE de Ucrania, Moldavia y los Balcanes Occidentales, por ejemplo, dijo en muchas ocasiones que la UE no puede acelerar el proceso y decidir en funci\u00f3n de las emociones &#8211; refiri\u00e9ndose espec\u00edficamente a Ucrania.<\/p>\n\n\n\n<p class=\"wp-block-paragraph\">El 6 de octubre, tras la cumbre informal del Consejo Europeo en Granada (Espa\u00f1a), Costa dijo que para que \u00abla ampliaci\u00f3n sea un \u00e9xito, es fundamental concluir las reformas internas\u00bb, desaconsejando \u00abhacer las reformas s\u00f3lo por la ampliaci\u00f3n\u00bb, y a\u00f1adiendo que ambos procesos \u00abdeben avanzar de forma sincronizada\u00bb. Costa tambi\u00e9n expres\u00f3 su preocupaci\u00f3n por el hecho de que la actual arquitectura fiscal no sea capaz de hacer frente a tantas econom\u00edas diferentes, a\u00f1adiendo que por eso estaban en contra de fijar una fecha l\u00edmite para que se hicieran las reformas de la ampliaci\u00f3n de la UE.<\/p>\n\n\n\n<p class=\"wp-block-paragraph\">El presidente rumano, <strong>Klaus Iohannis<\/strong>, pidi\u00f3 un calendario de adhesi\u00f3n previsible para Ucrania y Moldavia para la r\u00e1pida adopci\u00f3n de los marcos de negociaci\u00f3n propuestos por la Comisi\u00f3n y la organizaci\u00f3n de las primeras conferencias intergubernamentales con los dos pa\u00edses candidatos.<\/p>\n\n\n\n<p class=\"wp-block-paragraph\"><strong>Croacia aboga firmemente por la adhesi\u00f3n de BiH<\/strong><\/p>\n\n\n\n<p class=\"wp-block-paragraph\">La decisi\u00f3n del Consejo Europeo de iniciar las negociaciones de adhesi\u00f3n con Bosnia y Herzegovina es un incentivo para que el pa\u00eds contin\u00fae con las reformas, declar\u00f3 el primer ministro croata, <strong>Andrej<\/strong> <strong>Plenkovi\u0107<\/strong>, quien a\u00f1adi\u00f3 que para ello es clave cambiar la ley electoral y acabar con la exclusi\u00f3n electoral de los croatas, que creen no estar representados de forma justa en las instituciones.<\/p>\n\n\n\n<p class=\"wp-block-paragraph\">\u00abEsta decisi\u00f3n [&#8230;] es un brillante incentivo para proseguir las reformas y ponerse al d\u00eda para que BiH pueda entrar en el convoy al que Ucrania y Moldavia se unieron un poco antes\u00bb, declar\u00f3 Plenkovi\u0107 a la Radiotelevisi\u00f3n Herceg-Bosna, con sede en Mostar.<\/p>\n\n\n\n<p class=\"wp-block-paragraph\">Plenkovi\u0107 afirm\u00f3 que BiH puede acelerar su avance hacia la UE aplicando reformas, ya que considera que la reforma electoral es la cuesti\u00f3n clave. \u00abEs clave resolver la cuesti\u00f3n de la representaci\u00f3n leg\u00edtima de los croatas en la presidencia de BiH porque esta anomal\u00eda existe desde 2006[&#8230;] Es un mensaje de falta de respeto a un pueblo constituyente y una distorsi\u00f3n del esp\u00edritu, la letra y el acuerdo de Dayton [acuerdo de paz]\u00bb. BiH tiene un sistema electoral basado en tres etnias constituyentes. Los partidos pol\u00edticos bosnios abogan por que se abandone el principio \u00e9tnico en el proceso electoral. Los croatas, que son tres veces menos numerosos que los bosnios en la Federaci\u00f3n de Bosnia y Herzegovina, temen ser superados en votos por los bosnios, m\u00e1s numerosos, lo que ya ha ocurrido cuatro veces en la elecci\u00f3n de los miembros de la presidencia colectiva.<\/p>\n\n\n\n<p class=\"wp-block-paragraph\"><strong>Bulgaria pide a Macedonia del Norte que reconozca a su minor\u00eda<\/strong><\/p>\n\n\n\n<p class=\"wp-block-paragraph\">En su intervenci\u00f3n en el congreso del Partido Popular Europeo (PPE) celebrado en Bucarest, la viceprimera ministra b\u00falgara, <strong>Mariya<\/strong> <strong>Gabriel<\/strong>, prometi\u00f3 el apoyo de Bulgaria a Ucrania, Moldavia y Georgia en su camino hacia la adhesi\u00f3n a la UE.<\/p>\n\n\n\n<p class=\"wp-block-paragraph\">El proceso de ampliaci\u00f3n de la UE hacia los Balcanes Occidentales fue objeto de una reuni\u00f3n entre el primer ministro b\u00falgaro, <strong>Nikolay Denkov<\/strong>, y la presidenta eslovena, <strong>Nata\u0161a Pirc Musar<\/strong>, el 27 de febrero. \u00abNuestra regi\u00f3n tiene un enorme potencial de desarrollo si trabajamos juntos\u00bb, declar\u00f3 Denkov, precisando que si bien Bulgaria apoya la ampliaci\u00f3n de la UE, los Estados candidatos deben cumplir sus compromisos.<\/p>\n\n\n\n<p class=\"wp-block-paragraph\">El 6 de marzo de 2024, el ministerio de Asuntos Exteriores b\u00falgaro pidi\u00f3 a Macedonia del Norte que cumpliera los compromisos pol\u00edticos asumidos en la soluci\u00f3n intermedia de 2022, que propon\u00eda modificar la Constituci\u00f3n de Macedonia del Norte para reconocer a la minor\u00eda b\u00falgara del pa\u00eds, despejando as\u00ed el camino a las conversaciones para la adhesi\u00f3n a la UE.<\/p>\n\n\n\n<p class=\"wp-block-paragraph\"><strong>\u00bfAmpliaci\u00f3n para el resto de los Balcanes Occidentales?<\/strong><\/p>\n\n\n\n<p class=\"wp-block-paragraph\">El representante especial de la UE para el Di\u00e1logo Belgrado-Pristina, <strong>Miroslav Laj\u010d\u00e1k<\/strong>, se\u00f1al\u00f3 que la UE ha abierto la puerta a la ampliaci\u00f3n, incluida la regi\u00f3n de los Balcanes Occidentales. \u00abEl ambiente en Bruselas y en los Estados miembros ha cambiado de verdad. Los miembros est\u00e1n ahora seriamente interesados en la ampliaci\u00f3n. Las puertas se est\u00e1n abriendo. Ahora se trata de aprovechar esa oportunidad. Es una cuesti\u00f3n geopol\u00edtica para Europa. Sin la regi\u00f3n de los Balcanes no hay integraci\u00f3n completa\u00bb, afirm\u00f3.<\/p>\n\n\n\n<p class=\"wp-block-paragraph\">El Consejo Europeo declar\u00f3 que las reformas internas se abordar\u00e1n en una pr\u00f3xima reuni\u00f3n, con el objetivo de adoptar conclusiones antes del verano de 2024.<\/p>\n\n\n\n<p class=\"wp-block-paragraph\">En cuanto a Macedonia del Norte, el representante especial de Estados Unidos para los Balcanes Occidentales, <strong>Gabriel Escobar<\/strong>, abog\u00f3 por que el pa\u00eds se convierta en candidato de pleno derecho a la adhesi\u00f3n a la UE. \u00abMacedonia del Norte ha sido un socio muy s\u00f3lido, tanto bilateralmente como en foros multilaterales como la OTAN y la OSCE\u00bb, public\u00f3 en X.<\/p>\n\n\n\n<figure class=\"wp-block-embed is-type-rich is-provider-twitter wp-block-embed-twitter\"><div class=\"wp-block-embed__wrapper\">\n<blockquote class=\"twitter-tweet\" data-width=\"550\" data-dnt=\"true\"><p lang=\"en\" dir=\"ltr\">\u201cNorth Macedonia should be a full candidate and an immediate candidate for European Union membership. North Macedonia has been a very solid partner, both bilaterally and in multilateral fora such as NATO and the OSCE.\u201d \u2013 Gabriel Escobar, Deputy Assistant Secretary, Bureau of\u2026 <a href=\"https:\/\/t.co\/2puc3Ekl5m\">pic.twitter.com\/2puc3Ekl5m<\/a><\/p>&mdash; U.S. Embassy North Macedonia (@USEmbassySkopje) <a href=\"https:\/\/twitter.com\/USEmbassySkopje\/status\/1768289576118825125?ref_src=twsrc%5Etfw\">March 14, 2024<\/a><\/blockquote><script async src=\"https:\/\/platform.twitter.com\/widgets.js\" charset=\"utf-8\"><\/script>\n<\/div><\/figure>\n\n\n\n<p class=\"wp-block-paragraph\">A\u00f1adi\u00f3 que la administraci\u00f3n estadounidense esperaba que el nuevo gobierno entrante se comprometiera con la OTAN, la adhesi\u00f3n a la UE y la lucha contra la corrupci\u00f3n.<\/p>\n\n\n\n<p class=\"wp-block-paragraph\"><em>Este art\u00edculo se publica semanalmente. El contenido est\u00e1 basada en las noticias de las agencias que participan en la ENR.<\/em><\/p>\n","protected":false},"excerpt":{"rendered":"<p>La decisi\u00f3n de los l\u00edderes de la UE de iniciar conver marc\u00f3 un momento hist\u00f3rico para el pa\u00eds. Considerada como un gesto pol\u00edtico en medio de los cambios geopol\u00edticos, sobre todo despu\u00e9s de que Ucrania obtuviera el estatus de candidato a la entrada a la UE, Bosnia a\u00fan se enfrenta a muchos obst\u00e1culos en su camino hacia la adhesi\u00f3n a la UE.<\/p>\n","protected":false},"author":69,"featured_media":224231,"comment_status":"closed","ping_status":"closed","sticky":false,"template":"","format":"standard","meta":{"_acf_changed":false,"_et_pb_use_builder":"","_et_pb_old_content":"","_et_gb_content_width":"","footnotes":""},"categories":[39],"tags":[13783,13782,777],"class_list":["post-224204","post","type-post","status-publish","format-standard","has-post-thumbnail","hentry","category-key-story","tag-adhesion","tag-bosnia-y-herzegovina-2","tag-ue-4"],"acf":[],"_links":{"self":[{"href":"https:\/\/europeannewsroom.com\/es\/wp-json\/wp\/v2\/posts\/224204","targetHints":{"allow":["GET"]}}],"collection":[{"href":"https:\/\/europeannewsroom.com\/es\/wp-json\/wp\/v2\/posts"}],"about":[{"href":"https:\/\/europeannewsroom.com\/es\/wp-json\/wp\/v2\/types\/post"}],"author":[{"embeddable":true,"href":"https:\/\/europeannewsroom.com\/es\/wp-json\/wp\/v2\/users\/69"}],"replies":[{"embeddable":true,"href":"https:\/\/europeannewsroom.com\/es\/wp-json\/wp\/v2\/comments?post=224204"}],"version-history":[{"count":0,"href":"https:\/\/europeannewsroom.com\/es\/wp-json\/wp\/v2\/posts\/224204\/revisions"}],"wp:featuredmedia":[{"embeddable":true,"href":"https:\/\/europeannewsroom.com\/es\/wp-json\/wp\/v2\/media\/224231"}],"wp:attachment":[{"href":"https:\/\/europeannewsroom.com\/es\/wp-json\/wp\/v2\/media?parent=224204"}],"wp:term":[{"taxonomy":"category","embeddable":true,"href":"https:\/\/europeannewsroom.com\/es\/wp-json\/wp\/v2\/categories?post=224204"},{"taxonomy":"post_tag","embeddable":true,"href":"https:\/\/europeannewsroom.com\/es\/wp-json\/wp\/v2\/tags?post=224204"}],"curies":[{"name":"wp","href":"https:\/\/api.w.org\/{rel}","templated":true}]}}