{"id":265531,"date":"2024-06-05T18:38:22","date_gmt":"2024-06-05T16:38:22","guid":{"rendered":"https:\/\/europeannewsroom.dpa.com\/?p=265531"},"modified":"2024-06-05T18:38:28","modified_gmt":"2024-06-05T16:38:28","slug":"la-ue-se-prepara-para-elecciones-cruciales-al-parlamento-europeo","status":"publish","type":"post","link":"https:\/\/europeannewsroom.com\/es\/la-ue-se-prepara-para-elecciones-cruciales-al-parlamento-europeo\/","title":{"rendered":"La UE se prepara para elecciones cruciales al Parlamento Europeo"},"content":{"rendered":"\n<p class=\"wp-block-paragraph\">De jueves a domingo, del 6 al 9 de junio, unos 370 millones de votantes est\u00e1n llamados a las urnas en los 27 estados miembros de la Uni\u00f3n Europea para elegir a los pr\u00f3ximos 720 miembros del Parlamento Europeo.<\/p>\n\n\n\n<p class=\"wp-block-paragraph\">El resultado de estas elecciones tambi\u00e9n ayudar\u00e1 a determinar la composici\u00f3n de la pr\u00f3xima Comisi\u00f3n Europea, cuyo actual jefe,<strong> Ursula von der Leyen<\/strong>, espera un segundo mandato.<\/p>\n\n\n\n<p class=\"wp-block-paragraph\">Las \u00faltimas encuestas y proyecciones muestran que la extrema derecha est\u00e1 lista para lograr ganancias significativas en el Parlamento Europeo, con partidos antes marginales que ahora est\u00e1n ganando influencia en la UE. Sin embargo, en general, se<br>espera que el centro pol\u00edtico de Europa se mantenga.<\/p>\n\n\n\n<p class=\"wp-block-paragraph\">Con el inicio de las elecciones a solo un d\u00eda, las campa\u00f1as electorales en todo el bloque est\u00e1n en la recta final, pero en algunos pa\u00edses, la votaci\u00f3n a nivel de la UE est\u00e1 siendo eclipsada por temas nacionales que captan la atenci\u00f3n de los votantes.<\/p>\n\n\n\n<h2 class=\"wp-block-heading\">La extrema derecha se prepara para ganar terreno<\/h2>\n\n\n\n<p class=\"wp-block-paragraph\">Se prev\u00e9 ampliamente que las elecciones ver\u00e1n un aumento de los legisladores de extrema derecha, seg\u00fan las encuestas de opini\u00f3n que predicen que las dos principales facciones de extrema derecha, los Conservadores y Reformistas Europeos (ECR) y el<br>grupo Identidad y Democracia (ID), ganar\u00e1n alrededor de una cuarta parte de los esca\u00f1os en el pr\u00f3ximo Parlamento.<\/p>\n\n\n\n<p class=\"wp-block-paragraph\">Un rechazo a las pol\u00edticas de cambio clim\u00e1tico, el aumento de la migraci\u00f3n, la incertidumbre econ\u00f3mica y la ira anti-establishment son algunas de las muchas razones que los analistas mencionan para explicar el auge de la extrema derecha.<\/p>\n\n\n\n<p class=\"wp-block-paragraph\">Ya a principios de a\u00f1o, el Consejo Europeo de Relaciones Exteriores (ECFR) predijo un \u00abgiro a la derecha\u00bb con partidos anti-UE ganando en nueve pa\u00edses de la UE, incluidos B\u00e9lgica, Italia y Francia. En los Pa\u00edses Bajos, el partido populista de extrema derecha<br>de <strong>Geert Wilders<\/strong>, Partido por la Libertad (PVV), form\u00f3 una coalici\u00f3n con otros tres partidos el mes pasado despu\u00e9s de ganar las elecciones generales en noviembre.<\/p>\n\n\n\n<p class=\"wp-block-paragraph\">\u00abLa realidad hoy es que hay espacio para construir una mayor\u00eda diferente en el Parlamento Europeo y para pol\u00edticas diferentes\u00bb, dijo la semana pasada la primera ministra italiana y l\u00edder del partido de derecha Hermanos de Italia (FdI), <strong>Giorgia Meloni<\/strong>.<\/p>\n\n\n\n<p class=\"wp-block-paragraph\">A nivel de la UE, el FdI forma parte del grupo ECR, del cual Meloni tambi\u00e9n es presidenta. La semana pasada, dijo que ten\u00eda varias cosas en com\u00fan con Marine Le Pen, la l\u00edder del partido de derecha franc\u00e9s Reagrupamiento Nacional (RN), que forma parte del grupo Identidad y Democracia (ID).<\/p>\n\n\n\n<p class=\"wp-block-paragraph\">\u00abEs claro que hay puntos en com\u00fan\u00bb, dijo Meloni en el Festival de Econom\u00eda de Trento. \u00abHay puntos de contacto en la lucha contra la inmigraci\u00f3n ilegal, en el enfoque hacia la transici\u00f3n verde y en la defensa de la identidad europea\u00bb.<br><\/p>\n\n\n\n<figure class=\"wp-block-image\"><img loading=\"lazy\" decoding=\"async\" width=\"1920\" height=\"1281\" src=\"https:\/\/europeannewsroom.com\/wp-content\/uploads\/2024\/06\/urnnewsmldpa.com20090101240602-99-249864-v1-s2048.jpeg\" alt=\"Die Vorsitzende der franz\u00f6sischen rechtsextremen Nationalen Sammlungsbewegung, Marine Le Pen (l), und der Spitzenkandidat der Partei f\u00fcr die bevorstehenden Europawahlen, Jordan Bardella, stehen w\u00e4hrend einer Wahlkampfveranstaltung zusammen.\" class=\"wp-image-264764\"\/><figcaption class=\"wp-element-caption\">La l\u00edder del partido de extrema derecha franc\u00e9s Reagrupamiento Nacional, Marine Le Pen (i), y el candidato principal del partido para las pr\u00f3ximas elecciones europeas, Jordan Bardella (d), posan juntos durante un evento de campa\u00f1a. Foto: Thomas Padilla\/AP\/dpa<\/figcaption><\/figure>\n\n\n\n<h1 class=\"wp-block-heading alignwide\" id=\"we-re-a-studio-in-berlin-with-an-international-practice-in-architecture-urban-planning-and-interior-design-we-believe-in-sharing-knowledge-and-promoting-dialogue-to-increase-the-creative-potential-of-collaboration\" style=\"font-size:48px;line-height:1.1\">        Un viaje accidentado en Francia<\/h1>\n\n\n\n<p class=\"wp-block-paragraph\">El partido de extrema derecha franc\u00e9s Reagrupamiento Nacional (RN) tiene una ventaja contundente para las pr\u00f3ximas elecciones al Parlamento Europeo, seg\u00fan una encuesta de opini\u00f3n publicada el domingo 2 de junio. La encuesta se realiz\u00f3 entre 1.803 personas entre el 29 y el 31 de mayo.<\/p>\n\n\n\n<p class=\"wp-block-paragraph\">El candidato principal del RN, partido de extrema derecha, <strong>Jordan Bardella<\/strong> de 28 a\u00f1os, tiene el 32,5 por ciento de las intenciones de voto en la encuesta. <strong>Val\u00e9rie Hayer,<\/strong> candidata principal del grupo Renovar Europa en el Parlamento Europeo y aliada del presidente centrista <strong>Emmanuel Macron<\/strong>, qued\u00f3 en segundo lugar con el 16 por ciento, seguida por el candidato socialista de centro-izquierda <strong>Rapha\u00ebl Glucksmann<\/strong> con el 13 por ciento.<\/p>\n\n\n\n<p class=\"wp-block-paragraph\">En el \u00e1mbito nacional en Francia, la campa\u00f1a electoral ha tenido algunos altibajos en los \u00faltimos d\u00edas.<\/p>\n\n\n\n<p class=\"wp-block-paragraph\">El lunes, el primer ministro de 35 a\u00f1os <strong>Gabriel Attal<\/strong> enfrent\u00f3 acusaciones de buscar deliberadamente eclipsar a Hayer en las elecciones europeas cuando apareci\u00f3 inesperadamente en un escenario donde ella participaba en un debate de radio.<\/p>\n\n\n\n<p class=\"wp-block-paragraph\">Attal ya hab\u00eda enfrentado acusaciones similares el mes pasado cuando, en lugar de Hayer, particip\u00f3 en un debate televisado con <strong>Jordan Bardella<\/strong>.<\/p>\n\n\n\n<h2 class=\"wp-block-heading alignwide\" id=\"we-re-a-studio-in-berlin-with-an-international-practice-in-architecture-urban-planning-and-interior-design-we-believe-in-sharing-knowledge-and-promoting-dialogue-to-increase-the-creative-potential-of-collaboration\" style=\"font-size:48px;line-height:1.1\"><a><\/a> <strong>Cuestiones nacionales desv\u00edan la atenci\u00f3n<\/strong><\/h2>\n\n\n\n<p class=\"wp-block-paragraph\">En Espa\u00f1a, la \u00faltima encuesta preelectoral del Centro de Investigaciones Sociol\u00f3gicas (CIS) predijo una victoria del Partido Socialista Obrero Espa\u00f1ol (PSOE), pero la mayor\u00eda de las otras encuestas predicen que el Partido Popular (PP) ganar\u00e1 las elecciones.<\/p>\n\n\n\n<p class=\"wp-block-paragraph\">Sin embargo, los l\u00edderes de los principales partidos pol\u00edticos se centran en los asuntos internos del pa\u00eds, como la Ley de Amnist\u00eda para la retirada de acciones legales contra varios separatistas catalanes y los casos de corrupci\u00f3n, lo que resulta en poca atenci\u00f3n para las elecciones al Parlamento Europeo.<\/p>\n\n\n\n<p class=\"wp-block-paragraph\">Mientras tanto, Portugal lucha con el temor a una baja participaci\u00f3n. Es uno de los pa\u00edses de la UE que permite el voto anticipado, lo cual se reforz\u00f3 este a\u00f1o en un intento de las autoridades portuguesas para alentar a la gente a votar. Muchos portugueses acudieron a las urnas varios d\u00edas antes el pasado domingo, tras la peor tasa de abstenci\u00f3n del pa\u00eds durante las elecciones de 2019, cuando alrededor del 69 por ciento de las personas elegibles no votaron. Esta fue la peor tasa desde que se uni\u00f3 a la UE en 1986.<\/p>\n\n\n\n<p class=\"wp-block-paragraph\">Eslovenia celebrar\u00e1 tres referendos al mismo tiempo que las elecciones europeas, incluyendo uno sobre el final de la vida asistido voluntariamente y la legalizaci\u00f3n del cannabis.<\/p>\n\n\n\n<p class=\"wp-block-paragraph\">Adem\u00e1s, el proceso de reconocimiento del Estado palestino estaba en marcha justo antes de las elecciones. Como resultado, los temas europeos no han recibido tanta atenci\u00f3n como de costumbre. El martes por la noche, el parlamento esloveno aprob\u00f3 formalmente el reconocimiento, convirtiendo a Eslovenia en el \u00faltimo pa\u00eds europeo en hacerlo despu\u00e9s de Espa\u00f1a, Irlanda y Noruega.<\/p>\n\n\n\n<p class=\"wp-block-paragraph\">Los partidos del gobierno en Eslovenia esperaban que los referendos simult\u00e1neos aumentaran la participaci\u00f3n en las elecciones europeas. Una encuesta encargada por el diario nacional Delo el pasado viernes mostr\u00f3 que el 39 por ciento acudir\u00eda a votar, diez puntos porcentuales m\u00e1s que en las \u00faltimas elecciones de la UE, y en general, una mayor participaci\u00f3n que en cualquier elecci\u00f3n de la UE en Eslovenia hasta ahora.<\/p>\n\n\n\n<p class=\"wp-block-paragraph\">En Eslovaquia, el ataque al primer ministro pro-Rusia <strong>Robert Fico<\/strong> ha sacudido la campa\u00f1a y podr\u00eda aumentar el apoyo a su coalici\u00f3n populista.<\/p>\n\n\n\n<p class=\"wp-block-paragraph\">En Polonia, donde el gobierno pro-UE de <strong>Donald Tusk<\/strong> lleg\u00f3 al poder a finales de 2023, la campa\u00f1a sigui\u00f3 marcada por los agricultores enojados, apoyados por el partido opositor nacionalista de derecha Ley y Justicia (PiS).<\/p>\n\n\n\n<h2 class=\"wp-block-heading alignwide\" id=\"we-re-a-studio-in-berlin-with-an-international-practice-in-architecture-urban-planning-and-interior-design-we-believe-in-sharing-knowledge-and-promoting-dialogue-to-increase-the-creative-potential-of-collaboration\" style=\"font-size:48px;line-height:1.1\"><a><\/a> <strong>La migraci\u00f3n en la mente de los votantes<\/strong><\/h2>\n\n\n\n<p class=\"wp-block-paragraph\">Los votantes de la UE, seg\u00fan encuestas, est\u00e1n sopesando temas que abarcan desde la guerra en Ucrania, las perspectivas econ\u00f3micas, el proteccionismo comercial, incluso con Estados Unidos y el riesgo de la inteligencia artificial (IA) para los empleos, la migraci\u00f3n y tambi\u00e9n el cambio clim\u00e1tico.<\/p>\n\n\n\n<p class=\"wp-block-paragraph\">En Austria, por ejemplo, seg\u00fan una encuesta de la Sociedad Austriaca para la Pol\u00edtica Europea que encuest\u00f3 a 5.400 personas, una pol\u00edtica uniforme de migraci\u00f3n y asilo de la UE (56 por ciento) y reducir la brecha entre ricos y pobres (55 por ciento) est\u00e1n entre las prioridades m\u00e1s altas para los ciudadanos.<\/p>\n\n\n\n<p class=\"wp-block-paragraph\">En la Rep\u00fablica Checa, los grupos populistas de extrema derecha como Libertad y Democracia Directa (Svoboda a p\u0159\u00edm\u00e1 demokracie, o SPD) han logrado hacer del tema de la migraci\u00f3n una cuesti\u00f3n importante en estas elecciones tambi\u00e9n. Afirma que el gobierno negoci\u00f3 un mal Pacto de Migraci\u00f3n y Asilo para la Rep\u00fablica Checa y, por lo tanto, invit\u00f3 a migrantes a Europa y a la Rep\u00fablica Checa.<\/p>\n\n\n\n<p class=\"wp-block-paragraph\">ANO 2011, el partido del ex primer ministro <strong>Andrej Babi\u0161<\/strong>, que forma parte del grupo Renovar Europa en el Parlamento Europeo, se ha convertido gradualmente en uno de los cr\u00edticos m\u00e1s vocales de la UE. Se opone firmemente al Pacto Verde Europeo y al recientemente adoptado Pacto de Migraci\u00f3n y Asilo. Seg\u00fan encuestas de mayo, ANO 2011 est\u00e1 listo para ganar las elecciones con el 23,1 por ciento de los votos.<\/p>\n\n\n\n<figure class=\"wp-block-image\"><img loading=\"lazy\" decoding=\"async\" width=\"1024\" height=\"683\" src=\"https:\/\/europeannewsroom.com\/wp-content\/uploads\/2024\/01\/zastava-bih-1024x683.jpg\" alt=\"\" class=\"wp-image-189933\" srcset=\"https:\/\/europeannewsroom.com\/wp-content\/uploads\/2024\/01\/zastava-bih-980x653.jpg 980w, https:\/\/europeannewsroom.com\/wp-content\/uploads\/2024\/01\/zastava-bih-480x320.jpg 480w\" sizes=\"(min-width: 0px) and (max-width: 480px) 480px, (min-width: 481px) and (max-width: 980px) 980px, (min-width: 981px) 1024px, 100vw\" \/><figcaption class=\"wp-element-caption\"><em>La bandera de Bosnia y Herzegovina. Foto: FENA\/Harun Muminovic<\/em><\/figcaption><\/figure>\n\n\n\n<h2 class=\"wp-block-heading alignwide\" id=\"we-re-a-studio-in-berlin-with-an-international-practice-in-architecture-urban-planning-and-interior-design-we-believe-in-sharing-knowledge-and-promoting-dialogue-to-increase-the-creative-potential-of-collaboration\" style=\"font-size:48px;line-height:1.1\"><strong>Votaci\u00f3n en el vecindario de la UE<\/strong><\/h2>\n\n\n\n<p class=\"wp-block-paragraph\">Si bien los pa\u00edses europeos que no son miembros de la UE no pueden votar en las elecciones al Parlamento Europeo, en algunos pa\u00edses a\u00fan se llevan a cabo campa\u00f1as.<\/p>\n\n\n\n<p class=\"wp-block-paragraph\">Un ejemplo es Bosnia y Herzegovina (BiH). El 9 de junio, los ciudadanos croatas en BiH elegir\u00e1n a doce eurodiputados de entre 300 candidatos y 25 listas. Las elecciones se celebrar\u00e1n en siete lugares de todo el pa\u00eds.<\/p>\n\n\n\n<p class=\"wp-block-paragraph\">BiH no tiene sus propios representantes en el Parlamento Europeo porque no es miembro de la UE, pero la pol\u00edtica de los representantes croatas a menudo se centra en abogar por la ampliaci\u00f3n de la UE y otros temas importantes para BiH, especialmente porque los croatas viven en el pa\u00eds como un pueblo constituyente.<\/p>\n\n\n\n<p class=\"wp-block-paragraph\">Sin embargo, los ciudadanos eslovenos, polacos y rumanos no podr\u00e1n votar en las elecciones al Parlamento Europeo en BiH, porque el gobierno no dio su consentimiento tras la oposici\u00f3n de los ministros de nacionalidad serbia. En Ljubljana, esta decisi\u00f3n fue descrita como inaceptable y el Ministerio de Relaciones Exteriores convoc\u00f3 al encargado de negocios interino bosnio en Eslovenia para expresar su protesta.<\/p>\n\n\n\n<p class=\"wp-block-paragraph\">Este art\u00edculo se publica semanalmente. El contenido se basa en noticias de agencias que participan en la enr.<\/p>\n","protected":false},"excerpt":{"rendered":"<p>Del jueves al domingo, los votantes de toda la Uni\u00f3n Europea acudir\u00e1n a las urnas para elegir a los pr\u00f3ximos miembros del Parlamento Europeo. Las campa\u00f1as est\u00e1n en pleno apogeo y se espera que la extrema derecha gane terreno en el Parlamento, pero en algunos Estados miembros las cuestiones nacionales parecen estar ocupando un lugar central.<\/p>\n","protected":false},"author":49,"featured_media":265532,"comment_status":"closed","ping_status":"closed","sticky":false,"template":"","format":"standard","meta":{"_acf_changed":false,"_et_pb_use_builder":"","_et_pb_old_content":"","_et_gb_content_width":"","footnotes":""},"categories":[39],"tags":[10349],"class_list":["post-265531","post","type-post","status-publish","format-standard","has-post-thumbnail","hentry","category-key-story","tag-elecciones-europeas"],"acf":[],"_links":{"self":[{"href":"https:\/\/europeannewsroom.com\/es\/wp-json\/wp\/v2\/posts\/265531","targetHints":{"allow":["GET"]}}],"collection":[{"href":"https:\/\/europeannewsroom.com\/es\/wp-json\/wp\/v2\/posts"}],"about":[{"href":"https:\/\/europeannewsroom.com\/es\/wp-json\/wp\/v2\/types\/post"}],"author":[{"embeddable":true,"href":"https:\/\/europeannewsroom.com\/es\/wp-json\/wp\/v2\/users\/49"}],"replies":[{"embeddable":true,"href":"https:\/\/europeannewsroom.com\/es\/wp-json\/wp\/v2\/comments?post=265531"}],"version-history":[{"count":0,"href":"https:\/\/europeannewsroom.com\/es\/wp-json\/wp\/v2\/posts\/265531\/revisions"}],"wp:featuredmedia":[{"embeddable":true,"href":"https:\/\/europeannewsroom.com\/es\/wp-json\/wp\/v2\/media\/265532"}],"wp:attachment":[{"href":"https:\/\/europeannewsroom.com\/es\/wp-json\/wp\/v2\/media?parent=265531"}],"wp:term":[{"taxonomy":"category","embeddable":true,"href":"https:\/\/europeannewsroom.com\/es\/wp-json\/wp\/v2\/categories?post=265531"},{"taxonomy":"post_tag","embeddable":true,"href":"https:\/\/europeannewsroom.com\/es\/wp-json\/wp\/v2\/tags?post=265531"}],"curies":[{"name":"wp","href":"https:\/\/api.w.org\/{rel}","templated":true}]}}